{"id":39427,"date":"2019-12-09T06:48:07","date_gmt":"2019-12-09T09:48:07","guid":{"rendered":"http:\/\/blogdoeloiltoncajuhy.com.br\/site\/?p=39427"},"modified":"2019-12-09T06:48:12","modified_gmt":"2019-12-09T09:48:12","slug":"com-o-tema-historias-e-reflexoes-da-nossa-cor-prefeitura-de-jaguarari-promove-1a-noite-cultural","status":"publish","type":"post","link":"https:\/\/blogdoeloiltoncajuhy.com.br\/site\/com-o-tema-historias-e-reflexoes-da-nossa-cor-prefeitura-de-jaguarari-promove-1a-noite-cultural\/","title":{"rendered":"Com o tema &#8220;Historias e Reflex\u00f5es da Nossa Cor&#8221;, Prefeitura de Jaguarari promove 1\u00aa Noite Cultural"},"content":{"rendered":"\n<p><strong>ASCOM &#8211; Prefeitura de Jaguarari-BA<\/strong><\/p>\n\n\n\n<div class=\"wp-block-image\"><figure class=\"aligncenter size-large is-resized\"><img fetchpriority=\"high\" decoding=\"async\" src=\"https:\/\/i2.wp.com\/blogdoeloiltoncajuhy.com.br\/site\/wp-content\/uploads\/2019\/12\/PMJ_PrimeiraNoiteCultural-01.jpg?fit=590%2C443\" alt=\"\" class=\"wp-image-39428\" width=\"443\" height=\"332\" srcset=\"https:\/\/i0.wp.com\/blogdoeloiltoncajuhy.com.br\/site\/wp-content\/uploads\/2019\/12\/PMJ_PrimeiraNoiteCultural-01.jpg?w=1600&amp;ssl=1 1600w, https:\/\/i0.wp.com\/blogdoeloiltoncajuhy.com.br\/site\/wp-content\/uploads\/2019\/12\/PMJ_PrimeiraNoiteCultural-01.jpg?resize=300%2C225&amp;ssl=1 300w, https:\/\/i0.wp.com\/blogdoeloiltoncajuhy.com.br\/site\/wp-content\/uploads\/2019\/12\/PMJ_PrimeiraNoiteCultural-01.jpg?resize=1024%2C768&amp;ssl=1 1024w, https:\/\/i0.wp.com\/blogdoeloiltoncajuhy.com.br\/site\/wp-content\/uploads\/2019\/12\/PMJ_PrimeiraNoiteCultural-01.jpg?resize=768%2C576&amp;ssl=1 768w, https:\/\/i0.wp.com\/blogdoeloiltoncajuhy.com.br\/site\/wp-content\/uploads\/2019\/12\/PMJ_PrimeiraNoiteCultural-01.jpg?resize=1536%2C1152&amp;ssl=1 1536w, https:\/\/i0.wp.com\/blogdoeloiltoncajuhy.com.br\/site\/wp-content\/uploads\/2019\/12\/PMJ_PrimeiraNoiteCultural-01.jpg?resize=250%2C188&amp;ssl=1 250w\" sizes=\"(max-width: 443px) 100vw, 443px\" \/><\/figure><\/div>\n\n\n\n<p>Na \u00faltima sexta-feira (06), a prefeitura de Jaguarari, atrav\u00e9s da Secretaria de Educa\u00e7\u00e3o, promoveu a 1\u00aa Noite Cultural, que teve como tema &#8220;Historias e Reflex\u00f5es da Nossa Cor&#8221;. Atrav\u00e9s de desfiles, apresenta\u00e7\u00f5es culturais, de dan\u00e7a, teatro, leitura de poesias e cord\u00e9is, apresentadas pelos alunos das escolas da rede municipal, ficaram ainda mais evidentes toda a representatividade cultural negra existente em Jaguarari.<\/p>\n\n\n\n<div class=\"wp-block-image\"><figure class=\"aligncenter size-large is-resized\"><img decoding=\"async\" src=\"https:\/\/i2.wp.com\/blogdoeloiltoncajuhy.com.br\/site\/wp-content\/uploads\/2019\/12\/PMJ_PrimeiraNoiteCultural-02.jpg?fit=590%2C443\" alt=\"\" class=\"wp-image-39429\" width=\"443\" height=\"332\" srcset=\"https:\/\/i0.wp.com\/blogdoeloiltoncajuhy.com.br\/site\/wp-content\/uploads\/2019\/12\/PMJ_PrimeiraNoiteCultural-02.jpg?w=1600&amp;ssl=1 1600w, https:\/\/i0.wp.com\/blogdoeloiltoncajuhy.com.br\/site\/wp-content\/uploads\/2019\/12\/PMJ_PrimeiraNoiteCultural-02.jpg?resize=300%2C225&amp;ssl=1 300w, https:\/\/i0.wp.com\/blogdoeloiltoncajuhy.com.br\/site\/wp-content\/uploads\/2019\/12\/PMJ_PrimeiraNoiteCultural-02.jpg?resize=1024%2C768&amp;ssl=1 1024w, https:\/\/i0.wp.com\/blogdoeloiltoncajuhy.com.br\/site\/wp-content\/uploads\/2019\/12\/PMJ_PrimeiraNoiteCultural-02.jpg?resize=768%2C576&amp;ssl=1 768w, https:\/\/i0.wp.com\/blogdoeloiltoncajuhy.com.br\/site\/wp-content\/uploads\/2019\/12\/PMJ_PrimeiraNoiteCultural-02.jpg?resize=1536%2C1152&amp;ssl=1 1536w, https:\/\/i0.wp.com\/blogdoeloiltoncajuhy.com.br\/site\/wp-content\/uploads\/2019\/12\/PMJ_PrimeiraNoiteCultural-02.jpg?resize=250%2C188&amp;ssl=1 250w\" sizes=\"(max-width: 443px) 100vw, 443px\" \/><\/figure><\/div>\n\n\n\n<p>Dentro da programa\u00e7\u00e3o cultural, ainda no per\u00edodo da manh\u00e3, alunos da Escola Municipal Luiz Viana se divertiram e fizeram arte atrav\u00e9s da produ\u00e7\u00e3o de diversas pinturas e desenhos nos muros internos da escola.<\/p>\n\n\n\n<p>A aluna Lorrayne Dias da Silva falou sobre o evento. <em>&#8220;Eventos como esses s\u00e3o importantes, pois mostram um pouco do que representa a arte, a cultura e o que \u00e9 ser negro&#8221;<\/em>.<\/p>\n\n\n\n<p>Ao final da 1\u00aa Noite Cultural, a Mestre em Capoeira Amazonas foi homenageada por todo seu empenho e contribui\u00e7\u00e3o cultural na difus\u00e3o da capoeira, arte que tem origem negra e que de forma brilhante \u00e9 repassada aos seus alunos em Jaguarari.<\/p>\n\n\n\n<div class=\"wp-block-image\"><figure class=\"aligncenter size-large is-resized\"><img decoding=\"async\" src=\"https:\/\/i0.wp.com\/blogdoeloiltoncajuhy.com.br\/site\/wp-content\/uploads\/2019\/12\/PMJ_PrimeiraNoiteCultural-03.jpg?fit=590%2C443\" alt=\"\" class=\"wp-image-39430\" width=\"443\" height=\"332\" srcset=\"https:\/\/i0.wp.com\/blogdoeloiltoncajuhy.com.br\/site\/wp-content\/uploads\/2019\/12\/PMJ_PrimeiraNoiteCultural-03.jpg?w=1600&amp;ssl=1 1600w, https:\/\/i0.wp.com\/blogdoeloiltoncajuhy.com.br\/site\/wp-content\/uploads\/2019\/12\/PMJ_PrimeiraNoiteCultural-03.jpg?resize=300%2C225&amp;ssl=1 300w, https:\/\/i0.wp.com\/blogdoeloiltoncajuhy.com.br\/site\/wp-content\/uploads\/2019\/12\/PMJ_PrimeiraNoiteCultural-03.jpg?resize=1024%2C768&amp;ssl=1 1024w, https:\/\/i0.wp.com\/blogdoeloiltoncajuhy.com.br\/site\/wp-content\/uploads\/2019\/12\/PMJ_PrimeiraNoiteCultural-03.jpg?resize=768%2C576&amp;ssl=1 768w, https:\/\/i0.wp.com\/blogdoeloiltoncajuhy.com.br\/site\/wp-content\/uploads\/2019\/12\/PMJ_PrimeiraNoiteCultural-03.jpg?resize=1536%2C1152&amp;ssl=1 1536w, https:\/\/i0.wp.com\/blogdoeloiltoncajuhy.com.br\/site\/wp-content\/uploads\/2019\/12\/PMJ_PrimeiraNoiteCultural-03.jpg?resize=250%2C188&amp;ssl=1 250w\" sizes=\"(max-width: 443px) 100vw, 443px\" \/><\/figure><\/div>\n","protected":false},"excerpt":{"rendered":"<p>ASCOM &#8211; Prefeitura de Jaguarari-BA Na \u00faltima sexta-feira (06), a prefeitura de Jaguarari, atrav\u00e9s da Secretaria de Educa\u00e7\u00e3o, promoveu a 1\u00aa Noite Cultural, que teve como tema &#8220;Historias e Reflex\u00f5es da Nossa Cor&#8221;. Atrav\u00e9s de desfiles, apresenta\u00e7\u00f5es culturais, de dan\u00e7a, teatro, leitura de poesias e cord\u00e9is, apresentadas pelos alunos das escolas da rede municipal, ficaram [&hellip;]<\/p>\n","protected":false},"author":2,"featured_media":39430,"comment_status":"open","ping_status":"open","sticky":false,"template":"","format":"standard","meta":{"_acf_changed":false,"_monsterinsights_skip_tracking":false,"_monsterinsights_sitenote_active":false,"_monsterinsights_sitenote_note":"","_monsterinsights_sitenote_category":0,"_jetpack_memberships_contains_paid_content":false,"footnotes":"","jetpack_publicize_message":"","jetpack_publicize_feature_enabled":true,"jetpack_social_post_already_shared":true,"jetpack_social_options":{"image_generator_settings":{"template":"highway","default_image_id":0,"font":"","enabled":false},"version":2}},"categories":[1,3,11],"tags":[],"class_list":["post-39427","post","type-post","status-publish","format-standard","has-post-thumbnail","hentry","category-noticias","category-politica","category-regional"],"acf":[],"jetpack_publicize_connections":[],"jetpack_featured_media_url":"https:\/\/i0.wp.com\/blogdoeloiltoncajuhy.com.br\/site\/wp-content\/uploads\/2019\/12\/PMJ_PrimeiraNoiteCultural-03.jpg?fit=1600%2C1200&ssl=1","jetpack_sharing_enabled":true,"publishpress_future_workflow_manual_trigger":{"enabledWorkflows":[]},"_links":{"self":[{"href":"https:\/\/blogdoeloiltoncajuhy.com.br\/site\/wp-json\/wp\/v2\/posts\/39427","targetHints":{"allow":["GET"]}}],"collection":[{"href":"https:\/\/blogdoeloiltoncajuhy.com.br\/site\/wp-json\/wp\/v2\/posts"}],"about":[{"href":"https:\/\/blogdoeloiltoncajuhy.com.br\/site\/wp-json\/wp\/v2\/types\/post"}],"author":[{"embeddable":true,"href":"https:\/\/blogdoeloiltoncajuhy.com.br\/site\/wp-json\/wp\/v2\/users\/2"}],"replies":[{"embeddable":true,"href":"https:\/\/blogdoeloiltoncajuhy.com.br\/site\/wp-json\/wp\/v2\/comments?post=39427"}],"version-history":[{"count":1,"href":"https:\/\/blogdoeloiltoncajuhy.com.br\/site\/wp-json\/wp\/v2\/posts\/39427\/revisions"}],"predecessor-version":[{"id":39431,"href":"https:\/\/blogdoeloiltoncajuhy.com.br\/site\/wp-json\/wp\/v2\/posts\/39427\/revisions\/39431"}],"wp:featuredmedia":[{"embeddable":true,"href":"https:\/\/blogdoeloiltoncajuhy.com.br\/site\/wp-json\/wp\/v2\/media\/39430"}],"wp:attachment":[{"href":"https:\/\/blogdoeloiltoncajuhy.com.br\/site\/wp-json\/wp\/v2\/media?parent=39427"}],"wp:term":[{"taxonomy":"category","embeddable":true,"href":"https:\/\/blogdoeloiltoncajuhy.com.br\/site\/wp-json\/wp\/v2\/categories?post=39427"},{"taxonomy":"post_tag","embeddable":true,"href":"https:\/\/blogdoeloiltoncajuhy.com.br\/site\/wp-json\/wp\/v2\/tags?post=39427"}],"curies":[{"name":"wp","href":"https:\/\/api.w.org\/{rel}","templated":true}]}}