{"id":39408,"date":"2019-12-08T10:43:15","date_gmt":"2019-12-08T13:43:15","guid":{"rendered":"http:\/\/blogdoeloiltoncajuhy.com.br\/site\/?p=39408"},"modified":"2019-12-08T10:43:21","modified_gmt":"2019-12-08T13:43:21","slug":"concursos-11-orgaos-abrem-inscricoes-para-14-mil-vagas-nesta-segunda-feira-09","status":"publish","type":"post","link":"https:\/\/blogdoeloiltoncajuhy.com.br\/site\/concursos-11-orgaos-abrem-inscricoes-para-14-mil-vagas-nesta-segunda-feira-09\/","title":{"rendered":"Concursos: 11 \u00f3rg\u00e3os abrem inscri\u00e7\u00f5es para 1,4 mil vagas nesta segunda-feira (09)"},"content":{"rendered":"\n<h5 class=\"has-text-align-center wp-block-heading\"><em>Cargos s\u00e3o de todos os n\u00edveis de escolaridade. Sal\u00e1rios chegam a R$ 17,7 mil na prefeitura de Cafel\u00e2ndia, no Paran\u00e1<\/em><\/h5>\n\n\n\n<p><strong>Por G1<\/strong><\/p>\n\n\n\n<div class=\"wp-block-image\"><figure class=\"aligncenter size-large\"><img data-recalc-dims=\"1\" fetchpriority=\"high\" decoding=\"async\" width=\"800\" height=\"523\" src=\"https:\/\/i0.wp.com\/blogdoeloiltoncajuhy.com.br\/site\/wp-content\/uploads\/2019\/06\/concursos_jun2019.jpeg?resize=800%2C523\" alt=\"\" class=\"wp-image-34896\" srcset=\"https:\/\/i0.wp.com\/blogdoeloiltoncajuhy.com.br\/site\/wp-content\/uploads\/2019\/06\/concursos_jun2019.jpeg?w=984&amp;ssl=1 984w, https:\/\/i0.wp.com\/blogdoeloiltoncajuhy.com.br\/site\/wp-content\/uploads\/2019\/06\/concursos_jun2019.jpeg?resize=300%2C196&amp;ssl=1 300w, https:\/\/i0.wp.com\/blogdoeloiltoncajuhy.com.br\/site\/wp-content\/uploads\/2019\/06\/concursos_jun2019.jpeg?resize=768%2C502&amp;ssl=1 768w, https:\/\/i0.wp.com\/blogdoeloiltoncajuhy.com.br\/site\/wp-content\/uploads\/2019\/06\/concursos_jun2019.jpeg?resize=250%2C163&amp;ssl=1 250w\" sizes=\"(max-width: 800px) 100vw, 800px\" \/><\/figure><\/div>\n\n\n\n<p>Pelo menos 11 \u00f3rg\u00e3os abrem as inscri\u00e7\u00f5es nesta segunda-feira (9) para 1.464 vagas para cargos de todos os n\u00edveis de escolaridade. As oportunidades s\u00e3o para seis estados. S\u00f3 na prefeitura de Timba\u00faba, Pernambuco, s\u00e3o 686 vagas. Os sal\u00e1rios chegam a R$ 17.711,60 na Prefeitura de Cafel\u00e2ndia, no Paran\u00e1.<\/p>\n\n\n\n<ul class=\"wp-block-list\"><li><a rel=\"noreferrer noopener\" href=\"http:\/\/especiais.g1.globo.com\/economia\/concursos-e-emprego\/lista-de-concursos-publicos-e-vagas-de-emprego\/?_ga=2.205517776.1710104652.1575289311-943863168.1509360694\" target=\"_blank\"><strong><em>CONFIRA AQUI A LISTA COMPLETA DE CONCURSOS E OPORTUNIDADES<\/em><\/strong><\/a><\/li><\/ul>\n\n\n\n<p>Veja abaixo mais detalhes sobre os processos seletivos:<\/p>\n\n\n\n<h2 class=\"wp-block-heading\">Empresa Municipal de Obras P\u00fablicas e Servi\u00e7os de Divin\u00f3polis (MG)<\/h2>\n\n\n\n<ul class=\"wp-block-list\"><li><strong>Inscri\u00e7\u00f5es<\/strong>: at\u00e9 09\/01\/2020<\/li><li><strong>Vagas<\/strong>: 38<\/li><li><strong>Sal\u00e1rios<\/strong>: at\u00e9 R$ 1.708,42<\/li><li><strong>Cargos<\/strong>: fundamental e m\u00e9dio<\/li><li><a href=\"https:\/\/asectta.listaeditais.com.br\/edital\/ver\/2337\" target=\"_blank\" rel=\"noreferrer noopener\">Veja o edital<\/a><\/li><\/ul>\n\n\n\n<h2 class=\"wp-block-heading\">Prefeitura de Cafel\u00e2ndia (PR)<\/h2>\n\n\n\n<ul class=\"wp-block-list\"><li><strong>Inscri\u00e7\u00f5es<\/strong>: at\u00e9 07\/01\/2020<\/li><li><strong>Vagas<\/strong>: 6<\/li><li><strong>Sal\u00e1rios<\/strong>: at\u00e9 R$ 17.711,60<\/li><li><strong>Cargos<\/strong>: alfabetizado, fundamental, m\u00e9dio e superior<\/li><li><a href=\"https:\/\/www.fundacaofafipa.org.br\/informacoes\/3703\" target=\"_blank\" rel=\"noreferrer noopener\">Veja o edital<\/a><\/li><\/ul>\n\n\n\n<h2 class=\"wp-block-heading\">Prefeitura de Carlinda (MT)<\/h2>\n\n\n\n<ul class=\"wp-block-list\"><li><strong>Inscri\u00e7\u00f5es<\/strong>: at\u00e9 17\/12\/2019<\/li><li><strong>Vagas<\/strong>: 23<\/li><li><strong>Sal\u00e1rios<\/strong>: at\u00e9 R$ 2.716,04<\/li><li><strong>Cargos<\/strong>: superior<\/li><li><a href=\"https:\/\/www.carlinda.mt.gov.br\/Editais\/Processos-Seletivos\/\" target=\"_blank\" rel=\"noreferrer noopener\">Veja o edital<\/a><\/li><\/ul>\n\n\n\n<h2 class=\"wp-block-heading\">Prefeitura de Ibi\u00e1 (MG)<\/h2>\n\n\n\n<ul class=\"wp-block-list\"><li><strong>Inscri\u00e7\u00f5es<\/strong>: at\u00e9 10\/01\/2020<\/li><li><strong>Vagas<\/strong>: 150<\/li><li><strong>Sal\u00e1rios<\/strong>: at\u00e9 R$ 15.813,81<\/li><li><strong>Cargos<\/strong>: fundamental, m\u00e9dio e superior<\/li><li><a href=\"https:\/\/imam.org.br\/sitenoticia\/processo_seletivo.aspx\" target=\"_blank\" rel=\"noreferrer noopener\">Veja o edital<\/a><\/li><\/ul>\n\n\n\n<h2 class=\"wp-block-heading\">Prefeitura de Imperatriz (MA)<\/h2>\n\n\n\n<ul class=\"wp-block-list\"><li><strong>Inscri\u00e7\u00f5es<\/strong>: at\u00e9 26\/12\/2019<\/li><li><strong>Vagas<\/strong>: 9<\/li><li><strong>Sal\u00e1rios<\/strong>: at\u00e9 R$ 1.264,92<\/li><li><strong>Cargos<\/strong>: m\u00e9dio<\/li><li><a href=\"https:\/\/www.fsadu.org.br\/c\/1285\/info.php\" target=\"_blank\" rel=\"noreferrer noopener\">Veja o edital<\/a><\/li><\/ul>\n\n\n\n<h2 class=\"wp-block-heading\">Prefeitura de Lajedo (PE)<\/h2>\n\n\n\n<ul class=\"wp-block-list\"><li><strong>Inscri\u00e7\u00f5es<\/strong>: at\u00e9 28\/02\/2020<\/li><li><strong>Vagas<\/strong>: 107<\/li><li><strong>Sal\u00e1rios<\/strong>: at\u00e9 R$ 1.841,41<\/li><li><strong>Cargos<\/strong>: fundamental, m\u00e9dio e superior<\/li><li><a href=\"https:\/\/site.admtec.org.br\/prefeitura-de-lajedo-pe\" target=\"_blank\" rel=\"noreferrer noopener\">Veja o edital<\/a><\/li><\/ul>\n\n\n\n<h2 class=\"wp-block-heading\">Prefeitura de S\u00e3o Bento do Una (PE)<\/h2>\n\n\n\n<ul class=\"wp-block-list\"><li><strong>Inscri\u00e7\u00f5es<\/strong>: at\u00e9 16\/12\/2019<\/li><li><strong>Vagas<\/strong>: 181<\/li><li><strong>Sal\u00e1rios<\/strong>: at\u00e9 R$ 11,50\/hora<\/li><li><strong>Cargos<\/strong>: superior<\/li><li><a href=\"https:\/\/www.saobentodouna.pe.gov.br\/v1\/\" target=\"_blank\" rel=\"noreferrer noopener\">Veja o edital<\/a><\/li><\/ul>\n\n\n\n<h2 class=\"wp-block-heading\">Prefeitura de S\u00e3o Sebasti\u00e3o do Para\u00edso (MG)<\/h2>\n\n\n\n<ul class=\"wp-block-list\"><li><strong>Inscri\u00e7\u00f5es<\/strong>: at\u00e9 R$ 20.458,48<\/li><li><strong>Vagas<\/strong>: 229<\/li><li><strong>Sal\u00e1rios<\/strong>: at\u00e9 16\/01\/2020<\/li><li><strong>Cargos<\/strong>: fundamental, m\u00e9dio e superior<\/li><li><a href=\"https:\/\/imam.org.br\/sitenoticia\/processo_seletivo.aspx\" target=\"_blank\" rel=\"noreferrer noopener\">Veja o edital<\/a><\/li><\/ul>\n\n\n\n<h2 class=\"wp-block-heading\">Prefeitura de Timba\u00faba (PE)<\/h2>\n\n\n\n<ul class=\"wp-block-list\"><li><strong>Inscri\u00e7\u00f5es<\/strong>: at\u00e9 17\/01\/2020<\/li><li><strong>Vagas<\/strong>: 686<\/li><li><strong>Sal\u00e1rios<\/strong>: at\u00e9 R$ 8.800,00<\/li><li><strong>Cargos<\/strong>: fundamental, m\u00e9dio, t\u00e9cnico e superior<\/li><li><a href=\"https:\/\/institutodarwin.com\/concurso28\/28\" target=\"_blank\" rel=\"noreferrer noopener\">Veja o edital<\/a><\/li><\/ul>\n\n\n\n<h2 class=\"wp-block-heading\">Prefeitura de V\u00e1rzea Paulista (SP)<\/h2>\n\n\n\n<ul class=\"wp-block-list\"><li><strong>Inscri\u00e7\u00f5es<\/strong>: at\u00e9 13\/01\/2020<\/li><li><strong>Vagas<\/strong>: 10<\/li><li><strong>Sal\u00e1rios<\/strong>: at\u00e9 R$ 1.606,96<\/li><li><strong>Cargos<\/strong>: m\u00e9dio<\/li><li><a href=\"https:\/\/www.vunesp.com.br\/PVPA1903\" target=\"_blank\" rel=\"noreferrer noopener\">Veja o edital<\/a><\/li><\/ul>\n\n\n\n<h2 class=\"wp-block-heading\">Secretaria de Estado da Sa\u00fade de S\u00e3o Paulo<\/h2>\n\n\n\n<ul class=\"wp-block-list\"><li><strong>Inscri\u00e7\u00f5es<\/strong>: at\u00e9 24\/01\/2020<\/li><li><strong>Vagas<\/strong>: 25<\/li><li><strong>Sal\u00e1rios<\/strong>: at\u00e9 R$ 1.142,64<\/li><li><strong>Cargos<\/strong>: m\u00e9dio<\/li><li><a href=\"https:\/\/www.vunesp.com.br\/SESA1901\" target=\"_blank\" rel=\"noreferrer noopener\">Veja o edital<\/a><\/li><\/ul>\n","protected":false},"excerpt":{"rendered":"<p>Cargos s\u00e3o de todos os n\u00edveis de escolaridade. Sal\u00e1rios chegam a R$ 17,7 mil na prefeitura de Cafel\u00e2ndia, no Paran\u00e1 Por G1 Pelo menos 11 \u00f3rg\u00e3os abrem as inscri\u00e7\u00f5es nesta segunda-feira (9) para 1.464 vagas para cargos de todos os n\u00edveis de escolaridade. As oportunidades s\u00e3o para seis estados. S\u00f3 na prefeitura de Timba\u00faba, Pernambuco, [&hellip;]<\/p>\n","protected":false},"author":2,"featured_media":0,"comment_status":"open","ping_status":"open","sticky":false,"template":"","format":"standard","meta":{"_acf_changed":false,"_monsterinsights_skip_tracking":false,"_monsterinsights_sitenote_active":false,"_monsterinsights_sitenote_note":"","_monsterinsights_sitenote_category":0,"_jetpack_memberships_contains_paid_content":false,"footnotes":"","jetpack_publicize_message":"","jetpack_publicize_feature_enabled":true,"jetpack_social_post_already_shared":true,"jetpack_social_options":{"image_generator_settings":{"template":"highway","default_image_id":0,"font":"","enabled":false},"version":2}},"categories":[5,1],"tags":[],"class_list":["post-39408","post","type-post","status-publish","format-standard","hentry","category-cotidiano","category-noticias"],"acf":[],"jetpack_publicize_connections":[],"jetpack_featured_media_url":"","jetpack_sharing_enabled":true,"publishpress_future_workflow_manual_trigger":{"enabledWorkflows":[]},"_links":{"self":[{"href":"https:\/\/blogdoeloiltoncajuhy.com.br\/site\/wp-json\/wp\/v2\/posts\/39408","targetHints":{"allow":["GET"]}}],"collection":[{"href":"https:\/\/blogdoeloiltoncajuhy.com.br\/site\/wp-json\/wp\/v2\/posts"}],"about":[{"href":"https:\/\/blogdoeloiltoncajuhy.com.br\/site\/wp-json\/wp\/v2\/types\/post"}],"author":[{"embeddable":true,"href":"https:\/\/blogdoeloiltoncajuhy.com.br\/site\/wp-json\/wp\/v2\/users\/2"}],"replies":[{"embeddable":true,"href":"https:\/\/blogdoeloiltoncajuhy.com.br\/site\/wp-json\/wp\/v2\/comments?post=39408"}],"version-history":[{"count":1,"href":"https:\/\/blogdoeloiltoncajuhy.com.br\/site\/wp-json\/wp\/v2\/posts\/39408\/revisions"}],"predecessor-version":[{"id":39409,"href":"https:\/\/blogdoeloiltoncajuhy.com.br\/site\/wp-json\/wp\/v2\/posts\/39408\/revisions\/39409"}],"wp:attachment":[{"href":"https:\/\/blogdoeloiltoncajuhy.com.br\/site\/wp-json\/wp\/v2\/media?parent=39408"}],"wp:term":[{"taxonomy":"category","embeddable":true,"href":"https:\/\/blogdoeloiltoncajuhy.com.br\/site\/wp-json\/wp\/v2\/categories?post=39408"},{"taxonomy":"post_tag","embeddable":true,"href":"https:\/\/blogdoeloiltoncajuhy.com.br\/site\/wp-json\/wp\/v2\/tags?post=39408"}],"curies":[{"name":"wp","href":"https:\/\/api.w.org\/{rel}","templated":true}]}}