{"id":39404,"date":"2019-12-08T10:24:23","date_gmt":"2019-12-08T13:24:23","guid":{"rendered":"http:\/\/blogdoeloiltoncajuhy.com.br\/site\/?p=39404"},"modified":"2019-12-08T10:24:29","modified_gmt":"2019-12-08T13:24:29","slug":"homem-que-cumpriu-pena-por-ter-matado-a-mae-e-acusado-de-matar-o-filho-de-1-ano-e-11-meses-e-jogar-o-corpo-numa-estrada","status":"publish","type":"post","link":"https:\/\/blogdoeloiltoncajuhy.com.br\/site\/homem-que-cumpriu-pena-por-ter-matado-a-mae-e-acusado-de-matar-o-filho-de-1-ano-e-11-meses-e-jogar-o-corpo-numa-estrada\/","title":{"rendered":"Homem que cumpriu pena por ter matado a m\u00e3e, \u00e9 acusado de matar o filho de 1 ano e 11 meses e jogar o corpo numa estrada"},"content":{"rendered":"\n<h5 class=\"has-text-align-center wp-block-heading\"><em>DNA confirma que corpo encontrado na Bahia \u00e9 de Bernardo, morto pelo pai no DF<\/em><\/h5>\n\n\n\n<p><strong>Por Afonso Ferreira e Isabella Melo, G1 DF e TV Globo<\/strong><\/p>\n\n\n\n<div class=\"wp-block-image\"><figure class=\"aligncenter size-large is-resized\"><img data-recalc-dims=\"1\" fetchpriority=\"high\" decoding=\"async\" src=\"https:\/\/i0.wp.com\/blogdoeloiltoncajuhy.com.br\/site\/wp-content\/uploads\/2019\/12\/bernardo2.jpg?resize=611%2C389\" alt=\"\" class=\"wp-image-39405\" width=\"611\" height=\"389\" srcset=\"https:\/\/i0.wp.com\/blogdoeloiltoncajuhy.com.br\/site\/wp-content\/uploads\/2019\/12\/bernardo2.jpg?w=984&amp;ssl=1 984w, https:\/\/i0.wp.com\/blogdoeloiltoncajuhy.com.br\/site\/wp-content\/uploads\/2019\/12\/bernardo2.jpg?resize=300%2C191&amp;ssl=1 300w, https:\/\/i0.wp.com\/blogdoeloiltoncajuhy.com.br\/site\/wp-content\/uploads\/2019\/12\/bernardo2.jpg?resize=768%2C489&amp;ssl=1 768w, https:\/\/i0.wp.com\/blogdoeloiltoncajuhy.com.br\/site\/wp-content\/uploads\/2019\/12\/bernardo2.jpg?resize=250%2C159&amp;ssl=1 250w\" sizes=\"(max-width: 611px) 100vw, 611px\" \/><figcaption><em>Desaparecimento de Bernardo foi registrado na delegacia do DF \u2014 Foto: Arquivo pessoal<\/em><\/figcaption><\/figure><\/div>\n\n\n\n<p>A Pol\u00edcia Civil do Distrito Federal confirmou, na noite deste s\u00e1bado (7), que o\u00a0<a href=\"https:\/\/g1.globo.com\/ba\/bahia\/noticia\/2019\/12\/06\/corpo-e-achado-na-bahia-e-policia-suspeita-que-seja-de-crianca-que-foi-morta-pelo-pai-no-distrito-federal.ghtml\"><strong><em>corpo encontrado em uma rodovia na Bahia \u00e9 de Bernardo Os\u00f3rio<\/em><\/strong><\/a>, de 1 ano e 11 meses. O pai do garoto, <strong>Paulo Roberto de Caldas Os\u00f3rio<\/strong> confessou ter assassinado o filho (<strong>entenda abaixo<\/strong>).<\/p>\n\n\n\n<ul class=\"wp-block-list\"><li><a href=\"https:\/\/g1.globo.com\/df\/distrito-federal\/noticia\/2019\/12\/04\/pai-suspeito-de-matar-filho-de-menos-de-2-anos-no-df-diz-que-jogou-corpo-na-beira-da-estrada.ghtml\"><strong><em>Pai suspeito de matar filho de menos de 2 anos, no DF, diz que jogou corpo &#8216;na beira da estrada&#8217;<\/em><\/strong><\/a><\/li><\/ul>\n\n\n\n<p>Durante a tarde deste s\u00e1bado, peritos do Instituto de Pesquisa de DNA Forense da Pol\u00edcia Civil do DF (IPDNA) fizeram a an\u00e1lise do material gen\u00e9tico encontrado na zona rural de Palmeiras, cidade da Chapada Diamantina. As amostras chegaram por volta de 12h30 no Aeroporto Internacional Juscelino Kubitschek, em uma caixa de isopor e foram entregues ao diretor do IPDNA, Samuel Ferreira.<\/p>\n\n\n\n<p><em>&#8220;Utilizando de t\u00e9cnicas avan\u00e7adas de gen\u00e9tica forense, os exames foram conclu\u00eddos em menos de seis horas, inclusive com o laudo j\u00e1 redigido, confirmando a identifica\u00e7\u00e3o gen\u00e9tica&#8221;<\/em>, afirmou Ferreira.<\/p>\n\n\n\n<p class=\"has-medium-font-size\"><strong>Corpo encontrado<\/strong><\/p>\n\n\n\n<p>Na \u00faltima quinta-feira (5), a pol\u00edcia baiana encontrou um corpo de uma crian\u00e7a na zona rual de Palmeiras, cidade da Chapada Diamantina. O local fica a mais de 1 mil quil\u00f4metros de Bras\u00edlia, onde Paulo Roberto de Caldas Os\u00f3rio foi visto com o filho pela \u00faltima vez, na sexta-feira, 29 de novembro.<\/p>\n\n\n\n<p>A roupa, um colar de \u00e2mbar no pesco\u00e7o e a cadeirinha usada no carro para transportar a crian\u00e7a, levaram os policiais e a fam\u00edlia a acreditar que se tratava de Bernardo. No entanto, por causa do avan\u00e7ado estado de decomposi\u00e7\u00e3o do corpo, os exames feitos na Bahia foram inconclusivos.<\/p>\n\n\n\n<ul class=\"wp-block-list\"><li><a href=\"https:\/\/g1.globo.com\/df\/distrito-federal\/noticia\/2019\/12\/07\/estamos-sem-chao-diz-mae-do-menino-bernardo-enquanto-corpo-encontrado-na-bahia-nao-e-identificado.ghtml\"><strong><em>&#8216;Estamos sem ch\u00e3o&#8217;, diz m\u00e3e do menino Bernardo enquanto corpo encontrado na Bahia n\u00e3o \u00e9 identificado<\/em><\/strong><\/a><\/li><\/ul>\n\n\n\n<p>Neste s\u00e1bado, antes da confirma\u00e7\u00e3o do DNA, a m\u00e3e de Bernardo, disse ao <strong>G1<\/strong> que vive os piores momentos da vida desde que o pai do menino buscou a crian\u00e7a em uma creche, na Asa Sul, e desapareceu com a crian\u00e7a.<\/p>\n\n\n\n<p><em>&#8220;Estamos sem ch\u00e3o&#8221;<\/em>, afirmou Tatiana da Silva, m\u00e3e de Bernardo. Questionada sobre o que sente em rela\u00e7\u00e3o ao ex-companheiro, ela disse que n\u00e3o tem raiva de Os\u00f3rio. <em>&#8220;Perdoar eu n\u00e3o perdoo, mas n\u00e3o tenho raiva. S\u00f3 n\u00e3o quero mais saber dele na minha vida, n\u00e3o quero nem not\u00edcias. Pra mim ele morreu junto com meu filho. Quero que ele se trate porque ele \u00e9 uma pessoa doente, que precisa ser tratada&#8221;<\/em>, desabafou. <em>&#8220;Nos agarramos \u00e0s lembran\u00e7as boas que ele [Bernardo] deixou, isso que nos conforta&#8221;<\/em>.<\/p>\n\n\n\n<div class=\"wp-block-image\"><figure class=\"aligncenter size-large is-resized\"><img data-recalc-dims=\"1\" decoding=\"async\" src=\"https:\/\/i0.wp.com\/blogdoeloiltoncajuhy.com.br\/site\/wp-content\/uploads\/2019\/12\/PauloOsorio.jpg?resize=637%2C371\" alt=\"\" class=\"wp-image-39406\" width=\"637\" height=\"371\" srcset=\"https:\/\/i0.wp.com\/blogdoeloiltoncajuhy.com.br\/site\/wp-content\/uploads\/2019\/12\/PauloOsorio.jpg?w=984&amp;ssl=1 984w, https:\/\/i0.wp.com\/blogdoeloiltoncajuhy.com.br\/site\/wp-content\/uploads\/2019\/12\/PauloOsorio.jpg?resize=300%2C175&amp;ssl=1 300w, https:\/\/i0.wp.com\/blogdoeloiltoncajuhy.com.br\/site\/wp-content\/uploads\/2019\/12\/PauloOsorio.jpg?resize=768%2C449&amp;ssl=1 768w, https:\/\/i0.wp.com\/blogdoeloiltoncajuhy.com.br\/site\/wp-content\/uploads\/2019\/12\/PauloOsorio.jpg?resize=250%2C146&amp;ssl=1 250w\" sizes=\"(max-width: 637px) 100vw, 637px\" \/><figcaption><em>Paulo Roberto de Caldas Os\u00f3rio \u2014 Foto: PCDF\/Divulga\u00e7\u00e3o<\/em><\/figcaption><\/figure><\/div>\n\n\n\n<p class=\"has-medium-font-size\"><strong>Caso Bernardo<\/strong><\/p>\n\n\n\n<p>Bernardo da Silva Marques Os\u00f3rio desapareceu ap\u00f3s o pai t\u00ea-lo apanhado na cheche, na Asa Sul de Bras\u00edlia, na sexta-feira, 29 de novembro. No mesmo dia, a m\u00e3e procurou a Pol\u00edcia Civil do DF e o caso passou a ser investigado pela Divis\u00e3o de Repress\u00e3o \u00e0 Sequestros (DPRS).<\/p>\n\n\n\n<p>No mesmo dia do desaparecimento da crian\u00e7a, Paulo Roberto Os\u00f3rio, o pai, mandou mensagens de texto e de \u00e1udio para Tatiana Silva, a m\u00e3e do menino. As grava\u00e7\u00f5es revelam que ele tinha desaven\u00e7as com a ex e com a av\u00f3 da crian\u00e7a.<\/p>\n\n\n\n<p>Na \u00faltima segunda-feira (2), Paulo Roberto de Caldas Os\u00f3rio foi preso em um hotel de Alagoinhas, na Bahia. Ele confessou que dopou o filho com medicamentos usados por ele, para dormir. Os\u00f3rio disse que diluiu tr\u00eas comprimidos no suco de uva que deu ao filho.<\/p>\n\n\n\n<p>Na quarta (4), Os\u00f3rio passou por audi\u00eancia de cust\u00f3dia em Bras\u00edlia. O juiz Fellipe Figueiredo de Carvalho converteu a pris\u00e3o em flagrante em pris\u00e3o preventiva \u2013 por tempo indeterminado.<\/p>\n\n\n\n<p class=\"has-medium-font-size\"><strong>Suspeito de matar filho de menos de 2 anos, no DF, assassinou a pr\u00f3pria m\u00e3e em 1992<\/strong><\/p>\n\n\n\n<p>O funcion\u00e1rio do Metr\u00f4 do Distrito Federal Paulo Roberto de Caldas Os\u00f3rio, suspeito de matar o filho Bernardo, de 1 ano e 11 meses, ficou internado na ala psiqui\u00e1trica da Penitenci\u00e1ria da Papuda, em Bras\u00edlia, por 10 anos, por ter assassinado a pr\u00f3pria m\u00e3e. De acordo com o delegado Leandro Ritt, o crime ocorreu em 1992.<\/p>\n\n\n\n<p>Na \u00e9poca, Os\u00f3rio tinha 18 anos. Segundo a Pol\u00edcia Civil, ele colocou fogo no corpo da m\u00e3e, ap\u00f3s mat\u00e1-la. Tr\u00eas anos depois de cumprir a pena, o homem fez concurso p\u00fablico para o Metr\u00f4 e foi aprovado, inclusive na avalia\u00e7\u00e3o psicol\u00f3gica.<\/p>\n","protected":false},"excerpt":{"rendered":"<p>DNA confirma que corpo encontrado na Bahia \u00e9 de Bernardo, morto pelo pai no DF Por Afonso Ferreira e Isabella Melo, G1 DF e TV Globo A Pol\u00edcia Civil do Distrito Federal confirmou, na noite deste s\u00e1bado (7), que o\u00a0corpo encontrado em uma rodovia na Bahia \u00e9 de Bernardo Os\u00f3rio, de 1 ano e 11 [&hellip;]<\/p>\n","protected":false},"author":2,"featured_media":39406,"comment_status":"open","ping_status":"open","sticky":false,"template":"","format":"standard","meta":{"_acf_changed":false,"_monsterinsights_skip_tracking":false,"_monsterinsights_sitenote_active":false,"_monsterinsights_sitenote_note":"","_monsterinsights_sitenote_category":0,"_jetpack_memberships_contains_paid_content":false,"footnotes":"","jetpack_publicize_message":"","jetpack_publicize_feature_enabled":true,"jetpack_social_post_already_shared":true,"jetpack_social_options":{"image_generator_settings":{"template":"highway","default_image_id":0,"font":"","enabled":false},"version":2}},"categories":[5,1],"tags":[],"class_list":["post-39404","post","type-post","status-publish","format-standard","has-post-thumbnail","hentry","category-cotidiano","category-noticias"],"acf":[],"jetpack_publicize_connections":[],"jetpack_featured_media_url":"https:\/\/i0.wp.com\/blogdoeloiltoncajuhy.com.br\/site\/wp-content\/uploads\/2019\/12\/PauloOsorio.jpg?fit=984%2C575&ssl=1","jetpack_sharing_enabled":true,"publishpress_future_workflow_manual_trigger":{"enabledWorkflows":[]},"_links":{"self":[{"href":"https:\/\/blogdoeloiltoncajuhy.com.br\/site\/wp-json\/wp\/v2\/posts\/39404","targetHints":{"allow":["GET"]}}],"collection":[{"href":"https:\/\/blogdoeloiltoncajuhy.com.br\/site\/wp-json\/wp\/v2\/posts"}],"about":[{"href":"https:\/\/blogdoeloiltoncajuhy.com.br\/site\/wp-json\/wp\/v2\/types\/post"}],"author":[{"embeddable":true,"href":"https:\/\/blogdoeloiltoncajuhy.com.br\/site\/wp-json\/wp\/v2\/users\/2"}],"replies":[{"embeddable":true,"href":"https:\/\/blogdoeloiltoncajuhy.com.br\/site\/wp-json\/wp\/v2\/comments?post=39404"}],"version-history":[{"count":1,"href":"https:\/\/blogdoeloiltoncajuhy.com.br\/site\/wp-json\/wp\/v2\/posts\/39404\/revisions"}],"predecessor-version":[{"id":39407,"href":"https:\/\/blogdoeloiltoncajuhy.com.br\/site\/wp-json\/wp\/v2\/posts\/39404\/revisions\/39407"}],"wp:featuredmedia":[{"embeddable":true,"href":"https:\/\/blogdoeloiltoncajuhy.com.br\/site\/wp-json\/wp\/v2\/media\/39406"}],"wp:attachment":[{"href":"https:\/\/blogdoeloiltoncajuhy.com.br\/site\/wp-json\/wp\/v2\/media?parent=39404"}],"wp:term":[{"taxonomy":"category","embeddable":true,"href":"https:\/\/blogdoeloiltoncajuhy.com.br\/site\/wp-json\/wp\/v2\/categories?post=39404"},{"taxonomy":"post_tag","embeddable":true,"href":"https:\/\/blogdoeloiltoncajuhy.com.br\/site\/wp-json\/wp\/v2\/tags?post=39404"}],"curies":[{"name":"wp","href":"https:\/\/api.w.org\/{rel}","templated":true}]}}