{"id":39397,"date":"2019-12-07T23:19:24","date_gmt":"2019-12-08T02:19:24","guid":{"rendered":"http:\/\/blogdoeloiltoncajuhy.com.br\/site\/?p=39397"},"modified":"2019-12-07T23:19:30","modified_gmt":"2019-12-08T02:19:30","slug":"missa-de-7o-dia-em-memoria-do-professor-bebeto-sera-celebrada-neste-domingo-08-na-catedral-diocesana","status":"publish","type":"post","link":"https:\/\/blogdoeloiltoncajuhy.com.br\/site\/missa-de-7o-dia-em-memoria-do-professor-bebeto-sera-celebrada-neste-domingo-08-na-catedral-diocesana\/","title":{"rendered":"Missa de 7\u00ba dia em mem\u00f3ria do Professor Bebeto ser\u00e1 celebrada neste domingo (08) na Catedral Diocesana"},"content":{"rendered":"\n<div class=\"wp-block-image\"><figure class=\"aligncenter size-large is-resized\"><img fetchpriority=\"high\" decoding=\"async\" src=\"https:\/\/i1.wp.com\/blogdoeloiltoncajuhy.com.br\/site\/wp-content\/uploads\/2019\/12\/ProfessorBebetoMissa7Dia.jpg?fit=590%2C417\" alt=\"\" class=\"wp-image-39398\" width=\"443\" height=\"313\" srcset=\"https:\/\/i0.wp.com\/blogdoeloiltoncajuhy.com.br\/site\/wp-content\/uploads\/2019\/12\/ProfessorBebetoMissa7Dia.jpg?w=1280&amp;ssl=1 1280w, https:\/\/i0.wp.com\/blogdoeloiltoncajuhy.com.br\/site\/wp-content\/uploads\/2019\/12\/ProfessorBebetoMissa7Dia.jpg?resize=300%2C212&amp;ssl=1 300w, https:\/\/i0.wp.com\/blogdoeloiltoncajuhy.com.br\/site\/wp-content\/uploads\/2019\/12\/ProfessorBebetoMissa7Dia.jpg?resize=1024%2C724&amp;ssl=1 1024w, https:\/\/i0.wp.com\/blogdoeloiltoncajuhy.com.br\/site\/wp-content\/uploads\/2019\/12\/ProfessorBebetoMissa7Dia.jpg?resize=768%2C543&amp;ssl=1 768w, https:\/\/i0.wp.com\/blogdoeloiltoncajuhy.com.br\/site\/wp-content\/uploads\/2019\/12\/ProfessorBebetoMissa7Dia.jpg?resize=250%2C177&amp;ssl=1 250w\" sizes=\"(max-width: 443px) 100vw, 443px\" \/><\/figure><\/div>\n\n\n\n<p>A fam\u00edlia de <strong>Jos\u00e9 Alberto Ferreira dos Santos<\/strong>, nosso querido <strong>Professor Bebeto<\/strong>, convida a todos para a missa de s\u00e9timo dia do seu falecimento, que ser\u00e1 celebrada neste domingo, dia 08 de dezembro, \u00e0s 9 horas da manh\u00e3, na Catedral Diocesana.<\/p>\n\n\n\n<p><strong><em>Desde j\u00e1, agradece a todos, a fam\u00edlia enlutada.<\/em><\/strong><\/p>\n","protected":false},"excerpt":{"rendered":"<p>A fam\u00edlia de Jos\u00e9 Alberto Ferreira dos Santos, nosso querido Professor Bebeto, convida a todos para a missa de s\u00e9timo dia do seu falecimento, que ser\u00e1 celebrada neste domingo, dia 08 de dezembro, \u00e0s 9 horas da manh\u00e3, na Catedral Diocesana. Desde j\u00e1, agradece a todos, a fam\u00edlia enlutada.<\/p>\n","protected":false},"author":2,"featured_media":39398,"comment_status":"open","ping_status":"open","sticky":false,"template":"","format":"standard","meta":{"_acf_changed":false,"_monsterinsights_skip_tracking":false,"_monsterinsights_sitenote_active":false,"_monsterinsights_sitenote_note":"","_monsterinsights_sitenote_category":0,"_jetpack_memberships_contains_paid_content":false,"footnotes":"","jetpack_publicize_message":"","jetpack_publicize_feature_enabled":true,"jetpack_social_post_already_shared":true,"jetpack_social_options":{"image_generator_settings":{"template":"highway","default_image_id":0,"font":"","enabled":false},"version":2}},"categories":[1,4],"tags":[],"class_list":["post-39397","post","type-post","status-publish","format-standard","has-post-thumbnail","hentry","category-noticias","category-local"],"acf":[],"jetpack_publicize_connections":[],"jetpack_featured_media_url":"https:\/\/i0.wp.com\/blogdoeloiltoncajuhy.com.br\/site\/wp-content\/uploads\/2019\/12\/ProfessorBebetoMissa7Dia.jpg?fit=1280%2C905&ssl=1","jetpack_sharing_enabled":true,"publishpress_future_workflow_manual_trigger":{"enabledWorkflows":[]},"_links":{"self":[{"href":"https:\/\/blogdoeloiltoncajuhy.com.br\/site\/wp-json\/wp\/v2\/posts\/39397","targetHints":{"allow":["GET"]}}],"collection":[{"href":"https:\/\/blogdoeloiltoncajuhy.com.br\/site\/wp-json\/wp\/v2\/posts"}],"about":[{"href":"https:\/\/blogdoeloiltoncajuhy.com.br\/site\/wp-json\/wp\/v2\/types\/post"}],"author":[{"embeddable":true,"href":"https:\/\/blogdoeloiltoncajuhy.com.br\/site\/wp-json\/wp\/v2\/users\/2"}],"replies":[{"embeddable":true,"href":"https:\/\/blogdoeloiltoncajuhy.com.br\/site\/wp-json\/wp\/v2\/comments?post=39397"}],"version-history":[{"count":1,"href":"https:\/\/blogdoeloiltoncajuhy.com.br\/site\/wp-json\/wp\/v2\/posts\/39397\/revisions"}],"predecessor-version":[{"id":39399,"href":"https:\/\/blogdoeloiltoncajuhy.com.br\/site\/wp-json\/wp\/v2\/posts\/39397\/revisions\/39399"}],"wp:featuredmedia":[{"embeddable":true,"href":"https:\/\/blogdoeloiltoncajuhy.com.br\/site\/wp-json\/wp\/v2\/media\/39398"}],"wp:attachment":[{"href":"https:\/\/blogdoeloiltoncajuhy.com.br\/site\/wp-json\/wp\/v2\/media?parent=39397"}],"wp:term":[{"taxonomy":"category","embeddable":true,"href":"https:\/\/blogdoeloiltoncajuhy.com.br\/site\/wp-json\/wp\/v2\/categories?post=39397"},{"taxonomy":"post_tag","embeddable":true,"href":"https:\/\/blogdoeloiltoncajuhy.com.br\/site\/wp-json\/wp\/v2\/tags?post=39397"}],"curies":[{"name":"wp","href":"https:\/\/api.w.org\/{rel}","templated":true}]}}