{"id":39394,"date":"2019-12-07T23:09:17","date_gmt":"2019-12-08T02:09:17","guid":{"rendered":"http:\/\/blogdoeloiltoncajuhy.com.br\/site\/?p=39394"},"modified":"2019-12-08T12:01:09","modified_gmt":"2019-12-08T15:01:09","slug":"morre-em-salvador-o-advogado-custodio-barbosa-neto","status":"publish","type":"post","link":"https:\/\/blogdoeloiltoncajuhy.com.br\/site\/morre-em-salvador-o-advogado-custodio-barbosa-neto\/","title":{"rendered":"Morre em Salvador o advogado Cust\u00f3dio Barbosa Neto"},"content":{"rendered":"\n<p><strong>BLOG DO ELOILTON CAJUHY<\/strong><br><em>Atualizado em 08.12.2019, \u00e0s 12h<\/em><\/p>\n\n\n\n<div class=\"wp-block-image\"><figure class=\"aligncenter size-large is-resized\"><img data-recalc-dims=\"1\" fetchpriority=\"high\" decoding=\"async\" src=\"https:\/\/i0.wp.com\/blogdoeloiltoncajuhy.com.br\/site\/wp-content\/uploads\/2019\/12\/CustodioBarbosa.jpg?resize=404%2C369\" alt=\"\" class=\"wp-image-39395\" width=\"404\" height=\"369\"\/><\/figure><\/div>\n\n\n\n<p>A Ordem dos Advogados do Brasil, Subse\u00e7\u00e3o de Senhor do Bonfim (OAB\/Senhor do Bonfim), emitiu comunicado na noite deste s\u00e1bado (07), informando o falecimento do <strong>advogado Cust\u00f3dio Barbosa Neto<\/strong>.<\/p>\n\n\n\n<p>Segundo o comunicado, ele faleceu em Salvador. Seu corpo est\u00e1 sendo velado no Memorial Vila Nova em Senhor do Bonfim, e o sepultamento est\u00e1 marcado para as 16h no Cemit\u00e9rio S\u00e3o Jo\u00e3o Batista, em Jaguarari, onde nasceu o advogado.<\/p>\n\n\n\n<p class=\"has-medium-font-size\"><strong>Confira na \u00edntegra o comunicado:<\/strong><\/p>\n\n\n\n<p><em>NOTA DE PESAR<\/em><\/p>\n\n\n\n<p><em>A subse\u00e7\u00e3o da OAB de Senhor do Bonfim recebeu a triste not\u00edcia do falecimento do ex presidente Custodio Barbosa Neto. Ele presidiu a subse\u00e7\u00e3o de Senhor do Bonfim por alguns mandatos e atuou de forma combativa em favor da nossa classe.<\/em><\/p>\n\n\n\n<p><em>O \u00f3bito ocorreu em Salvador e o vel\u00f3rio, hor\u00e1rio e local ainda n\u00e3o est\u00e3o definidos.<\/em><\/p>\n\n\n\n<p><em>A subse\u00e7\u00e3o da OAB de Senhor do Bonfim decreta luto oficial de 3 dias em mem\u00f3ria do nobre colega. A diretoria enlutada expressa sinceros sentimentos aos familiares.<\/em><\/p>\n\n\n\n<p><em><strong>Celeste A\u00edda Santana<br><\/strong>Presidente da OAB\/Senhor do Bonfim<\/em><\/p>\n","protected":false},"excerpt":{"rendered":"<p>BLOG DO ELOILTON CAJUHYAtualizado em 08.12.2019, \u00e0s 12h A Ordem dos Advogados do Brasil, Subse\u00e7\u00e3o de Senhor do Bonfim (OAB\/Senhor do Bonfim), emitiu comunicado na noite deste s\u00e1bado (07), informando o falecimento do advogado Cust\u00f3dio Barbosa Neto. Segundo o comunicado, ele faleceu em Salvador. Seu corpo est\u00e1 sendo velado no Memorial Vila Nova em Senhor [&hellip;]<\/p>\n","protected":false},"author":2,"featured_media":39395,"comment_status":"open","ping_status":"open","sticky":false,"template":"","format":"standard","meta":{"_acf_changed":false,"_monsterinsights_skip_tracking":false,"_monsterinsights_sitenote_active":false,"_monsterinsights_sitenote_note":"","_monsterinsights_sitenote_category":0,"_jetpack_memberships_contains_paid_content":false,"footnotes":"","jetpack_publicize_message":"","jetpack_publicize_feature_enabled":true,"jetpack_social_post_already_shared":true,"jetpack_social_options":{"image_generator_settings":{"template":"highway","default_image_id":0,"font":"","enabled":false},"version":2}},"categories":[1,4],"tags":[],"class_list":["post-39394","post","type-post","status-publish","format-standard","has-post-thumbnail","hentry","category-noticias","category-local"],"acf":[],"jetpack_publicize_connections":[],"jetpack_featured_media_url":"https:\/\/i0.wp.com\/blogdoeloiltoncajuhy.com.br\/site\/wp-content\/uploads\/2019\/12\/CustodioBarbosa.jpg?fit=226%2C206&ssl=1","jetpack_sharing_enabled":true,"publishpress_future_workflow_manual_trigger":{"enabledWorkflows":[]},"_links":{"self":[{"href":"https:\/\/blogdoeloiltoncajuhy.com.br\/site\/wp-json\/wp\/v2\/posts\/39394","targetHints":{"allow":["GET"]}}],"collection":[{"href":"https:\/\/blogdoeloiltoncajuhy.com.br\/site\/wp-json\/wp\/v2\/posts"}],"about":[{"href":"https:\/\/blogdoeloiltoncajuhy.com.br\/site\/wp-json\/wp\/v2\/types\/post"}],"author":[{"embeddable":true,"href":"https:\/\/blogdoeloiltoncajuhy.com.br\/site\/wp-json\/wp\/v2\/users\/2"}],"replies":[{"embeddable":true,"href":"https:\/\/blogdoeloiltoncajuhy.com.br\/site\/wp-json\/wp\/v2\/comments?post=39394"}],"version-history":[{"count":3,"href":"https:\/\/blogdoeloiltoncajuhy.com.br\/site\/wp-json\/wp\/v2\/posts\/39394\/revisions"}],"predecessor-version":[{"id":39412,"href":"https:\/\/blogdoeloiltoncajuhy.com.br\/site\/wp-json\/wp\/v2\/posts\/39394\/revisions\/39412"}],"wp:featuredmedia":[{"embeddable":true,"href":"https:\/\/blogdoeloiltoncajuhy.com.br\/site\/wp-json\/wp\/v2\/media\/39395"}],"wp:attachment":[{"href":"https:\/\/blogdoeloiltoncajuhy.com.br\/site\/wp-json\/wp\/v2\/media?parent=39394"}],"wp:term":[{"taxonomy":"category","embeddable":true,"href":"https:\/\/blogdoeloiltoncajuhy.com.br\/site\/wp-json\/wp\/v2\/categories?post=39394"},{"taxonomy":"post_tag","embeddable":true,"href":"https:\/\/blogdoeloiltoncajuhy.com.br\/site\/wp-json\/wp\/v2\/tags?post=39394"}],"curies":[{"name":"wp","href":"https:\/\/api.w.org\/{rel}","templated":true}]}}