{"id":39391,"date":"2019-12-07T22:36:37","date_gmt":"2019-12-08T01:36:37","guid":{"rendered":"http:\/\/blogdoeloiltoncajuhy.com.br\/site\/?p=39391"},"modified":"2019-12-07T22:36:43","modified_gmt":"2019-12-08T01:36:43","slug":"catolicos-de-estiva-celebram-neste-domingo-a-imaculada-conceicao","status":"publish","type":"post","link":"https:\/\/blogdoeloiltoncajuhy.com.br\/site\/catolicos-de-estiva-celebram-neste-domingo-a-imaculada-conceicao\/","title":{"rendered":"Cat\u00f3licos de Estiva celebram neste domingo a Imaculada Concei\u00e7\u00e3o"},"content":{"rendered":"\n<p><strong>BLOG DO ELOILTON CAJUHY<\/strong><\/p>\n\n\n\n<div class=\"wp-block-image\"><figure class=\"aligncenter size-large is-resized\"><img data-recalc-dims=\"1\" fetchpriority=\"high\" decoding=\"async\" src=\"https:\/\/i0.wp.com\/blogdoeloiltoncajuhy.com.br\/site\/wp-content\/uploads\/2015\/12\/imaculada_concei%C3%A7%C3%A3o.jpg?resize=238%2C356\" alt=\"\" class=\"wp-image-6274\" width=\"238\" height=\"356\" srcset=\"https:\/\/i0.wp.com\/blogdoeloiltoncajuhy.com.br\/site\/wp-content\/uploads\/2015\/12\/imaculada_concei%C3%A7%C3%A3o.jpg?w=201&amp;ssl=1 201w, https:\/\/i0.wp.com\/blogdoeloiltoncajuhy.com.br\/site\/wp-content\/uploads\/2015\/12\/imaculada_concei%C3%A7%C3%A3o.jpg?resize=168%2C250&amp;ssl=1 168w\" sizes=\"(max-width: 238px) 100vw, 238px\" \/><\/figure><\/div>\n\n\n\n<p>A comunidade cat\u00f3lica de Estiva vai celebrar neste domingo (08) sua padroeira Nossa Senhora Imaculada Concei\u00e7\u00e3o. A \u00faltima novena foi celebrada na noite deste s\u00e1bado. O domingo ser\u00e1 de intensa programa\u00e7\u00e3o religiosa.<\/p>\n\n\n\n<p class=\"has-medium-font-size\"><strong>Confira:<\/strong><\/p>\n\n\n\n<div class=\"wp-block-image\"><figure class=\"aligncenter size-large is-resized\"><img data-recalc-dims=\"1\" decoding=\"async\" src=\"https:\/\/i0.wp.com\/blogdoeloiltoncajuhy.com.br\/site\/wp-content\/uploads\/2019\/12\/Festa-de-Nossa-Senhora-da-Concei%C3%A7%C3%A3o-EstivaFinal.jpeg?resize=614%2C173\" alt=\"\" class=\"wp-image-39392\" width=\"614\" height=\"173\" srcset=\"https:\/\/i0.wp.com\/blogdoeloiltoncajuhy.com.br\/site\/wp-content\/uploads\/2019\/12\/Festa-de-Nossa-Senhora-da-Concei%C3%A7%C3%A3o-EstivaFinal.jpeg?w=614&amp;ssl=1 614w, https:\/\/i0.wp.com\/blogdoeloiltoncajuhy.com.br\/site\/wp-content\/uploads\/2019\/12\/Festa-de-Nossa-Senhora-da-Concei%C3%A7%C3%A3o-EstivaFinal.jpeg?resize=300%2C85&amp;ssl=1 300w, https:\/\/i0.wp.com\/blogdoeloiltoncajuhy.com.br\/site\/wp-content\/uploads\/2019\/12\/Festa-de-Nossa-Senhora-da-Concei%C3%A7%C3%A3o-EstivaFinal.jpeg?resize=250%2C70&amp;ssl=1 250w\" sizes=\"(max-width: 614px) 100vw, 614px\" \/><\/figure><\/div>\n","protected":false},"excerpt":{"rendered":"<p>BLOG DO ELOILTON CAJUHY A comunidade cat\u00f3lica de Estiva vai celebrar neste domingo (08) sua padroeira Nossa Senhora Imaculada Concei\u00e7\u00e3o. A \u00faltima novena foi celebrada na noite deste s\u00e1bado. O domingo ser\u00e1 de intensa programa\u00e7\u00e3o religiosa. Confira:<\/p>\n","protected":false},"author":2,"featured_media":39392,"comment_status":"open","ping_status":"open","sticky":false,"template":"","format":"standard","meta":{"_acf_changed":false,"_monsterinsights_skip_tracking":false,"_monsterinsights_sitenote_active":false,"_monsterinsights_sitenote_note":"","_monsterinsights_sitenote_category":0,"_jetpack_memberships_contains_paid_content":false,"footnotes":"","jetpack_publicize_message":"","jetpack_publicize_feature_enabled":true,"jetpack_social_post_already_shared":true,"jetpack_social_options":{"image_generator_settings":{"template":"highway","default_image_id":0,"font":"","enabled":false},"version":2}},"categories":[1,4],"tags":[],"class_list":["post-39391","post","type-post","status-publish","format-standard","has-post-thumbnail","hentry","category-noticias","category-local"],"acf":[],"jetpack_publicize_connections":[],"jetpack_featured_media_url":"https:\/\/i0.wp.com\/blogdoeloiltoncajuhy.com.br\/site\/wp-content\/uploads\/2019\/12\/Festa-de-Nossa-Senhora-da-Concei%C3%A7%C3%A3o-EstivaFinal.jpeg?fit=614%2C173&ssl=1","jetpack_sharing_enabled":true,"publishpress_future_workflow_manual_trigger":{"enabledWorkflows":[]},"_links":{"self":[{"href":"https:\/\/blogdoeloiltoncajuhy.com.br\/site\/wp-json\/wp\/v2\/posts\/39391","targetHints":{"allow":["GET"]}}],"collection":[{"href":"https:\/\/blogdoeloiltoncajuhy.com.br\/site\/wp-json\/wp\/v2\/posts"}],"about":[{"href":"https:\/\/blogdoeloiltoncajuhy.com.br\/site\/wp-json\/wp\/v2\/types\/post"}],"author":[{"embeddable":true,"href":"https:\/\/blogdoeloiltoncajuhy.com.br\/site\/wp-json\/wp\/v2\/users\/2"}],"replies":[{"embeddable":true,"href":"https:\/\/blogdoeloiltoncajuhy.com.br\/site\/wp-json\/wp\/v2\/comments?post=39391"}],"version-history":[{"count":1,"href":"https:\/\/blogdoeloiltoncajuhy.com.br\/site\/wp-json\/wp\/v2\/posts\/39391\/revisions"}],"predecessor-version":[{"id":39393,"href":"https:\/\/blogdoeloiltoncajuhy.com.br\/site\/wp-json\/wp\/v2\/posts\/39391\/revisions\/39393"}],"wp:featuredmedia":[{"embeddable":true,"href":"https:\/\/blogdoeloiltoncajuhy.com.br\/site\/wp-json\/wp\/v2\/media\/39392"}],"wp:attachment":[{"href":"https:\/\/blogdoeloiltoncajuhy.com.br\/site\/wp-json\/wp\/v2\/media?parent=39391"}],"wp:term":[{"taxonomy":"category","embeddable":true,"href":"https:\/\/blogdoeloiltoncajuhy.com.br\/site\/wp-json\/wp\/v2\/categories?post=39391"},{"taxonomy":"post_tag","embeddable":true,"href":"https:\/\/blogdoeloiltoncajuhy.com.br\/site\/wp-json\/wp\/v2\/tags?post=39391"}],"curies":[{"name":"wp","href":"https:\/\/api.w.org\/{rel}","templated":true}]}}