{"id":39385,"date":"2019-12-07T09:35:12","date_gmt":"2019-12-07T12:35:12","guid":{"rendered":"http:\/\/blogdoeloiltoncajuhy.com.br\/site\/?p=39385"},"modified":"2019-12-07T09:36:32","modified_gmt":"2019-12-07T12:36:32","slug":"povoado-de-estiva-celebra-neste-sabado-o-ultimo-novenario-de-sua-padroeira","status":"publish","type":"post","link":"https:\/\/blogdoeloiltoncajuhy.com.br\/site\/povoado-de-estiva-celebra-neste-sabado-o-ultimo-novenario-de-sua-padroeira\/","title":{"rendered":"Povoado de Estiva celebra neste s\u00e1bado o \u00faltimo noven\u00e1rio de sua padroeira"},"content":{"rendered":"\n<p><strong>Blog do Eloilton Cajuhy<\/strong><\/p>\n\n\n\n<div class=\"wp-block-image\"><figure class=\"aligncenter size-large is-resized\"><img data-recalc-dims=\"1\" fetchpriority=\"high\" decoding=\"async\" src=\"https:\/\/i0.wp.com\/blogdoeloiltoncajuhy.com.br\/site\/wp-content\/uploads\/2015\/12\/imaculada_concei%C3%A7%C3%A3o.jpg?resize=201%2C300\" alt=\"\" class=\"wp-image-6274\" width=\"201\" height=\"300\" srcset=\"https:\/\/i0.wp.com\/blogdoeloiltoncajuhy.com.br\/site\/wp-content\/uploads\/2015\/12\/imaculada_concei%C3%A7%C3%A3o.jpg?w=201&amp;ssl=1 201w, https:\/\/i0.wp.com\/blogdoeloiltoncajuhy.com.br\/site\/wp-content\/uploads\/2015\/12\/imaculada_concei%C3%A7%C3%A3o.jpg?resize=168%2C250&amp;ssl=1 168w\" sizes=\"(max-width: 201px) 100vw, 201px\" \/><\/figure><\/div>\n\n\n\n<p>A comunidade cat\u00f3lica do Povoado de Estiva, interior de Senhor do Bonfim, vai celebrar neste s\u00e1bado (07), o \u00faltimo noven\u00e1rio da festa de sua padroeira Nossa Senhora da Concei\u00e7\u00e3o.<\/p>\n\n\n\n<p>O ponto alto da festa religiosa, ser\u00e1 neste domingo (08), dia dedicado \u00e0 santa. A programa\u00e7\u00e3o em Estiva vai come\u00e7ar \u00e0s 5h da manh\u00e3 e se estender\u00e1 por todo o dia.<\/p>\n\n\n\n<p class=\"has-medium-font-size\"><strong>Confira a programa\u00e7\u00e3o da \u00faltima novena:<\/strong><\/p>\n\n\n\n<div class=\"wp-block-image\"><figure class=\"aligncenter size-large is-resized\"><img data-recalc-dims=\"1\" decoding=\"async\" src=\"https:\/\/i0.wp.com\/blogdoeloiltoncajuhy.com.br\/site\/wp-content\/uploads\/2019\/12\/Festa-de-Nossa-Senhora-da-Concei%C3%A7%C3%A3o-Estiva-1.jpeg?resize=656%2C130\" alt=\"\" class=\"wp-image-39386\" width=\"656\" height=\"130\" srcset=\"https:\/\/i0.wp.com\/blogdoeloiltoncajuhy.com.br\/site\/wp-content\/uploads\/2019\/12\/Festa-de-Nossa-Senhora-da-Concei%C3%A7%C3%A3o-Estiva-1.jpeg?w=595&amp;ssl=1 595w, https:\/\/i0.wp.com\/blogdoeloiltoncajuhy.com.br\/site\/wp-content\/uploads\/2019\/12\/Festa-de-Nossa-Senhora-da-Concei%C3%A7%C3%A3o-Estiva-1.jpeg?resize=300%2C59&amp;ssl=1 300w, https:\/\/i0.wp.com\/blogdoeloiltoncajuhy.com.br\/site\/wp-content\/uploads\/2019\/12\/Festa-de-Nossa-Senhora-da-Concei%C3%A7%C3%A3o-Estiva-1.jpeg?resize=250%2C50&amp;ssl=1 250w\" sizes=\"(max-width: 656px) 100vw, 656px\" \/><\/figure><\/div>\n","protected":false},"excerpt":{"rendered":"<p>Blog do Eloilton Cajuhy A comunidade cat\u00f3lica do Povoado de Estiva, interior de Senhor do Bonfim, vai celebrar neste s\u00e1bado (07), o \u00faltimo noven\u00e1rio da festa de sua padroeira Nossa Senhora da Concei\u00e7\u00e3o. O ponto alto da festa religiosa, ser\u00e1 neste domingo (08), dia dedicado \u00e0 santa. A programa\u00e7\u00e3o em Estiva vai come\u00e7ar \u00e0s 5h [&hellip;]<\/p>\n","protected":false},"author":2,"featured_media":39386,"comment_status":"open","ping_status":"open","sticky":false,"template":"","format":"standard","meta":{"_acf_changed":false,"_monsterinsights_skip_tracking":false,"_monsterinsights_sitenote_active":false,"_monsterinsights_sitenote_note":"","_monsterinsights_sitenote_category":0,"_jetpack_memberships_contains_paid_content":false,"footnotes":"","jetpack_publicize_message":"","jetpack_publicize_feature_enabled":true,"jetpack_social_post_already_shared":true,"jetpack_social_options":{"image_generator_settings":{"template":"highway","default_image_id":0,"font":"","enabled":false},"version":2}},"categories":[1,4],"tags":[],"class_list":["post-39385","post","type-post","status-publish","format-standard","has-post-thumbnail","hentry","category-noticias","category-local"],"acf":[],"jetpack_publicize_connections":[],"jetpack_featured_media_url":"https:\/\/i0.wp.com\/blogdoeloiltoncajuhy.com.br\/site\/wp-content\/uploads\/2019\/12\/Festa-de-Nossa-Senhora-da-Concei%C3%A7%C3%A3o-Estiva-1.jpeg?fit=595%2C118&ssl=1","jetpack_sharing_enabled":true,"publishpress_future_workflow_manual_trigger":{"enabledWorkflows":[]},"_links":{"self":[{"href":"https:\/\/blogdoeloiltoncajuhy.com.br\/site\/wp-json\/wp\/v2\/posts\/39385","targetHints":{"allow":["GET"]}}],"collection":[{"href":"https:\/\/blogdoeloiltoncajuhy.com.br\/site\/wp-json\/wp\/v2\/posts"}],"about":[{"href":"https:\/\/blogdoeloiltoncajuhy.com.br\/site\/wp-json\/wp\/v2\/types\/post"}],"author":[{"embeddable":true,"href":"https:\/\/blogdoeloiltoncajuhy.com.br\/site\/wp-json\/wp\/v2\/users\/2"}],"replies":[{"embeddable":true,"href":"https:\/\/blogdoeloiltoncajuhy.com.br\/site\/wp-json\/wp\/v2\/comments?post=39385"}],"version-history":[{"count":1,"href":"https:\/\/blogdoeloiltoncajuhy.com.br\/site\/wp-json\/wp\/v2\/posts\/39385\/revisions"}],"predecessor-version":[{"id":39387,"href":"https:\/\/blogdoeloiltoncajuhy.com.br\/site\/wp-json\/wp\/v2\/posts\/39385\/revisions\/39387"}],"wp:featuredmedia":[{"embeddable":true,"href":"https:\/\/blogdoeloiltoncajuhy.com.br\/site\/wp-json\/wp\/v2\/media\/39386"}],"wp:attachment":[{"href":"https:\/\/blogdoeloiltoncajuhy.com.br\/site\/wp-json\/wp\/v2\/media?parent=39385"}],"wp:term":[{"taxonomy":"category","embeddable":true,"href":"https:\/\/blogdoeloiltoncajuhy.com.br\/site\/wp-json\/wp\/v2\/categories?post=39385"},{"taxonomy":"post_tag","embeddable":true,"href":"https:\/\/blogdoeloiltoncajuhy.com.br\/site\/wp-json\/wp\/v2\/tags?post=39385"}],"curies":[{"name":"wp","href":"https:\/\/api.w.org\/{rel}","templated":true}]}}