{"id":39374,"date":"2019-12-06T21:45:27","date_gmt":"2019-12-07T00:45:27","guid":{"rendered":"http:\/\/blogdoeloiltoncajuhy.com.br\/site\/?p=39374"},"modified":"2019-12-06T21:45:33","modified_gmt":"2019-12-07T00:45:33","slug":"policia-militar-e-prefeitura-de-jaguarari-promovem-formatura-dos-alunos-da-rede-municipal-no-projeto-pelotao-mirim-e-proerd","status":"publish","type":"post","link":"https:\/\/blogdoeloiltoncajuhy.com.br\/site\/policia-militar-e-prefeitura-de-jaguarari-promovem-formatura-dos-alunos-da-rede-municipal-no-projeto-pelotao-mirim-e-proerd\/","title":{"rendered":"Policia Militar e prefeitura de Jaguarari promovem formatura dos alunos da rede municipal no Projeto Pelot\u00e3o Mirim e Proerd"},"content":{"rendered":"\n<p><strong>ASCOM \u2013 Prefeitura de Jaguarari-BA<\/strong><\/p>\n\n\n\n<div class=\"wp-block-image\"><figure class=\"aligncenter size-large\"><img fetchpriority=\"high\" decoding=\"async\" width=\"1280\" height=\"853\" src=\"https:\/\/i0.wp.com\/blogdoeloiltoncajuhy.com.br\/site\/wp-content\/uploads\/2019\/12\/PMJ_FormaturaProerdPelotao-01.jpg?fit=590%2C393\" alt=\"\" class=\"wp-image-39375\" srcset=\"https:\/\/i0.wp.com\/blogdoeloiltoncajuhy.com.br\/site\/wp-content\/uploads\/2019\/12\/PMJ_FormaturaProerdPelotao-01.jpg?w=1280&amp;ssl=1 1280w, https:\/\/i0.wp.com\/blogdoeloiltoncajuhy.com.br\/site\/wp-content\/uploads\/2019\/12\/PMJ_FormaturaProerdPelotao-01.jpg?resize=300%2C200&amp;ssl=1 300w, https:\/\/i0.wp.com\/blogdoeloiltoncajuhy.com.br\/site\/wp-content\/uploads\/2019\/12\/PMJ_FormaturaProerdPelotao-01.jpg?resize=1024%2C682&amp;ssl=1 1024w, https:\/\/i0.wp.com\/blogdoeloiltoncajuhy.com.br\/site\/wp-content\/uploads\/2019\/12\/PMJ_FormaturaProerdPelotao-01.jpg?resize=768%2C512&amp;ssl=1 768w, https:\/\/i0.wp.com\/blogdoeloiltoncajuhy.com.br\/site\/wp-content\/uploads\/2019\/12\/PMJ_FormaturaProerdPelotao-01.jpg?resize=250%2C167&amp;ssl=1 250w\" sizes=\"(max-width: 800px) 100vw, 800px\" \/><\/figure><\/div>\n\n\n\n<p>Na noite desta quinta-feira (05), os alunos da rede municipal de Jaguarari e familiares foram condecorados na solenidade de formatura dos recrutas da 1\u00aa turma do Projeto Pelot\u00e3o Mirim e dos alunos participantes do Programa Educacional de Resist\u00eancia \u00e0s Drogas e a Viol\u00eancia &#8211; Proerd, realizada no Gin\u00e1sio de Esportes da Semec, pelo Comando da Policia Militar em parceria com a Prefeitura de Jaguarari, atrav\u00e9s da Secretaria de Educa\u00e7\u00e3o.<\/p>\n\n\n\n<p>O evento protagonizou momentos de emo\u00e7\u00e3o durante a premia\u00e7\u00e3o aos alunos que se destacaram ao longo do curso, bem como, na leitura das reda\u00e7\u00f5es que mostraram o quanto as atividades educativas realizadas pelos coordenadores do Proerd resultaram em grandes mudan\u00e7as nas suas vidas.<\/p>\n\n\n\n<div class=\"wp-block-image\"><figure class=\"aligncenter size-large\"><img decoding=\"async\" width=\"1280\" height=\"853\" src=\"https:\/\/i0.wp.com\/blogdoeloiltoncajuhy.com.br\/site\/wp-content\/uploads\/2019\/12\/PMJ_FormaturaProerdPelotao-02.jpg?fit=590%2C393\" alt=\"\" class=\"wp-image-39376\" srcset=\"https:\/\/i0.wp.com\/blogdoeloiltoncajuhy.com.br\/site\/wp-content\/uploads\/2019\/12\/PMJ_FormaturaProerdPelotao-02.jpg?w=1280&amp;ssl=1 1280w, https:\/\/i0.wp.com\/blogdoeloiltoncajuhy.com.br\/site\/wp-content\/uploads\/2019\/12\/PMJ_FormaturaProerdPelotao-02.jpg?resize=300%2C200&amp;ssl=1 300w, https:\/\/i0.wp.com\/blogdoeloiltoncajuhy.com.br\/site\/wp-content\/uploads\/2019\/12\/PMJ_FormaturaProerdPelotao-02.jpg?resize=1024%2C682&amp;ssl=1 1024w, https:\/\/i0.wp.com\/blogdoeloiltoncajuhy.com.br\/site\/wp-content\/uploads\/2019\/12\/PMJ_FormaturaProerdPelotao-02.jpg?resize=768%2C512&amp;ssl=1 768w, https:\/\/i0.wp.com\/blogdoeloiltoncajuhy.com.br\/site\/wp-content\/uploads\/2019\/12\/PMJ_FormaturaProerdPelotao-02.jpg?resize=250%2C167&amp;ssl=1 250w\" sizes=\"(max-width: 800px) 100vw, 800px\" \/><\/figure><\/div>\n\n\n\n<p>O Proerd contou com a participa\u00e7\u00e3o de estudantes das escolas municipais Maria D&#8217;Arc e Floriano Peixoto, onde a policia militar desenvolveu atividades buscando capacitar alunos para resistir \u00e0s drogas e a viol\u00eancia. <em>\u201cEsses projetos tem como objetivo educar, passar conceitos sobre disciplina e principalmente livrar as nossas crian\u00e7as das drogas\u201d<\/em>, falou a secret\u00e1ria de Educa\u00e7\u00e3o, Edinea Ferreira, durante o evento.<\/p>\n\n\n\n<p>J\u00e1 o projeto que resultou na forma\u00e7\u00e3o da primeira turma do Pelot\u00e3o Mirim, contou com a participa\u00e7\u00e3o de alunos da Escola Municipal Jo\u00e3o Ferreira Matos. A coordenadora do projeto, Poliana Castro, falou da alegria pelo sucesso do projeto no munic\u00edpio. <em>\u201cRealizar a formatura da Primeira Turma de Policiais Mirins de Jaguarari \u00e9 motivo de grande alegria pra todos n\u00f3s. Esta noite representa a certeza do dever cumprido, do sonho realizado, da esperan\u00e7a de dias melhores atrav\u00e9s de jovens jaguararienses&#8221;<\/em>, destacou a coordenadora.<\/p>\n\n\n\n<div class=\"wp-block-image\"><figure class=\"aligncenter size-large\"><img decoding=\"async\" width=\"1280\" height=\"853\" src=\"https:\/\/i0.wp.com\/blogdoeloiltoncajuhy.com.br\/site\/wp-content\/uploads\/2019\/12\/PMJ_FormaturaProerdPelotao-03.jpg?fit=590%2C393\" alt=\"\" class=\"wp-image-39377\" srcset=\"https:\/\/i0.wp.com\/blogdoeloiltoncajuhy.com.br\/site\/wp-content\/uploads\/2019\/12\/PMJ_FormaturaProerdPelotao-03.jpg?w=1280&amp;ssl=1 1280w, https:\/\/i0.wp.com\/blogdoeloiltoncajuhy.com.br\/site\/wp-content\/uploads\/2019\/12\/PMJ_FormaturaProerdPelotao-03.jpg?resize=300%2C200&amp;ssl=1 300w, https:\/\/i0.wp.com\/blogdoeloiltoncajuhy.com.br\/site\/wp-content\/uploads\/2019\/12\/PMJ_FormaturaProerdPelotao-03.jpg?resize=1024%2C682&amp;ssl=1 1024w, https:\/\/i0.wp.com\/blogdoeloiltoncajuhy.com.br\/site\/wp-content\/uploads\/2019\/12\/PMJ_FormaturaProerdPelotao-03.jpg?resize=768%2C512&amp;ssl=1 768w, https:\/\/i0.wp.com\/blogdoeloiltoncajuhy.com.br\/site\/wp-content\/uploads\/2019\/12\/PMJ_FormaturaProerdPelotao-03.jpg?resize=250%2C167&amp;ssl=1 250w\" sizes=\"(max-width: 800px) 100vw, 800px\" \/><\/figure><\/div>\n\n\n\n<p>O Capit\u00e3o da Policia Militar, Neymar Batatinha de Castro, em sua fala destacou a import\u00e2ncia dos pais em continuar o trabalho por eles iniciado na forma\u00e7\u00e3o de cidad\u00e3os respons\u00e1veis e conscientes.<\/p>\n\n\n\n<p>A solenidade contou ainda com a presen\u00e7a dos secret\u00e1rios de governo, do presidente da C\u00e2mara de Vereadores, representantes da Policia Militar, instrutores e coordenadores dos projetos.<\/p>\n\n\n\n<div class=\"wp-block-image\"><figure class=\"aligncenter size-large\"><img loading=\"lazy\" decoding=\"async\" width=\"1280\" height=\"853\" src=\"https:\/\/i1.wp.com\/blogdoeloiltoncajuhy.com.br\/site\/wp-content\/uploads\/2019\/12\/PMJ_FormaturaProerdPelotao-04.jpg?fit=590%2C393\" alt=\"\" class=\"wp-image-39378\" srcset=\"https:\/\/i0.wp.com\/blogdoeloiltoncajuhy.com.br\/site\/wp-content\/uploads\/2019\/12\/PMJ_FormaturaProerdPelotao-04.jpg?w=1280&amp;ssl=1 1280w, https:\/\/i0.wp.com\/blogdoeloiltoncajuhy.com.br\/site\/wp-content\/uploads\/2019\/12\/PMJ_FormaturaProerdPelotao-04.jpg?resize=300%2C200&amp;ssl=1 300w, https:\/\/i0.wp.com\/blogdoeloiltoncajuhy.com.br\/site\/wp-content\/uploads\/2019\/12\/PMJ_FormaturaProerdPelotao-04.jpg?resize=1024%2C682&amp;ssl=1 1024w, https:\/\/i0.wp.com\/blogdoeloiltoncajuhy.com.br\/site\/wp-content\/uploads\/2019\/12\/PMJ_FormaturaProerdPelotao-04.jpg?resize=768%2C512&amp;ssl=1 768w, https:\/\/i0.wp.com\/blogdoeloiltoncajuhy.com.br\/site\/wp-content\/uploads\/2019\/12\/PMJ_FormaturaProerdPelotao-04.jpg?resize=250%2C167&amp;ssl=1 250w\" sizes=\"(max-width: 800px) 100vw, 800px\" \/><\/figure><\/div>\n","protected":false},"excerpt":{"rendered":"<p>ASCOM \u2013 Prefeitura de Jaguarari-BA Na noite desta quinta-feira (05), os alunos da rede municipal de Jaguarari e familiares foram condecorados na solenidade de formatura dos recrutas da 1\u00aa turma do Projeto Pelot\u00e3o Mirim e dos alunos participantes do Programa Educacional de Resist\u00eancia \u00e0s Drogas e a Viol\u00eancia &#8211; Proerd, realizada no Gin\u00e1sio de Esportes [&hellip;]<\/p>\n","protected":false},"author":2,"featured_media":39378,"comment_status":"open","ping_status":"open","sticky":false,"template":"","format":"standard","meta":{"_acf_changed":false,"_monsterinsights_skip_tracking":false,"_monsterinsights_sitenote_active":false,"_monsterinsights_sitenote_note":"","_monsterinsights_sitenote_category":0,"_jetpack_memberships_contains_paid_content":false,"footnotes":"","jetpack_publicize_message":"","jetpack_publicize_feature_enabled":true,"jetpack_social_post_already_shared":true,"jetpack_social_options":{"image_generator_settings":{"template":"highway","default_image_id":0,"font":"","enabled":false},"version":2}},"categories":[1,3,11],"tags":[],"class_list":["post-39374","post","type-post","status-publish","format-standard","has-post-thumbnail","hentry","category-noticias","category-politica","category-regional"],"acf":[],"jetpack_publicize_connections":[],"jetpack_featured_media_url":"https:\/\/i0.wp.com\/blogdoeloiltoncajuhy.com.br\/site\/wp-content\/uploads\/2019\/12\/PMJ_FormaturaProerdPelotao-04.jpg?fit=1280%2C853&ssl=1","jetpack_sharing_enabled":true,"publishpress_future_workflow_manual_trigger":{"enabledWorkflows":[]},"_links":{"self":[{"href":"https:\/\/blogdoeloiltoncajuhy.com.br\/site\/wp-json\/wp\/v2\/posts\/39374","targetHints":{"allow":["GET"]}}],"collection":[{"href":"https:\/\/blogdoeloiltoncajuhy.com.br\/site\/wp-json\/wp\/v2\/posts"}],"about":[{"href":"https:\/\/blogdoeloiltoncajuhy.com.br\/site\/wp-json\/wp\/v2\/types\/post"}],"author":[{"embeddable":true,"href":"https:\/\/blogdoeloiltoncajuhy.com.br\/site\/wp-json\/wp\/v2\/users\/2"}],"replies":[{"embeddable":true,"href":"https:\/\/blogdoeloiltoncajuhy.com.br\/site\/wp-json\/wp\/v2\/comments?post=39374"}],"version-history":[{"count":1,"href":"https:\/\/blogdoeloiltoncajuhy.com.br\/site\/wp-json\/wp\/v2\/posts\/39374\/revisions"}],"predecessor-version":[{"id":39379,"href":"https:\/\/blogdoeloiltoncajuhy.com.br\/site\/wp-json\/wp\/v2\/posts\/39374\/revisions\/39379"}],"wp:featuredmedia":[{"embeddable":true,"href":"https:\/\/blogdoeloiltoncajuhy.com.br\/site\/wp-json\/wp\/v2\/media\/39378"}],"wp:attachment":[{"href":"https:\/\/blogdoeloiltoncajuhy.com.br\/site\/wp-json\/wp\/v2\/media?parent=39374"}],"wp:term":[{"taxonomy":"category","embeddable":true,"href":"https:\/\/blogdoeloiltoncajuhy.com.br\/site\/wp-json\/wp\/v2\/categories?post=39374"},{"taxonomy":"post_tag","embeddable":true,"href":"https:\/\/blogdoeloiltoncajuhy.com.br\/site\/wp-json\/wp\/v2\/tags?post=39374"}],"curies":[{"name":"wp","href":"https:\/\/api.w.org\/{rel}","templated":true}]}}