{"id":39370,"date":"2019-12-06T21:25:09","date_gmt":"2019-12-07T00:25:09","guid":{"rendered":"http:\/\/blogdoeloiltoncajuhy.com.br\/site\/?p=39370"},"modified":"2019-12-06T21:25:15","modified_gmt":"2019-12-07T00:25:15","slug":"seminario-vai-discutir-lei-de-cotas-para-pessoas-com-deficiencia","status":"publish","type":"post","link":"https:\/\/blogdoeloiltoncajuhy.com.br\/site\/seminario-vai-discutir-lei-de-cotas-para-pessoas-com-deficiencia\/","title":{"rendered":"Semin\u00e1rio vai discutir lei de cotas para pessoas com defici\u00eancia"},"content":{"rendered":"\n<p><strong>Da R\u00e1dio C\u00e2mara, de Bras\u00edlia, Karla Alessandra<\/strong><\/p>\n\n\n\n<div class=\"wp-block-image\"><figure class=\"aligncenter size-large\"><img data-recalc-dims=\"1\" fetchpriority=\"high\" decoding=\"async\" width=\"678\" height=\"452\" src=\"https:\/\/i0.wp.com\/blogdoeloiltoncajuhy.com.br\/site\/wp-content\/uploads\/2019\/12\/LeiCotasDeficientes.jpg?resize=678%2C452\" alt=\"\" class=\"wp-image-39371\" srcset=\"https:\/\/i0.wp.com\/blogdoeloiltoncajuhy.com.br\/site\/wp-content\/uploads\/2019\/12\/LeiCotasDeficientes.jpg?w=678&amp;ssl=1 678w, https:\/\/i0.wp.com\/blogdoeloiltoncajuhy.com.br\/site\/wp-content\/uploads\/2019\/12\/LeiCotasDeficientes.jpg?resize=300%2C200&amp;ssl=1 300w, https:\/\/i0.wp.com\/blogdoeloiltoncajuhy.com.br\/site\/wp-content\/uploads\/2019\/12\/LeiCotasDeficientes.jpg?resize=250%2C167&amp;ssl=1 250w\" sizes=\"(max-width: 678px) 100vw, 678px\" \/><\/figure><\/div>\n\n\n\n<p>A Comiss\u00e3o de Defesa dos Direitos da Pessoa com Defici\u00eancia da C\u00e2mara realiza semin\u00e1rio, na quarta-feira (11\/12), para discutir o descumprimento da Lei de Cotas por parte das empresas.<\/p>\n\n\n\n<p>H\u00e1 28 anos, a Lei de Cotas (Lei 8213\/91) determina que empresas, com mais de 100 funcion\u00e1rios mantenham percentual de vagas em seus quadros para a contrata\u00e7\u00e3o de pessoas com defici\u00eancia. Esse percentual varia de 2 a cinco por cento. Mas, ap\u00f3s todos esses anos as empresas ainda n\u00e3o cumprem as determina\u00e7\u00f5es da lei.<\/p>\n\n\n\n<p>Em novembro, o governo encaminhou ao Congresso Nacional um projeto de lei (PL 6159\/19) que flexibiliza a Lei de Cotas.<\/p>\n\n\n\n<p>Na proposta, h\u00e1 duas formas alternativas \u00e0 contrata\u00e7\u00e3o de trabalhadores com defici\u00eancia. Uma \u00e9 a contribui\u00e7\u00e3o, em dinheiro, para a Uni\u00e3o, que vai usar esses recursos para a\u00e7\u00f5es de habilita\u00e7\u00e3o e reabilita\u00e7\u00e3o. A outra forma \u00e9 unir duas ou mais empresas para que, juntas, elas possam alcan\u00e7ar o coeficiente de contrata\u00e7\u00e3o, previsto na lei.<\/p>\n\n\n\n<p>A deputada S\u00e2mia Bomfim, do PSOL de S\u00e3o Paulo, destacou que 90% das pessoas com defici\u00eancia que est\u00e3o empregadas conseguiram suas vagas, atrav\u00e9s do sistema de cotas.<\/p>\n\n\n\n<p><em>\u201c\u00c9 muito grave a decis\u00e3o do governo Jair Bolsonaro de revisar a Lei de Cotas que garante vagas para pessoas com defici\u00eancia tanto no servi\u00e7o p\u00fablico quanto privado. Isso seria um retrocesso num ano que \u00e9 marcado pela necessidade do avan\u00e7o na inclus\u00e3o dessas pessoas. Essa lei foi conquistada, em 1991, n\u00e3o \u00e9 poss\u00edvel que em 2019 o recado que a gente d\u00ea para as pessoas com defici\u00eancia \u00e9 que elas merecem ser expulsas do mercado de trabalho\u201d<\/em>.<\/p>\n\n\n\n<p>Para S\u00e2mia Bomfim melhor seria que a lei fosse alterada para garantir a acessibilidade e melhores condi\u00e7\u00f5es de trabalho para as pessoas com defici\u00eancia.<\/p>\n\n\n\n<p>Foram convidados para participar do Semin\u00e1rio, representantes do Minist\u00e9rio da Economia; do Tribunal de Contas da Uni\u00e3o; do Minist\u00e9rio do Trabalho; da Confedera\u00e7\u00e3o Nacional do Com\u00e9rcio; da Confedera\u00e7\u00e3o Nacional dos Transportes; da Confedera\u00e7\u00e3o Nacional de Agricultura; da Federa\u00e7\u00e3o Brasileira de Bancos; da Petrobr\u00e1s e dos Correios.<\/p>\n\n\n\n<p>O semin\u00e1rio sobre as cotas para pessoas com defici\u00eancia no mercado de trabalho est\u00e1 marcado para esta quarta-feira \u00e0 tarde.<\/p>\n","protected":false},"excerpt":{"rendered":"<p>Da R\u00e1dio C\u00e2mara, de Bras\u00edlia, Karla Alessandra A Comiss\u00e3o de Defesa dos Direitos da Pessoa com Defici\u00eancia da C\u00e2mara realiza semin\u00e1rio, na quarta-feira (11\/12), para discutir o descumprimento da Lei de Cotas por parte das empresas. H\u00e1 28 anos, a Lei de Cotas (Lei 8213\/91) determina que empresas, com mais de 100 funcion\u00e1rios mantenham percentual [&hellip;]<\/p>\n","protected":false},"author":2,"featured_media":39371,"comment_status":"open","ping_status":"open","sticky":false,"template":"","format":"standard","meta":{"_acf_changed":false,"_monsterinsights_skip_tracking":false,"_monsterinsights_sitenote_active":false,"_monsterinsights_sitenote_note":"","_monsterinsights_sitenote_category":0,"_jetpack_memberships_contains_paid_content":false,"footnotes":"","jetpack_publicize_message":"","jetpack_publicize_feature_enabled":true,"jetpack_social_post_already_shared":true,"jetpack_social_options":{"image_generator_settings":{"template":"highway","default_image_id":0,"font":"","enabled":false},"version":2}},"categories":[1,3],"tags":[],"class_list":["post-39370","post","type-post","status-publish","format-standard","has-post-thumbnail","hentry","category-noticias","category-politica"],"acf":[],"jetpack_publicize_connections":[],"jetpack_featured_media_url":"https:\/\/i0.wp.com\/blogdoeloiltoncajuhy.com.br\/site\/wp-content\/uploads\/2019\/12\/LeiCotasDeficientes.jpg?fit=678%2C452&ssl=1","jetpack_sharing_enabled":true,"publishpress_future_workflow_manual_trigger":{"enabledWorkflows":[]},"_links":{"self":[{"href":"https:\/\/blogdoeloiltoncajuhy.com.br\/site\/wp-json\/wp\/v2\/posts\/39370","targetHints":{"allow":["GET"]}}],"collection":[{"href":"https:\/\/blogdoeloiltoncajuhy.com.br\/site\/wp-json\/wp\/v2\/posts"}],"about":[{"href":"https:\/\/blogdoeloiltoncajuhy.com.br\/site\/wp-json\/wp\/v2\/types\/post"}],"author":[{"embeddable":true,"href":"https:\/\/blogdoeloiltoncajuhy.com.br\/site\/wp-json\/wp\/v2\/users\/2"}],"replies":[{"embeddable":true,"href":"https:\/\/blogdoeloiltoncajuhy.com.br\/site\/wp-json\/wp\/v2\/comments?post=39370"}],"version-history":[{"count":1,"href":"https:\/\/blogdoeloiltoncajuhy.com.br\/site\/wp-json\/wp\/v2\/posts\/39370\/revisions"}],"predecessor-version":[{"id":39372,"href":"https:\/\/blogdoeloiltoncajuhy.com.br\/site\/wp-json\/wp\/v2\/posts\/39370\/revisions\/39372"}],"wp:featuredmedia":[{"embeddable":true,"href":"https:\/\/blogdoeloiltoncajuhy.com.br\/site\/wp-json\/wp\/v2\/media\/39371"}],"wp:attachment":[{"href":"https:\/\/blogdoeloiltoncajuhy.com.br\/site\/wp-json\/wp\/v2\/media?parent=39370"}],"wp:term":[{"taxonomy":"category","embeddable":true,"href":"https:\/\/blogdoeloiltoncajuhy.com.br\/site\/wp-json\/wp\/v2\/categories?post=39370"},{"taxonomy":"post_tag","embeddable":true,"href":"https:\/\/blogdoeloiltoncajuhy.com.br\/site\/wp-json\/wp\/v2\/tags?post=39370"}],"curies":[{"name":"wp","href":"https:\/\/api.w.org\/{rel}","templated":true}]}}