{"id":39367,"date":"2019-12-06T20:34:19","date_gmt":"2019-12-06T23:34:19","guid":{"rendered":"http:\/\/blogdoeloiltoncajuhy.com.br\/site\/?p=39367"},"modified":"2019-12-06T20:34:26","modified_gmt":"2019-12-06T23:34:26","slug":"em-noite-de-festa-prefeito-carlos-brasileiro-autoriza-mais-de-meio-milhao-em-obras-para-o-bairro-da-pera","status":"publish","type":"post","link":"https:\/\/blogdoeloiltoncajuhy.com.br\/site\/em-noite-de-festa-prefeito-carlos-brasileiro-autoriza-mais-de-meio-milhao-em-obras-para-o-bairro-da-pera\/","title":{"rendered":"Em noite de festa, prefeito Carlos Brasileiro autoriza mais de meio milh\u00e3o em obras para o bairro da Pera"},"content":{"rendered":"\n<p><strong>ASCOM &#8211; Prefeitura Municipal de Senhor do Bonfim &#8211; BA<\/strong><\/p>\n\n\n\n<div class=\"wp-block-image\"><figure class=\"aligncenter size-large\"><img fetchpriority=\"high\" decoding=\"async\" width=\"1208\" height=\"792\" src=\"https:\/\/i2.wp.com\/blogdoeloiltoncajuhy.com.br\/site\/wp-content\/uploads\/2019\/12\/PMSB_Pra\u00e7aPera.jpg?fit=590%2C387\" alt=\"\" class=\"wp-image-39368\" srcset=\"https:\/\/i0.wp.com\/blogdoeloiltoncajuhy.com.br\/site\/wp-content\/uploads\/2019\/12\/PMSB_Pra%C3%A7aPera.jpg?w=1208&amp;ssl=1 1208w, https:\/\/i0.wp.com\/blogdoeloiltoncajuhy.com.br\/site\/wp-content\/uploads\/2019\/12\/PMSB_Pra%C3%A7aPera.jpg?resize=300%2C197&amp;ssl=1 300w, https:\/\/i0.wp.com\/blogdoeloiltoncajuhy.com.br\/site\/wp-content\/uploads\/2019\/12\/PMSB_Pra%C3%A7aPera.jpg?resize=1024%2C671&amp;ssl=1 1024w, https:\/\/i0.wp.com\/blogdoeloiltoncajuhy.com.br\/site\/wp-content\/uploads\/2019\/12\/PMSB_Pra%C3%A7aPera.jpg?resize=768%2C504&amp;ssl=1 768w, https:\/\/i0.wp.com\/blogdoeloiltoncajuhy.com.br\/site\/wp-content\/uploads\/2019\/12\/PMSB_Pra%C3%A7aPera.jpg?resize=250%2C164&amp;ssl=1 250w\" sizes=\"(max-width: 800px) 100vw, 800px\" \/><\/figure><\/div>\n\n\n\n<p>Dando continuidade ao programa Bonfim em Desenvolvimento \u2013 o maior pacote de obras e investimentos que Senhor do Bonfim j\u00e1 recebeu &#8211; o prefeito Carlos Brasileiro assinou duas importantes ordens de servi\u00e7os que ultrapassam mais de meio milh\u00e3o de reais para melhorias de infraestrutura urbana no bairro da Pera, na grande Gamboa. As ordens de servi\u00e7o contemplam a constru\u00e7\u00e3o da Pra\u00e7a Paulo Roosevelt e a pavimenta\u00e7\u00e3o da Avenida Raimundo Gomes Soares.<\/p>\n\n\n\n<p>O ato de assinatura aconteceu em frente \u00e0 Igreja Nossa Senhora das Gra\u00e7as na noite desta quarta-feira (04), em solenidade que contou com as presen\u00e7as dos secret\u00e1rios municipais, vereadores, lideran\u00e7as comunit\u00e1rias, familiares do homenageado e moradores da grande Gamboa. <em>\u201cEstamos muito felizes com essa homenagem. O projeto da pra\u00e7a est\u00e1 muito bonito e com certeza vai ser um belo ponto de lazer para comunidade\u201d<\/em>, disse Ana Maria Accomanno de Olinda, vi\u00fava do comerciante de tecidos Paulo Roosevelt Almeida de Olinda.<\/p>\n\n\n\n<p>A constru\u00e7\u00e3o da pra\u00e7a \u00e9 fruto de recursos de emenda parlamentar do deputado federal Artur Maia (PPS), por indica\u00e7\u00e3o do vereador Ot\u00e1vio Xisto, popular Tavinho da Pera. <em>\u201c\u00c9 uma grande alegria para todos os moradores e um grande sonho que est\u00e1 come\u00e7ando a ser realizado. A Pra\u00e7a Paulo Roosevelt \u00e9 uma homenagem justa a esse grande homem que sempre amou a nossa comunidade\u201d<\/em>, ressaltou o vereador Tavinho.<\/p>\n\n\n\n<p>O terreno da pra\u00e7a tem cerca de sete mil metros quadrados. Na \u00e1rea ser\u00e3o constru\u00eddos uma academia ao ar livre, parque infantil, \u00e1rea de eventos culturais, dois pergolados de madeira, quiosques, \u00e1rea de cooper, arboriza\u00e7\u00e3o e jardinagem.<\/p>\n\n\n\n<p><em>\u201cHomenagem just\u00edssima por tudo que o empres\u00e1rio Paulo Roosevelt de Olinda fez pelo bairro da Pera\u201d<\/em>, destacou o prefeito Carlos Brasileiro. A execu\u00e7\u00e3o vai custar aproximadamente R$ 520 mil. A empresa vencedora da licita\u00e7\u00e3o respons\u00e1vel pela execu\u00e7\u00e3o \u00e9 a empresa AMG Ramos Eireli Ltda. O prazo para entrega \u00e9 de 6 meses.<\/p>\n\n\n\n<p>Na oportunidade o chefe do Executivo tamb\u00e9m autorizou a pavimenta\u00e7\u00e3o da avenida que leva o nome do saudoso ex-presidente da Associa\u00e7\u00e3o de Moradores da Pera, Raimundo Gomes Soares. <em>&#8220;{\u2026} Raimundo foi um morador inesquec\u00edvel, atuante e voluntario. Um homem sempre dedicado ao nosso bairro\u201d<\/em>, lembrou Tavinho.<\/p>\n\n\n\n<p>A pavimenta\u00e7\u00e3o abrange o trecho de liga\u00e7\u00e3o entre a Rua Pedro Arg\u00f4lo e o Terminal Rodovi\u00e1rio. A obra vai custar cerca de R$ 57 mil e ser\u00e1 realizada com recursos pr\u00f3prios do munic\u00edpio. A execu\u00e7\u00e3o est\u00e1 a cargo da empresa Lima Cunha Construtora Ltda.<\/p>\n\n\n\n<p>At\u00e9 o dia 15 de janeiro, o prefeito pretende assinar mais dez ordens de servi\u00e7o para execu\u00e7\u00e3o de obras que beneficiar\u00e3o todos os bonfinenses. <em>\u201cS\u00e3o obras que est\u00e3o chegando fruto da dedica\u00e7\u00e3o do nosso governo que utiliza de forma devida os recursos do povo bonfinense, assim como, o volume de investimentos do governo estadual, por meio do Governador Rui Costa, que tem demonstrado respeito e aten\u00e7\u00e3o com o nosso trabalho e o nosso povo. Mostra tamb\u00e9m o compromisso de alguns deputados federais e estaduais que foram votados em Bonfim e sabem reconhecer a aten\u00e7\u00e3o do povo bonfinense\u201d<\/em>, destacou o prefeito durante a solenidade.<\/p>\n","protected":false},"excerpt":{"rendered":"<p>ASCOM &#8211; Prefeitura Municipal de Senhor do Bonfim &#8211; BA Dando continuidade ao programa Bonfim em Desenvolvimento \u2013 o maior pacote de obras e investimentos que Senhor do Bonfim j\u00e1 recebeu &#8211; o prefeito Carlos Brasileiro assinou duas importantes ordens de servi\u00e7os que ultrapassam mais de meio milh\u00e3o de reais para melhorias de infraestrutura urbana [&hellip;]<\/p>\n","protected":false},"author":2,"featured_media":39368,"comment_status":"open","ping_status":"open","sticky":false,"template":"","format":"standard","meta":{"_acf_changed":false,"_monsterinsights_skip_tracking":false,"_monsterinsights_sitenote_active":false,"_monsterinsights_sitenote_note":"","_monsterinsights_sitenote_category":0,"_jetpack_memberships_contains_paid_content":false,"footnotes":"","jetpack_publicize_message":"","jetpack_publicize_feature_enabled":true,"jetpack_social_post_already_shared":true,"jetpack_social_options":{"image_generator_settings":{"template":"highway","default_image_id":0,"font":"","enabled":false},"version":2}},"categories":[1,3,4],"tags":[],"class_list":["post-39367","post","type-post","status-publish","format-standard","has-post-thumbnail","hentry","category-noticias","category-politica","category-local"],"acf":[],"jetpack_publicize_connections":[],"jetpack_featured_media_url":"https:\/\/i0.wp.com\/blogdoeloiltoncajuhy.com.br\/site\/wp-content\/uploads\/2019\/12\/PMSB_Pra%C3%A7aPera.jpg?fit=1208%2C792&ssl=1","jetpack_sharing_enabled":true,"publishpress_future_workflow_manual_trigger":{"enabledWorkflows":[]},"_links":{"self":[{"href":"https:\/\/blogdoeloiltoncajuhy.com.br\/site\/wp-json\/wp\/v2\/posts\/39367","targetHints":{"allow":["GET"]}}],"collection":[{"href":"https:\/\/blogdoeloiltoncajuhy.com.br\/site\/wp-json\/wp\/v2\/posts"}],"about":[{"href":"https:\/\/blogdoeloiltoncajuhy.com.br\/site\/wp-json\/wp\/v2\/types\/post"}],"author":[{"embeddable":true,"href":"https:\/\/blogdoeloiltoncajuhy.com.br\/site\/wp-json\/wp\/v2\/users\/2"}],"replies":[{"embeddable":true,"href":"https:\/\/blogdoeloiltoncajuhy.com.br\/site\/wp-json\/wp\/v2\/comments?post=39367"}],"version-history":[{"count":1,"href":"https:\/\/blogdoeloiltoncajuhy.com.br\/site\/wp-json\/wp\/v2\/posts\/39367\/revisions"}],"predecessor-version":[{"id":39369,"href":"https:\/\/blogdoeloiltoncajuhy.com.br\/site\/wp-json\/wp\/v2\/posts\/39367\/revisions\/39369"}],"wp:featuredmedia":[{"embeddable":true,"href":"https:\/\/blogdoeloiltoncajuhy.com.br\/site\/wp-json\/wp\/v2\/media\/39368"}],"wp:attachment":[{"href":"https:\/\/blogdoeloiltoncajuhy.com.br\/site\/wp-json\/wp\/v2\/media?parent=39367"}],"wp:term":[{"taxonomy":"category","embeddable":true,"href":"https:\/\/blogdoeloiltoncajuhy.com.br\/site\/wp-json\/wp\/v2\/categories?post=39367"},{"taxonomy":"post_tag","embeddable":true,"href":"https:\/\/blogdoeloiltoncajuhy.com.br\/site\/wp-json\/wp\/v2\/tags?post=39367"}],"curies":[{"name":"wp","href":"https:\/\/api.w.org\/{rel}","templated":true}]}}