{"id":39354,"date":"2019-12-06T20:08:54","date_gmt":"2019-12-06T23:08:54","guid":{"rendered":"http:\/\/blogdoeloiltoncajuhy.com.br\/site\/?p=39354"},"modified":"2019-12-06T20:09:00","modified_gmt":"2019-12-06T23:09:00","slug":"prefeitura-de-jaguarari-promove-palestras-sobre-alimentacao-saudavel-nas-escolas-da-rede-municipal","status":"publish","type":"post","link":"https:\/\/blogdoeloiltoncajuhy.com.br\/site\/prefeitura-de-jaguarari-promove-palestras-sobre-alimentacao-saudavel-nas-escolas-da-rede-municipal\/","title":{"rendered":"Prefeitura de Jaguarari promove palestras sobre alimenta\u00e7\u00e3o saud\u00e1vel nas escolas da rede municipal"},"content":{"rendered":"\n<p><strong>ASCOM &#8211; Prefeitura de Jaguarari-BA<\/strong><\/p>\n\n\n\n<div class=\"wp-block-image\"><figure class=\"aligncenter size-large is-resized\"><img data-recalc-dims=\"1\" fetchpriority=\"high\" decoding=\"async\" src=\"https:\/\/i0.wp.com\/blogdoeloiltoncajuhy.com.br\/site\/wp-content\/uploads\/2019\/12\/PMJ_Nutricao-01.jpg?resize=432%2C324\" alt=\"\" class=\"wp-image-39355\" width=\"432\" height=\"324\" srcset=\"https:\/\/i0.wp.com\/blogdoeloiltoncajuhy.com.br\/site\/wp-content\/uploads\/2019\/12\/PMJ_Nutricao-01.jpg?w=576&amp;ssl=1 576w, https:\/\/i0.wp.com\/blogdoeloiltoncajuhy.com.br\/site\/wp-content\/uploads\/2019\/12\/PMJ_Nutricao-01.jpg?resize=300%2C225&amp;ssl=1 300w, https:\/\/i0.wp.com\/blogdoeloiltoncajuhy.com.br\/site\/wp-content\/uploads\/2019\/12\/PMJ_Nutricao-01.jpg?resize=250%2C188&amp;ssl=1 250w\" sizes=\"(max-width: 432px) 100vw, 432px\" \/><\/figure><\/div>\n\n\n\n<p>Durante o m\u00eas de novembro, a prefeitura de Jaguarari, por meio da Secretaria de Sa\u00fade, atrav\u00e9s da nutricionista Tamires Marques, respons\u00e1vel t\u00e9cnica pela merenda escolar, realizou a\u00e7\u00f5es educativas em \u00e2mbito escolar. Essas a\u00e7\u00f5es foram realizadas nas escolas municipais Jo\u00e3o Ferreira Matos, Floriano Peixoto, Luiz Viana e Produ\u00e7\u00e3o na localidade do flamengo.<\/p>\n\n\n\n<p>O objetivo foi promover uma reflex\u00e3o nos alunos sobre as vantagens de uma alimenta\u00e7\u00e3o saud\u00e1vel e o preju\u00edzo que uma alimenta\u00e7\u00e3o desequilibrada pode ocasionar. Para isso, foram utilizadas estrat\u00e9gias l\u00fadicas, constru\u00eddas em parceria com os alunos do CETEP, aspirantes a t\u00e9cnicos em nutri\u00e7\u00e3o do munic\u00edpio.<\/p>\n\n\n\n<div class=\"wp-block-image\"><figure class=\"aligncenter size-large is-resized\"><img data-recalc-dims=\"1\" decoding=\"async\" src=\"https:\/\/i0.wp.com\/blogdoeloiltoncajuhy.com.br\/site\/wp-content\/uploads\/2019\/12\/PMJ_Nutricao-02.jpg?resize=432%2C324\" alt=\"\" class=\"wp-image-39356\" width=\"432\" height=\"324\" srcset=\"https:\/\/i0.wp.com\/blogdoeloiltoncajuhy.com.br\/site\/wp-content\/uploads\/2019\/12\/PMJ_Nutricao-02.jpg?w=576&amp;ssl=1 576w, https:\/\/i0.wp.com\/blogdoeloiltoncajuhy.com.br\/site\/wp-content\/uploads\/2019\/12\/PMJ_Nutricao-02.jpg?resize=300%2C225&amp;ssl=1 300w, https:\/\/i0.wp.com\/blogdoeloiltoncajuhy.com.br\/site\/wp-content\/uploads\/2019\/12\/PMJ_Nutricao-02.jpg?resize=250%2C188&amp;ssl=1 250w\" sizes=\"(max-width: 432px) 100vw, 432px\" \/><\/figure><\/div>\n\n\n\n<p>Durante as palestras, foi utilizado a pir\u00e2mide alimentar, instrumento usado para orientar a popula\u00e7\u00e3o sobre um plano alimentar mais saud\u00e1vel. Al\u00e9m disso, foi passada a import\u00e2ncia de r\u00f3tulos, com auxilio de um instrumento capaz de demonstrar visualmente a quantidade de \u00f3leo e carboidrato, muitas vezes, na forma de a\u00e7\u00facar, em diversos alimentos industrializados, com o intuito de facilitar a compreens\u00e3o da tabela nutricional dos alimentos.<\/p>\n\n\n\n<p>Segundo a nutricionista do munic\u00edpio, Tamires Marques, esta a\u00e7\u00e3o ser\u00e1 continuada durante o ano de 2020 em todas as escolas da rede municipal.<\/p>\n","protected":false},"excerpt":{"rendered":"<p>ASCOM &#8211; Prefeitura de Jaguarari-BA Durante o m\u00eas de novembro, a prefeitura de Jaguarari, por meio da Secretaria de Sa\u00fade, atrav\u00e9s da nutricionista Tamires Marques, respons\u00e1vel t\u00e9cnica pela merenda escolar, realizou a\u00e7\u00f5es educativas em \u00e2mbito escolar. Essas a\u00e7\u00f5es foram realizadas nas escolas municipais Jo\u00e3o Ferreira Matos, Floriano Peixoto, Luiz Viana e Produ\u00e7\u00e3o na localidade do [&hellip;]<\/p>\n","protected":false},"author":2,"featured_media":39356,"comment_status":"open","ping_status":"open","sticky":false,"template":"","format":"standard","meta":{"_acf_changed":false,"_monsterinsights_skip_tracking":false,"_monsterinsights_sitenote_active":false,"_monsterinsights_sitenote_note":"","_monsterinsights_sitenote_category":0,"_jetpack_memberships_contains_paid_content":false,"footnotes":"","jetpack_publicize_message":"","jetpack_publicize_feature_enabled":true,"jetpack_social_post_already_shared":true,"jetpack_social_options":{"image_generator_settings":{"template":"highway","default_image_id":0,"font":"","enabled":false},"version":2}},"categories":[1,11],"tags":[],"class_list":["post-39354","post","type-post","status-publish","format-standard","has-post-thumbnail","hentry","category-noticias","category-regional"],"acf":[],"jetpack_publicize_connections":[],"jetpack_featured_media_url":"https:\/\/i0.wp.com\/blogdoeloiltoncajuhy.com.br\/site\/wp-content\/uploads\/2019\/12\/PMJ_Nutricao-02.jpg?fit=576%2C432&ssl=1","jetpack_sharing_enabled":true,"publishpress_future_workflow_manual_trigger":{"enabledWorkflows":[]},"_links":{"self":[{"href":"https:\/\/blogdoeloiltoncajuhy.com.br\/site\/wp-json\/wp\/v2\/posts\/39354","targetHints":{"allow":["GET"]}}],"collection":[{"href":"https:\/\/blogdoeloiltoncajuhy.com.br\/site\/wp-json\/wp\/v2\/posts"}],"about":[{"href":"https:\/\/blogdoeloiltoncajuhy.com.br\/site\/wp-json\/wp\/v2\/types\/post"}],"author":[{"embeddable":true,"href":"https:\/\/blogdoeloiltoncajuhy.com.br\/site\/wp-json\/wp\/v2\/users\/2"}],"replies":[{"embeddable":true,"href":"https:\/\/blogdoeloiltoncajuhy.com.br\/site\/wp-json\/wp\/v2\/comments?post=39354"}],"version-history":[{"count":1,"href":"https:\/\/blogdoeloiltoncajuhy.com.br\/site\/wp-json\/wp\/v2\/posts\/39354\/revisions"}],"predecessor-version":[{"id":39357,"href":"https:\/\/blogdoeloiltoncajuhy.com.br\/site\/wp-json\/wp\/v2\/posts\/39354\/revisions\/39357"}],"wp:featuredmedia":[{"embeddable":true,"href":"https:\/\/blogdoeloiltoncajuhy.com.br\/site\/wp-json\/wp\/v2\/media\/39356"}],"wp:attachment":[{"href":"https:\/\/blogdoeloiltoncajuhy.com.br\/site\/wp-json\/wp\/v2\/media?parent=39354"}],"wp:term":[{"taxonomy":"category","embeddable":true,"href":"https:\/\/blogdoeloiltoncajuhy.com.br\/site\/wp-json\/wp\/v2\/categories?post=39354"},{"taxonomy":"post_tag","embeddable":true,"href":"https:\/\/blogdoeloiltoncajuhy.com.br\/site\/wp-json\/wp\/v2\/tags?post=39354"}],"curies":[{"name":"wp","href":"https:\/\/api.w.org\/{rel}","templated":true}]}}