{"id":39350,"date":"2019-12-06T07:28:40","date_gmt":"2019-12-06T10:28:40","guid":{"rendered":"http:\/\/blogdoeloiltoncajuhy.com.br\/site\/?p=39350"},"modified":"2019-12-06T07:28:46","modified_gmt":"2019-12-06T10:28:46","slug":"jornalista-da-tv-bahia-jessica-senra-passa-a-integrar-rodizio-de-apresentadores-do-jornal-nacional","status":"publish","type":"post","link":"https:\/\/blogdoeloiltoncajuhy.com.br\/site\/jornalista-da-tv-bahia-jessica-senra-passa-a-integrar-rodizio-de-apresentadores-do-jornal-nacional\/","title":{"rendered":"Jornalista da TV Bahia, J\u00e9ssica Senra passa a integrar rod\u00edzio de apresentadores do Jornal Nacional"},"content":{"rendered":"\n<h5 class=\"has-text-align-center wp-block-heading\"><em>Not\u00edcia foi divulgada na edi\u00e7\u00e3o do Bahia Meio Dia desta quinta-feira (5). Ela vai apresentar algumas edi\u00e7\u00f5es do telejornal aos s\u00e1bados, a partir de 2020<\/em><\/h5>\n\n\n\n<p><strong>Por G1 BA<\/strong><\/p>\n\n\n\n<div class=\"wp-block-image\"><figure class=\"aligncenter size-large is-resized\"><img data-recalc-dims=\"1\" fetchpriority=\"high\" decoding=\"async\" src=\"https:\/\/i0.wp.com\/blogdoeloiltoncajuhy.com.br\/site\/wp-content\/uploads\/2019\/12\/JessicaSenra.jpg?resize=471%2C347\" alt=\"\" class=\"wp-image-39352\" width=\"471\" height=\"347\" srcset=\"https:\/\/i0.wp.com\/blogdoeloiltoncajuhy.com.br\/site\/wp-content\/uploads\/2019\/12\/JessicaSenra.jpg?w=380&amp;ssl=1 380w, https:\/\/i0.wp.com\/blogdoeloiltoncajuhy.com.br\/site\/wp-content\/uploads\/2019\/12\/JessicaSenra.jpg?resize=300%2C221&amp;ssl=1 300w, https:\/\/i0.wp.com\/blogdoeloiltoncajuhy.com.br\/site\/wp-content\/uploads\/2019\/12\/JessicaSenra.jpg?resize=250%2C184&amp;ssl=1 250w\" sizes=\"(max-width: 471px) 100vw, 471px\" \/><figcaption><em>Foto: Reprodu\u00e7\u00e3o \/ Observat\u00f3rio da TV<\/em><\/figcaption><\/figure><\/div>\n\n\n\n<p>A jornalista J\u00e9ssica Senra, da TV Bahia, vai integrar o rod\u00edzio de apresentadores do Jornal Nacional (JN), da Rede Globo, a partir de 2020. Ela vai apresentar algumas edi\u00e7\u00f5es do telejornal aos s\u00e1bados. A not\u00edcia foi divulgada na edi\u00e7\u00e3o do Bahia Meio Dia desta quinta-feira (5).<\/p>\n\n\n\n<p>J\u00e9ssica contou que a oportunidade foi recebida com muita alegria. <em>&#8220;Eu quero dividir com voc\u00ea uma not\u00edcia maravilhosa que n\u00f3s recebemos hoje, aqui na TV Bahia, e eu tenho certeza que voc\u00eas do outro lado v\u00e3o vibrar tamb\u00e9m. Voc\u00eas sabem que, em setembro, eu representei a TV Bahia e a Bahia nas comemora\u00e7\u00f5es do Jornal Nacional, dos 50 anos. Recebi o apoio e o carinho do meu estado durante essa apresenta\u00e7\u00e3o&#8221;<\/em>, disse.<\/p>\n\n\n\n<p>Durante o comunicado, a apresentadora ainda agradeceu pelo apoio e o carinho do p\u00fablico e afirmou que est\u00e1 feliz por representar n\u00e3o apenas a TV Bahia, mas o estado.<\/p>\n\n\n\n<p><em>&#8220;Justamente por esse amor e carinho que voc\u00eas demonstraram, eu tenho certeza que, a partir de agora, voc\u00eas v\u00e3o se alegrar junto comigo. A partir de 2020, a TV Bahia, e a Bahia, tem um espa\u00e7o fixo no Jornal Nacional. Eu come\u00e7o fazer parte da equipe de plantonistas do Jornal Nacional, s\u00e3o aqueles apresentadores que fazem o jornal nos finais de semana. Eu compartilho com voc\u00eas, eu agrade\u00e7o a voc\u00eas o apoio, o carinho, e a honra de ser representante da nossa TV, e do nosso estado para todo o Brasil, obrigado pelo apoio e carinho de sempre&#8221;<\/em>, disse J\u00e9ssica.<\/p>\n\n\n\n<p>Al\u00e9m dela, os jornalistas Aline Aguiar, de Minas Gerais, e M\u00e1rcio Bonfim, de Recife, tamb\u00e9m v\u00e3o passar a integrar o rod\u00edzio de apresentadores do Jornal Nacional.<\/p>\n\n\n\n<div class=\"wp-block-image\"><figure class=\"aligncenter size-large\"><img data-recalc-dims=\"1\" decoding=\"async\" width=\"800\" height=\"528\" src=\"https:\/\/i0.wp.com\/blogdoeloiltoncajuhy.com.br\/site\/wp-content\/uploads\/2019\/12\/JessicaSenraJN50.jpg?resize=800%2C528\" alt=\"\" class=\"wp-image-39351\" srcset=\"https:\/\/i0.wp.com\/blogdoeloiltoncajuhy.com.br\/site\/wp-content\/uploads\/2019\/12\/JessicaSenraJN50.jpg?w=984&amp;ssl=1 984w, https:\/\/i0.wp.com\/blogdoeloiltoncajuhy.com.br\/site\/wp-content\/uploads\/2019\/12\/JessicaSenraJN50.jpg?resize=300%2C198&amp;ssl=1 300w, https:\/\/i0.wp.com\/blogdoeloiltoncajuhy.com.br\/site\/wp-content\/uploads\/2019\/12\/JessicaSenraJN50.jpg?resize=768%2C507&amp;ssl=1 768w, https:\/\/i0.wp.com\/blogdoeloiltoncajuhy.com.br\/site\/wp-content\/uploads\/2019\/12\/JessicaSenraJN50.jpg?resize=250%2C165&amp;ssl=1 250w\" sizes=\"(max-width: 800px) 100vw, 800px\" \/><figcaption><em>Ayres Rocha e J\u00e9ssica Senra apresentaram o JN em setembro \u2014 Foto: Divulga\u00e7\u00e3o<\/em><\/figcaption><\/figure><\/div>\n\n\n\n<p>A primeira participa\u00e7\u00e3o de J\u00e9ssica no JN ocorreu no dia 7 de setembro deste ano. Ela e o apresentador Ayres Rocha, do Acre, comandaram a edi\u00e7\u00e3o que fez parte do projeto &#8220;JN50&#8221;, que celebrou os 50 anos do telejornal.<\/p>\n","protected":false},"excerpt":{"rendered":"<p>Not\u00edcia foi divulgada na edi\u00e7\u00e3o do Bahia Meio Dia desta quinta-feira (5). Ela vai apresentar algumas edi\u00e7\u00f5es do telejornal aos s\u00e1bados, a partir de 2020 Por G1 BA A jornalista J\u00e9ssica Senra, da TV Bahia, vai integrar o rod\u00edzio de apresentadores do Jornal Nacional (JN), da Rede Globo, a partir de 2020. Ela vai apresentar [&hellip;]<\/p>\n","protected":false},"author":2,"featured_media":39352,"comment_status":"open","ping_status":"open","sticky":false,"template":"","format":"standard","meta":{"_acf_changed":false,"_monsterinsights_skip_tracking":false,"_monsterinsights_sitenote_active":false,"_monsterinsights_sitenote_note":"","_monsterinsights_sitenote_category":0,"_jetpack_memberships_contains_paid_content":false,"footnotes":"","jetpack_publicize_message":"","jetpack_publicize_feature_enabled":true,"jetpack_social_post_already_shared":true,"jetpack_social_options":{"image_generator_settings":{"template":"highway","default_image_id":0,"font":"","enabled":false},"version":2}},"categories":[5,1],"tags":[],"class_list":["post-39350","post","type-post","status-publish","format-standard","has-post-thumbnail","hentry","category-cotidiano","category-noticias"],"acf":[],"jetpack_publicize_connections":[],"jetpack_featured_media_url":"https:\/\/i0.wp.com\/blogdoeloiltoncajuhy.com.br\/site\/wp-content\/uploads\/2019\/12\/JessicaSenra.jpg?fit=380%2C280&ssl=1","jetpack_sharing_enabled":true,"publishpress_future_workflow_manual_trigger":{"enabledWorkflows":[]},"_links":{"self":[{"href":"https:\/\/blogdoeloiltoncajuhy.com.br\/site\/wp-json\/wp\/v2\/posts\/39350","targetHints":{"allow":["GET"]}}],"collection":[{"href":"https:\/\/blogdoeloiltoncajuhy.com.br\/site\/wp-json\/wp\/v2\/posts"}],"about":[{"href":"https:\/\/blogdoeloiltoncajuhy.com.br\/site\/wp-json\/wp\/v2\/types\/post"}],"author":[{"embeddable":true,"href":"https:\/\/blogdoeloiltoncajuhy.com.br\/site\/wp-json\/wp\/v2\/users\/2"}],"replies":[{"embeddable":true,"href":"https:\/\/blogdoeloiltoncajuhy.com.br\/site\/wp-json\/wp\/v2\/comments?post=39350"}],"version-history":[{"count":1,"href":"https:\/\/blogdoeloiltoncajuhy.com.br\/site\/wp-json\/wp\/v2\/posts\/39350\/revisions"}],"predecessor-version":[{"id":39353,"href":"https:\/\/blogdoeloiltoncajuhy.com.br\/site\/wp-json\/wp\/v2\/posts\/39350\/revisions\/39353"}],"wp:featuredmedia":[{"embeddable":true,"href":"https:\/\/blogdoeloiltoncajuhy.com.br\/site\/wp-json\/wp\/v2\/media\/39352"}],"wp:attachment":[{"href":"https:\/\/blogdoeloiltoncajuhy.com.br\/site\/wp-json\/wp\/v2\/media?parent=39350"}],"wp:term":[{"taxonomy":"category","embeddable":true,"href":"https:\/\/blogdoeloiltoncajuhy.com.br\/site\/wp-json\/wp\/v2\/categories?post=39350"},{"taxonomy":"post_tag","embeddable":true,"href":"https:\/\/blogdoeloiltoncajuhy.com.br\/site\/wp-json\/wp\/v2\/tags?post=39350"}],"curies":[{"name":"wp","href":"https:\/\/api.w.org\/{rel}","templated":true}]}}