{"id":39348,"date":"2019-12-06T07:13:57","date_gmt":"2019-12-06T10:13:57","guid":{"rendered":"http:\/\/blogdoeloiltoncajuhy.com.br\/site\/?p=39348"},"modified":"2019-12-06T07:14:03","modified_gmt":"2019-12-06T10:14:03","slug":"renovacao-de-matriculas-da-rede-estadual-de-ensino-da-bahia-segue-ate-terca-feira-confira","status":"publish","type":"post","link":"https:\/\/blogdoeloiltoncajuhy.com.br\/site\/renovacao-de-matriculas-da-rede-estadual-de-ensino-da-bahia-segue-ate-terca-feira-confira\/","title":{"rendered":"Renova\u00e7\u00e3o de matr\u00edculas da rede estadual de ensino da Bahia segue at\u00e9 ter\u00e7a-feira; confira"},"content":{"rendered":"\n<h5 class=\"has-text-align-center wp-block-heading\"><em>Processo pode ser realizado por meio do aplicativo SAC Digital ou pr\u00f3prio site do SAC<\/em><\/h5>\n\n\n\n<p><strong>Por G1 BA<\/strong><\/p>\n\n\n\n<div class=\"wp-block-image\"><figure class=\"aligncenter size-large\"><img data-recalc-dims=\"1\" fetchpriority=\"high\" decoding=\"async\" width=\"600\" height=\"288\" src=\"https:\/\/i0.wp.com\/blogdoeloiltoncajuhy.com.br\/site\/wp-content\/uploads\/2019\/11\/MatriculasRedeEstadual-2019-2020.jpg?resize=600%2C288\" alt=\"\" class=\"wp-image-38865\" srcset=\"https:\/\/i0.wp.com\/blogdoeloiltoncajuhy.com.br\/site\/wp-content\/uploads\/2019\/11\/MatriculasRedeEstadual-2019-2020.jpg?w=600&amp;ssl=1 600w, https:\/\/i0.wp.com\/blogdoeloiltoncajuhy.com.br\/site\/wp-content\/uploads\/2019\/11\/MatriculasRedeEstadual-2019-2020.jpg?resize=300%2C144&amp;ssl=1 300w, https:\/\/i0.wp.com\/blogdoeloiltoncajuhy.com.br\/site\/wp-content\/uploads\/2019\/11\/MatriculasRedeEstadual-2019-2020.jpg?resize=250%2C120&amp;ssl=1 250w\" sizes=\"(max-width: 600px) 100vw, 600px\" \/><figcaption><em>Renova\u00e7\u00e3o de matr\u00edcula dos estudantes na rede estadual de ensino na Bahia segue at\u00e9 ter\u00e7a-feira (10) \u2014 Foto: Divulga\u00e7\u00e3o\/SEC<\/em><\/figcaption><\/figure><\/div>\n\n\n\n<p>A renova\u00e7\u00e3o da matr\u00edcula para os estudantes da rede estadual de ensino na Bahia, com uma frequ\u00eancia regular no ano de 2019, segue at\u00e9 ter\u00e7a-feira (10). O processo pode ser realizado por meio do aplicativo SAC Digital ou pr\u00f3prio site do SAC.<\/p>\n\n\n\n<p>Os estudantes j\u00e1 matriculados na rede estadual tamb\u00e9m poder\u00e3o optar por fazer a renova\u00e7\u00e3o da matr\u00edcula na pr\u00f3pria escola.<\/p>\n\n\n\n<p>Os alunos novos poder\u00e3o utilizar o SAC Digital, mas a matr\u00edcula acontecer\u00e1 entre os dias 21 e 28 de janeiro de 2020. Ap\u00f3s o cadastro online, eles ter\u00e3o 24 horas para apresentar a documenta\u00e7\u00e3o necess\u00e1ria na escola matriculada.<\/p>\n\n\n\n<p class=\"has-medium-font-size\"><strong>Cadastro<\/strong><\/p>\n\n\n\n<p>Para realizar o cadastro, o estudante precisa acessar o SAC Digital (portal ou aplicativo) e clicar em \u201cCadastre-se\u201d no menu principal. Em seguida, \u00e9 s\u00f3 preencher um formul\u00e1rio. No campo \u201cE-mail\u201d, \u00e9 necess\u00e1rio informar um e-mail que o usu\u00e1rio costuma acessar e que lembra a senha.<\/p>\n\n\n\n<p>No final do cadastro, ser\u00e1 necess\u00e1rio acessar o e-mail para ativar a conta no SAC Digital. A matr\u00edcula s\u00f3 poder\u00e1 ser realizada mediante este cadastro.<\/p>\n","protected":false},"excerpt":{"rendered":"<p>Processo pode ser realizado por meio do aplicativo SAC Digital ou pr\u00f3prio site do SAC Por G1 BA A renova\u00e7\u00e3o da matr\u00edcula para os estudantes da rede estadual de ensino na Bahia, com uma frequ\u00eancia regular no ano de 2019, segue at\u00e9 ter\u00e7a-feira (10). O processo pode ser realizado por meio do aplicativo SAC Digital [&hellip;]<\/p>\n","protected":false},"author":2,"featured_media":0,"comment_status":"open","ping_status":"open","sticky":false,"template":"","format":"standard","meta":{"_acf_changed":false,"_monsterinsights_skip_tracking":false,"_monsterinsights_sitenote_active":false,"_monsterinsights_sitenote_note":"","_monsterinsights_sitenote_category":0,"_jetpack_memberships_contains_paid_content":false,"footnotes":"","jetpack_publicize_message":"","jetpack_publicize_feature_enabled":true,"jetpack_social_post_already_shared":true,"jetpack_social_options":{"image_generator_settings":{"template":"highway","default_image_id":0,"font":"","enabled":false},"version":2}},"categories":[14,1],"tags":[],"class_list":["post-39348","post","type-post","status-publish","format-standard","hentry","category-educacao","category-noticias"],"acf":[],"jetpack_publicize_connections":[],"jetpack_featured_media_url":"","jetpack_sharing_enabled":true,"publishpress_future_workflow_manual_trigger":{"enabledWorkflows":[]},"_links":{"self":[{"href":"https:\/\/blogdoeloiltoncajuhy.com.br\/site\/wp-json\/wp\/v2\/posts\/39348","targetHints":{"allow":["GET"]}}],"collection":[{"href":"https:\/\/blogdoeloiltoncajuhy.com.br\/site\/wp-json\/wp\/v2\/posts"}],"about":[{"href":"https:\/\/blogdoeloiltoncajuhy.com.br\/site\/wp-json\/wp\/v2\/types\/post"}],"author":[{"embeddable":true,"href":"https:\/\/blogdoeloiltoncajuhy.com.br\/site\/wp-json\/wp\/v2\/users\/2"}],"replies":[{"embeddable":true,"href":"https:\/\/blogdoeloiltoncajuhy.com.br\/site\/wp-json\/wp\/v2\/comments?post=39348"}],"version-history":[{"count":1,"href":"https:\/\/blogdoeloiltoncajuhy.com.br\/site\/wp-json\/wp\/v2\/posts\/39348\/revisions"}],"predecessor-version":[{"id":39349,"href":"https:\/\/blogdoeloiltoncajuhy.com.br\/site\/wp-json\/wp\/v2\/posts\/39348\/revisions\/39349"}],"wp:attachment":[{"href":"https:\/\/blogdoeloiltoncajuhy.com.br\/site\/wp-json\/wp\/v2\/media?parent=39348"}],"wp:term":[{"taxonomy":"category","embeddable":true,"href":"https:\/\/blogdoeloiltoncajuhy.com.br\/site\/wp-json\/wp\/v2\/categories?post=39348"},{"taxonomy":"post_tag","embeddable":true,"href":"https:\/\/blogdoeloiltoncajuhy.com.br\/site\/wp-json\/wp\/v2\/tags?post=39348"}],"curies":[{"name":"wp","href":"https:\/\/api.w.org\/{rel}","templated":true}]}}