{"id":39346,"date":"2019-12-06T07:07:43","date_gmt":"2019-12-06T10:07:43","guid":{"rendered":"http:\/\/blogdoeloiltoncajuhy.com.br\/site\/?p=39346"},"modified":"2019-12-06T07:07:49","modified_gmt":"2019-12-06T10:07:49","slug":"5a-edicao-do-projeto-pequeno-cidadao-acontece-dia-14-no-sac-de-bonfim","status":"publish","type":"post","link":"https:\/\/blogdoeloiltoncajuhy.com.br\/site\/5a-edicao-do-projeto-pequeno-cidadao-acontece-dia-14-no-sac-de-bonfim\/","title":{"rendered":"5\u00aa edi\u00e7\u00e3o do Projeto Pequeno Cidad\u00e3o acontece dia 14 no SAC de Bonfim"},"content":{"rendered":"\n<p><strong>BLOG DO ELOILTON CAJUHY<\/strong><\/p>\n\n\n\n<div class=\"wp-block-image\"><figure class=\"aligncenter size-large is-resized\"><img data-recalc-dims=\"1\" fetchpriority=\"high\" decoding=\"async\" src=\"https:\/\/i0.wp.com\/blogdoeloiltoncajuhy.com.br\/site\/wp-content\/uploads\/2019\/10\/SACLogotipo.jpg?resize=332%2C249\" alt=\"\" class=\"wp-image-38361\" width=\"332\" height=\"249\" srcset=\"https:\/\/i0.wp.com\/blogdoeloiltoncajuhy.com.br\/site\/wp-content\/uploads\/2019\/10\/SACLogotipo.jpg?w=960&amp;ssl=1 960w, https:\/\/i0.wp.com\/blogdoeloiltoncajuhy.com.br\/site\/wp-content\/uploads\/2019\/10\/SACLogotipo.jpg?resize=300%2C225&amp;ssl=1 300w, https:\/\/i0.wp.com\/blogdoeloiltoncajuhy.com.br\/site\/wp-content\/uploads\/2019\/10\/SACLogotipo.jpg?resize=768%2C576&amp;ssl=1 768w, https:\/\/i0.wp.com\/blogdoeloiltoncajuhy.com.br\/site\/wp-content\/uploads\/2019\/10\/SACLogotipo.jpg?resize=250%2C188&amp;ssl=1 250w\" sizes=\"(max-width: 332px) 100vw, 332px\" \/><\/figure><\/div>\n\n\n\n<p>No pr\u00f3ximo dia 14, s\u00e1bado, o SAC de Senhor do Bonfim estar\u00e1 aberto das 7h \u00e0s 13h para a 5\u00aa edi\u00e7\u00e3o do Projeto Pequeno Cidad\u00e3o, que ir\u00e1 facilitar o acesso de crian\u00e7as para emiss\u00e3o da 1\u00aa identidade.<\/p>\n\n\n\n<p>Para conseguir o atendimento, \u00e9 necess\u00e1rio que os respons\u00e1veis agendem por telefone ou compare\u00e7am ao \u00f3rg\u00e3o. O n\u00famero \u00e9 3542-1798.<\/p>\n\n\n\n<p><strong>Documentos necess\u00e1rios:<\/strong><\/p>\n\n\n\n<ul class=\"wp-block-list\"><li>Certid\u00e3o de Nascimento original ou c\u00f3pia autenticada;<\/li><\/ul>\n\n\n\n<ul class=\"wp-block-list\"><li>Para crian\u00e7a de at\u00e9 tr\u00eas anos de idade, \u00e9 preciso uma foto 3&#215;4 com fundo branco.<\/li><\/ul>\n","protected":false},"excerpt":{"rendered":"<p>BLOG DO ELOILTON CAJUHY No pr\u00f3ximo dia 14, s\u00e1bado, o SAC de Senhor do Bonfim estar\u00e1 aberto das 7h \u00e0s 13h para a 5\u00aa edi\u00e7\u00e3o do Projeto Pequeno Cidad\u00e3o, que ir\u00e1 facilitar o acesso de crian\u00e7as para emiss\u00e3o da 1\u00aa identidade. Para conseguir o atendimento, \u00e9 necess\u00e1rio que os respons\u00e1veis agendem por telefone ou compare\u00e7am [&hellip;]<\/p>\n","protected":false},"author":2,"featured_media":0,"comment_status":"open","ping_status":"open","sticky":false,"template":"","format":"standard","meta":{"_acf_changed":false,"_monsterinsights_skip_tracking":false,"_monsterinsights_sitenote_active":false,"_monsterinsights_sitenote_note":"","_monsterinsights_sitenote_category":0,"_jetpack_memberships_contains_paid_content":false,"footnotes":"","jetpack_publicize_message":"","jetpack_publicize_feature_enabled":true,"jetpack_social_post_already_shared":true,"jetpack_social_options":{"image_generator_settings":{"template":"highway","default_image_id":0,"font":"","enabled":false},"version":2}},"categories":[1,4],"tags":[],"class_list":["post-39346","post","type-post","status-publish","format-standard","hentry","category-noticias","category-local"],"acf":[],"jetpack_publicize_connections":[],"jetpack_featured_media_url":"","jetpack_sharing_enabled":true,"publishpress_future_workflow_manual_trigger":{"enabledWorkflows":[]},"_links":{"self":[{"href":"https:\/\/blogdoeloiltoncajuhy.com.br\/site\/wp-json\/wp\/v2\/posts\/39346","targetHints":{"allow":["GET"]}}],"collection":[{"href":"https:\/\/blogdoeloiltoncajuhy.com.br\/site\/wp-json\/wp\/v2\/posts"}],"about":[{"href":"https:\/\/blogdoeloiltoncajuhy.com.br\/site\/wp-json\/wp\/v2\/types\/post"}],"author":[{"embeddable":true,"href":"https:\/\/blogdoeloiltoncajuhy.com.br\/site\/wp-json\/wp\/v2\/users\/2"}],"replies":[{"embeddable":true,"href":"https:\/\/blogdoeloiltoncajuhy.com.br\/site\/wp-json\/wp\/v2\/comments?post=39346"}],"version-history":[{"count":1,"href":"https:\/\/blogdoeloiltoncajuhy.com.br\/site\/wp-json\/wp\/v2\/posts\/39346\/revisions"}],"predecessor-version":[{"id":39347,"href":"https:\/\/blogdoeloiltoncajuhy.com.br\/site\/wp-json\/wp\/v2\/posts\/39346\/revisions\/39347"}],"wp:attachment":[{"href":"https:\/\/blogdoeloiltoncajuhy.com.br\/site\/wp-json\/wp\/v2\/media?parent=39346"}],"wp:term":[{"taxonomy":"category","embeddable":true,"href":"https:\/\/blogdoeloiltoncajuhy.com.br\/site\/wp-json\/wp\/v2\/categories?post=39346"},{"taxonomy":"post_tag","embeddable":true,"href":"https:\/\/blogdoeloiltoncajuhy.com.br\/site\/wp-json\/wp\/v2\/tags?post=39346"}],"curies":[{"name":"wp","href":"https:\/\/api.w.org\/{rel}","templated":true}]}}