{"id":39341,"date":"2019-12-06T06:45:01","date_gmt":"2019-12-06T09:45:01","guid":{"rendered":"http:\/\/blogdoeloiltoncajuhy.com.br\/site\/?p=39341"},"modified":"2019-12-06T06:45:08","modified_gmt":"2019-12-06T09:45:08","slug":"programa-morar-bem-viver-melhor-e-aprovado-pela-camara-de-jaguarari","status":"publish","type":"post","link":"https:\/\/blogdoeloiltoncajuhy.com.br\/site\/programa-morar-bem-viver-melhor-e-aprovado-pela-camara-de-jaguarari\/","title":{"rendered":"Programa Morar Bem, Viver Melhor \u00e9 aprovado pela c\u00e2mara de Jaguarari"},"content":{"rendered":"\n<p><strong>ASCOM &#8211; Prefeitura de Jaguarari-BA<\/strong><\/p>\n\n\n\n<div class=\"wp-block-image\"><figure class=\"aligncenter size-large is-resized\"><img data-recalc-dims=\"1\" fetchpriority=\"high\" decoding=\"async\" src=\"https:\/\/i0.wp.com\/blogdoeloiltoncajuhy.com.br\/site\/wp-content\/uploads\/2019\/11\/PMJ_MorarBemViverMelhor.jpg?resize=355%2C404\" alt=\"\" class=\"wp-image-39129\" width=\"355\" height=\"404\" srcset=\"https:\/\/i0.wp.com\/blogdoeloiltoncajuhy.com.br\/site\/wp-content\/uploads\/2019\/11\/PMJ_MorarBemViverMelhor.jpg?w=843&amp;ssl=1 843w, https:\/\/i0.wp.com\/blogdoeloiltoncajuhy.com.br\/site\/wp-content\/uploads\/2019\/11\/PMJ_MorarBemViverMelhor.jpg?resize=264%2C300&amp;ssl=1 264w, https:\/\/i0.wp.com\/blogdoeloiltoncajuhy.com.br\/site\/wp-content\/uploads\/2019\/11\/PMJ_MorarBemViverMelhor.jpg?resize=768%2C874&amp;ssl=1 768w, https:\/\/i0.wp.com\/blogdoeloiltoncajuhy.com.br\/site\/wp-content\/uploads\/2019\/11\/PMJ_MorarBemViverMelhor.jpg?resize=220%2C250&amp;ssl=1 220w\" sizes=\"(max-width: 355px) 100vw, 355px\" \/><\/figure><\/div>\n\n\n\n<p>Nesta quinta-feira (05), o Projeto de Lei N\u00ba 023\/2019, enviado pelo executivo, que trata do \u201cPrograma Morar Bem, Viver Melhor\u201d, que tem como objetivo promover reformas em resid\u00eancias prec\u00e1rias por todo munic\u00edpio, foi aprovado na C\u00e2mara de Vereadores.<\/p>\n\n\n\n<p>O projeto agora precisa ser sancionado pelo Prefeito Everton Rocha para entrar em vigor e beneficiar fam\u00edlias de baixa renda, oferecendo os seguintes servi\u00e7os:<\/p>\n\n\n\n<p>\u2022 Instala\u00e7\u00f5es Sanit\u00e1rias<br>\u2022 Servi\u00e7os de Pintura e Reboco<br>\u2022 Recupera\u00e7\u00e3o ou troca de telhado<br>\u2022 Troca de esquadrias (portas, janelas, port\u00f5es e venezianas)<\/p>\n\n\n\n<p><em>&#8220;Agora com o projeto aprovado poderemos iniciar essa requalifica\u00e7\u00e3o habitacional das fam\u00edlias carentes do munic\u00edpio, proporcionando mais conforto e uma condi\u00e7\u00e3o de vida melhor&#8221;<\/em>, comemorou o prefeito Everton Rocha.<\/p>\n","protected":false},"excerpt":{"rendered":"<p>ASCOM &#8211; Prefeitura de Jaguarari-BA Nesta quinta-feira (05), o Projeto de Lei N\u00ba 023\/2019, enviado pelo executivo, que trata do \u201cPrograma Morar Bem, Viver Melhor\u201d, que tem como objetivo promover reformas em resid\u00eancias prec\u00e1rias por todo munic\u00edpio, foi aprovado na C\u00e2mara de Vereadores. O projeto agora precisa ser sancionado pelo Prefeito Everton Rocha para entrar [&hellip;]<\/p>\n","protected":false},"author":2,"featured_media":0,"comment_status":"open","ping_status":"open","sticky":false,"template":"","format":"standard","meta":{"_acf_changed":false,"_monsterinsights_skip_tracking":false,"_monsterinsights_sitenote_active":false,"_monsterinsights_sitenote_note":"","_monsterinsights_sitenote_category":0,"_jetpack_memberships_contains_paid_content":false,"footnotes":"","jetpack_publicize_message":"","jetpack_publicize_feature_enabled":true,"jetpack_social_post_already_shared":true,"jetpack_social_options":{"image_generator_settings":{"template":"highway","default_image_id":0,"font":"","enabled":false},"version":2}},"categories":[1,3,11],"tags":[],"class_list":["post-39341","post","type-post","status-publish","format-standard","hentry","category-noticias","category-politica","category-regional"],"acf":[],"jetpack_publicize_connections":[],"jetpack_featured_media_url":"","jetpack_sharing_enabled":true,"publishpress_future_workflow_manual_trigger":{"enabledWorkflows":[]},"_links":{"self":[{"href":"https:\/\/blogdoeloiltoncajuhy.com.br\/site\/wp-json\/wp\/v2\/posts\/39341","targetHints":{"allow":["GET"]}}],"collection":[{"href":"https:\/\/blogdoeloiltoncajuhy.com.br\/site\/wp-json\/wp\/v2\/posts"}],"about":[{"href":"https:\/\/blogdoeloiltoncajuhy.com.br\/site\/wp-json\/wp\/v2\/types\/post"}],"author":[{"embeddable":true,"href":"https:\/\/blogdoeloiltoncajuhy.com.br\/site\/wp-json\/wp\/v2\/users\/2"}],"replies":[{"embeddable":true,"href":"https:\/\/blogdoeloiltoncajuhy.com.br\/site\/wp-json\/wp\/v2\/comments?post=39341"}],"version-history":[{"count":1,"href":"https:\/\/blogdoeloiltoncajuhy.com.br\/site\/wp-json\/wp\/v2\/posts\/39341\/revisions"}],"predecessor-version":[{"id":39342,"href":"https:\/\/blogdoeloiltoncajuhy.com.br\/site\/wp-json\/wp\/v2\/posts\/39341\/revisions\/39342"}],"wp:attachment":[{"href":"https:\/\/blogdoeloiltoncajuhy.com.br\/site\/wp-json\/wp\/v2\/media?parent=39341"}],"wp:term":[{"taxonomy":"category","embeddable":true,"href":"https:\/\/blogdoeloiltoncajuhy.com.br\/site\/wp-json\/wp\/v2\/categories?post=39341"},{"taxonomy":"post_tag","embeddable":true,"href":"https:\/\/blogdoeloiltoncajuhy.com.br\/site\/wp-json\/wp\/v2\/tags?post=39341"}],"curies":[{"name":"wp","href":"https:\/\/api.w.org\/{rel}","templated":true}]}}