{"id":39311,"date":"2019-12-04T15:44:02","date_gmt":"2019-12-04T18:44:02","guid":{"rendered":"http:\/\/blogdoeloiltoncajuhy.com.br\/site\/?p=39311"},"modified":"2019-12-04T15:44:09","modified_gmt":"2019-12-04T18:44:09","slug":"veja-o-resumo-da-sessao-ordinaria-da-camara-municipal-de-senhor-do-bonfim-desta-terca-feira-03-2","status":"publish","type":"post","link":"https:\/\/blogdoeloiltoncajuhy.com.br\/site\/veja-o-resumo-da-sessao-ordinaria-da-camara-municipal-de-senhor-do-bonfim-desta-terca-feira-03-2\/","title":{"rendered":"Veja o resumo da sess\u00e3o ordin\u00e1ria da C\u00e2mara Municipal de Senhor do Bonfim desta ter\u00e7a-feira, 03"},"content":{"rendered":"\n<p><strong>ASCOM &#8211; C\u00e2mara Municipal de Senhor do Bonfim-BA<\/strong><\/p>\n\n\n\n<figure class=\"wp-block-embed-youtube aligncenter wp-block-embed is-type-video is-provider-youtube wp-embed-aspect-16-9 wp-has-aspect-ratio\"><div class=\"wp-block-embed__wrapper\">\n<iframe title=\"31\u00aa Sess\u00e3o Ordin\u00e1ria do 2\u00ba PO [03\/12\/2019]\" width=\"800\" height=\"450\" src=\"https:\/\/www.youtube.com\/embed\/eR_aLQYtNhI?feature=oembed\" frameborder=\"0\" allow=\"accelerometer; autoplay; encrypted-media; gyroscope; picture-in-picture\" allowfullscreen><\/iframe>\n<\/div><\/figure>\n\n\n\n<p>Nesta ter\u00e7a-feira, 3 de dezembro, foi realizada a 31\u00aa Sess\u00e3o Ordin\u00e1ria do 2\u00ba Per\u00edodo Ordin\u00e1rio, do ano de 2019, da C\u00e2mara Municipal de Senhor do Bonfim. Conduzida pelo Presidente da Casa, vereador Cleiton Vieira, a sess\u00e3o teve in\u00edcio \u00e0s 19h10, ap\u00f3s a chamada dos vereadores, onde havendo n\u00famero legal \u00e9 declarada aberta.<\/p>\n\n\n\n<p>Atendendo o Regimento Interno desta Casa Legislativa, em seu artigo 141, foi encaminhada a Ata da Sess\u00e3o Ordin\u00e1ria anterior aos e-mails de todos os vereadores, e colocada em discuss\u00e3o. Ningu\u00e9m querendo discutir, \u00e9 colocada em vota\u00e7\u00e3o, sendo aprovada.<\/p>\n\n\n\n<p class=\"has-medium-font-size\"><strong>Passa-se \u00e0 leitura do expediente, que consta das seguintes mat\u00e9rias:<\/strong><\/p>\n\n\n\n<ul class=\"wp-block-list\"><li><strong>Of\u00edcio Gab. Pref. N\u00ba 372\/2019<\/strong>, que designa o vereador Herm\u00f3genes Gomes de Almeida, l\u00edder do Governo do Poder Executivo Municipal, conferindo os mais amplos direitos na C\u00e2mara de vereadores deste munic\u00edpio;<\/li><\/ul>\n\n\n\n<ul class=\"wp-block-list\"><li><strong>PROJETO DE LEI DO LEGISLATIVO N\u00ba 042\/2019<\/strong>, de autoria do vereador Elizeu Concei\u00e7\u00e3o de Souza, que \u201cDisp\u00f5e sobre a institui\u00e7\u00e3o no Munic\u00edpio de Senhor do Bonfim a Campanha Municipal Maria da Penha e de combate ao Ass\u00e9dio Moral e Sexual e d\u00e1 outras provid\u00eancias\u201d;<\/li><\/ul>\n\n\n\n<ul class=\"wp-block-list\"><li><strong>PROJETO DE LEI DO LEGISLATIVO  N\u00ba 043\/2019<\/strong>, de autoria dos vereadores Cleiton Vieira Pinto e L\u00facia Cristina Cerqueira, que \u201cDisp\u00f5e acerca da institui\u00e7\u00e3o de semin\u00e1rios em \u00e2mbito das escolas da rede municipal de ensino, em que versem sobre \u2018O perigo das drogas e a viol\u00eancia no bojo familiar\u201d;<\/li><\/ul>\n\n\n\n<ul class=\"wp-block-list\"><li><strong>PROJETO DE LEI DO LEGISLATIVO N\u00ba 045\/2019<\/strong>, de autoria da vereadora L\u00facia Cristina Cerqueira, que \u201cDeclara como Patrim\u00f4nio Cultural  Imaterial do Munic\u00edpio de Senhor do Bonfim o Terno de Reis de Passagem Velha\u201d;<\/li><\/ul>\n\n\n\n<ul class=\"wp-block-list\"><li><strong>PROJETO DE DECRETO LEGISLATIVO N\u00ba 052\/2019<\/strong>, de autoria do vereador Andreilto de Almeida Barbosa, que \u201cConcede T\u00edtulo de Cidad\u00e3o Bonfinense ao Sr. Daniel Gomes de Almeida e d\u00e1 outras provid\u00eancias\u201d;<\/li><\/ul>\n\n\n\n<ul class=\"wp-block-list\"><li><strong>PARECER da Comiss\u00e3o de Legisla\u00e7\u00e3o, Justi\u00e7a, Postura e Reda\u00e7\u00e3o Final, ao Projeto de Lei do Executivo n\u00ba 019\/2019<\/strong>, de 10 de outubro de 2019, que \u201cRegulamenta a Previs\u00e3o contida no Art. 85, \u00a7 19, da Lei Federal n\u00ba 13.105 de 2015, dispondo sobre o procedimento de distribui\u00e7\u00e3o dos honor\u00e1rios advocat\u00edcios entre os procuradores jur\u00eddicos do Munic\u00edpio de Senhor do Bonfim, e d\u00e1 outras provid\u00eancias\u201d;<\/li><\/ul>\n\n\n\n<ul class=\"wp-block-list\"><li><strong>PARECER do Relator Ad hoc, ao Projeto de Lei do Executivo n\u00ba 019\/2019, de 10 de outubro de 2019<\/strong>, que \u201cRegulamenta a Previs\u00e3o contida no Art. 85, \u00a7 19, da Lei Federal n\u00ba 13.105 de 2015, dispondo sobre o procedimento de distribui\u00e7\u00e3o dos honor\u00e1rios advocat\u00edcios entre os procuradores jur\u00eddicos do Munic\u00edpio de Senhor do Bonfim, e d\u00e1 outras provid\u00eancias\u201d;<\/li><\/ul>\n\n\n\n<ul class=\"wp-block-list\"><li><strong>PARECER da Comiss\u00e3o de Legisla\u00e7\u00e3o, Justi\u00e7a, Postura e Reda\u00e7\u00e3o Final, ao Projeto de Lei do Legislativo n\u00ba 040\/2019<\/strong>, que \u201cDeclara a Utilidade P\u00fablica Municipal da Associa\u00e7\u00e3o Beneficente e Cultural Al\u00ea Ax\u00e9 Od\u00e9 Imara e d\u00e1 outras provid\u00eancias\u201d;<\/li><\/ul>\n\n\n\n<ul class=\"wp-block-list\"><li><strong>REQUERIMENTO N\u00ba 057\/2019<\/strong>, de autoria do Vereador Elizeu Concei\u00e7\u00e3o de Souza, que \u201crequer retirada de tramita\u00e7\u00e3o e o arquivamento do Projeto de Lei N\u00ba 041\/2019;<\/li><\/ul>\n\n\n\n<ul class=\"wp-block-list\"><li><strong>INDICA\u00c7\u00c3O N\u00ba 004\/2019<\/strong>, de autoria do Vereador Jo\u00e3o Carlos de Castro, que indica \u201cem car\u00e1ter de urg\u00eancia 100 manilhas para retomada da implanta\u00e7\u00e3o da rede de esgoto do loteamento Jos\u00e9 Odilon do Distrito de Igara, deste Munic\u00edpio\u201d;<\/li><\/ul>\n\n\n\n<ul class=\"wp-block-list\"><li><strong>INDICA\u00c7\u00c3O N\u00ba 006\/2019<\/strong>, de autoria do vereador Gerivaldo Ribeiro Sampaio, que solicita \u201c a ilumina\u00e7\u00e3o da quadra de esporte localizada no Barbosa Santos\u201d;<\/li><\/ul>\n\n\n\n<ul class=\"wp-block-list\"><li><strong>INDICA\u00c7\u00c3O N\u00ba 006\/2019<\/strong>, de autoria do Vereador Alexandre Ferreira, que solicita \u201ca recupera\u00e7\u00e3o da pra\u00e7a da Conviv\u00eancia do distrito de Igara, neste munic\u00edpio\u201d;<\/li><\/ul>\n\n\n\n<ul class=\"wp-block-list\"><li><strong>INDICA\u00c7\u00c3O N\u00ba 007\/2019<\/strong>, de autoria do Vereador Alexandre Ferreira, que solicita a \u201cmanuten\u00e7\u00e3o da Quadra Poliesportiva do distrito de Igara, neste munic\u00edpio\u201d;<\/li><\/ul>\n\n\n\n<ul class=\"wp-block-list\"><li><strong>PEDIDO DE PROVID\u00caNCIA N\u00ba 009\/2019<\/strong>, de autoria do Vereador Andreilto de Almeida Barbosa, que solicita  \u201cque seja providenciada, com urg\u00eancia, a recupera\u00e7\u00e3o da ondula\u00e7\u00e3o transversal popularmente conhecida como Quebra-Molas  na Rua Campo Formoso, no bairro Centro\u201d;<\/li><\/ul>\n\n\n\n<ul class=\"wp-block-list\"><li><strong>PEDIDO DE PROVID\u00caNCIA N\u00ba 019\/2019<\/strong>, de autoria da vereadora L\u00facia Cristina Souza Cerqueira, que solicita  \u201cque seja feita, atrav\u00e9s da Secretaria de Obras e Meio Ambiente, a podagem das \u00e1rvores, capina\u00e7\u00e3o e limpeza da Escola Municipal de Cariac\u00e1 e da Rua do Povoado de Cariac\u00e1, munic\u00edpio de Senhor do Bonfim\u201d;<\/li><\/ul>\n\n\n\n<ul class=\"wp-block-list\"><li><strong>PEDIDO DE PROVID\u00caNCIA N\u00ba 020\/2019<\/strong>, de autoria do Vereador Alexandre Ferreira, que solicita a \u201crecupera\u00e7\u00e3o da estrada que liga a Rua s\u00e3o Jo\u00e3o \u00e0 Fazenda Quarto de Porco, Fazenda Ang\u00e9lica e P\u00e9 de Morro, Distrito de Igara\u201d;<\/li><\/ul>\n\n\n\n<ul class=\"wp-block-list\"><li><strong>PEDIDO DE PROVID\u00caNCIA N\u00ba 020\/2019<\/strong>, de autoria da vereadora L\u00facia Cristina Souza Cerqueira, que solicita  \u201cque seja feito, atrav\u00e9s da Secretaria de Obras, o conserto de alguns buracos no cal\u00e7amento, na Rua Engenheiro Silva Lima, Bairro Gamboa, munic\u00edpio de Senhor do Bonfim\u201d;<\/li><\/ul>\n\n\n\n<ul class=\"wp-block-list\"><li><strong>PEDIDO DE PROVID\u00caNCIA N\u00ba 047\/2019<\/strong>, de autoria do Vereador Jo\u00e3o Carlos de Castro, que solicita o \u201cPatrolamento e cascalhamento nas estradas vicinais dos povoados: Faz. Anjo, Canavieira, Gameleira, Tapuia, S\u00edtio, Pinicapau, Pocilga, Macambira, Raposa, Garrote, Caldeir\u00e3o de Dentro, Rancharia e os demais povoados da zona rural que liga o Distrito de Igara, deste Munic\u00edpio\u201d;<\/li><\/ul>\n\n\n\n<ul class=\"wp-block-list\"><li><strong>PEDIDO DE PROVID\u00caNCIA N\u00ba 048\/2019<\/strong>, de autoria do Vereador Jo\u00e3o Carlos de Castro, que \u201csolicita, com urg\u00eancia caminh\u00e3o ca\u00e7amba e p\u00e1 carregadeira para realiza\u00e7\u00e3o de limpeza geral com recolhimento de entulho e de lixos nas ruas e vias p\u00fablicas no distrito de Igara, deste Munic\u00edpio\u201d;<\/li><\/ul>\n\n\n\n<ul class=\"wp-block-list\"><li><strong>PEDIDO DE PROVID\u00caNCIA N\u00ba 049\/2019<\/strong>, de autoria do vereador Jo\u00e3o Carlos de Castro, que \u201csolicita que se proceda, com urg\u00eancia aos servi\u00e7os de poda das \u00e1rvores, ro\u00e7agem e pintura de meio fio nas principais pra\u00e7as, ruas, travessas e avenidas do Distrito de Igara, deste munic\u00edpio\u201d;<\/li><\/ul>\n\n\n\n<ul class=\"wp-block-list\"><li><strong>PEDIDO DE PROVID\u00caNCIA N\u00ba 050\/2019<\/strong>, de autoria do vereador Jo\u00e3o Carlos de Castro, que solicita que \u201cse proceda, com urg\u00eancia, \u00e0 reposi\u00e7\u00e3o de 50 l\u00e2mpadas na Sede do Distrito de Igara, ruas, avenidas e loteamentos, e nos povoados de: Faz. Anjo, Canavieira, Campo Cumprido, Gameleira, Tapuia, P\u00e9 de Serra, Pocilga, Macambira, Raposa, Garrote, Caldeir\u00e3o de Dentro, Rancharia e os demais povoados da zona rural que liga o Distrito de Igara, deste munic\u00edpio\u201d;<\/li><\/ul>\n\n\n\n<ul class=\"wp-block-list\"><li><strong>PEDIDO DE PROVID\u00caNCIA N\u00ba 051\/2019<\/strong>, de autoria do Vereador Jo\u00e3o Carlos de Castro, que solicita \u201ca coloca\u00e7\u00e3o de 12 lumin\u00e1rias nas principais pra\u00e7as, ruas, travessas e avenida do distrito de Igara, deste munic\u00edpio\u201d;<\/li><\/ul>\n\n\n\n<ul class=\"wp-block-list\"><li><strong>PEDIDO DE PROVID\u00caNCIA N\u00ba 052\/2019<\/strong>, de autoria do vereador Jo\u00e3o Carlos de Castro, que solicita \u201ca recupera\u00e7\u00e3o e reforma da Pra\u00e7a de Conviv\u00eancia, adequando a estrutura f\u00edsica para apresenta\u00e7\u00f5es culturais, e equipamentos de gin\u00e1stica. E manuten\u00e7\u00e3o dos alambrados e a limpeza ao redor do campo de futebol, que fica localizado ao lado da Quadra Poliesportiva Jos\u00e9 Martins da Silva\u201d;<\/li><\/ul>\n\n\n\n<ul class=\"wp-block-list\"><li><strong>PEDIDO DE PROVID\u00caNCIA N\u00ba 053\/2019<\/strong>, de autoria do Vereador Jo\u00e3o Carlos de Castro, que solicita \u201ca manuten\u00e7\u00e3o na Quadra Poliesportiva Jos\u00e9 Martins da Silva do Distrito de Igara, como: Ilumina\u00e7\u00e3o onde as l\u00e2mpadas est\u00e3o queimadas, soldagem em alguns pontos da quadra, as bicas da cobertura est\u00e3o danificadas, quando chove a \u00e1gua vai toda para dentro da quadra e soldagem nas placas da cobertura\u201d;<\/li><\/ul>\n\n\n\n<ul class=\"wp-block-list\"><li><strong>PEDIDO DE PROVID\u00caNCIA N\u00ba 081\/2019<\/strong>, de autoria do vereador La\u00e9rcio Muniz de Azevedo J\u00fanior, que solicita que \u201ca Secretaria Municipal de Infraestrutura promova a melhoria da via p\u00fablica, rua Padre Zeferino, nas Casas Populares, fazendo a melhoria do cal\u00e7amento da mesma\u201d;<\/li><\/ul>\n\n\n\n<ul class=\"wp-block-list\"><li><strong>PEDIDO DE PROVID\u00caNCIA N\u00ba 082\/2019<\/strong>, de autoria do Vereador La\u00e9rcio Muniz de Azevedo J\u00fanior, que solicita que \u201ca Secretaria Municipal de Infraestrutura promova a melhoria da via p\u00fablica, rua Roberto Santos, Centro, fazendo a poda das \u00e1rvores, nas proximidades da APAE\u201d;<\/li><\/ul>\n\n\n\n<ul class=\"wp-block-list\"><li><strong>OF\u00cdCIO S\/N<\/strong> oriundo da Copa Rural de Futebol de Senhor do Bonfim \u2013 BA, que solicita espa\u00e7o na sess\u00e3o de 3 de dezembro de 2019, para falar sobre a XXXV Copa Rural de Senhor do Bonfim \u2013 BA;<\/li><\/ul>\n\n\n\n<ul class=\"wp-block-list\"><li><strong>CONVITE<\/strong> da Academia de Letras e Artes de Senhor do Bonfim \u2013 ACLASB, para participa\u00e7\u00e3o da comemora\u00e7\u00e3o do Dia da Cultura Bonfinense e Anivers\u00e1rio da ACLASB, com o Projeto \u201cPoesia no Beco\u201d, do Chafariz.<\/li><\/ul>\n\n\n\n<p>O Sr. Presidente atendendo ao of\u00edcio oriundo da Copa Rural de Futebol de Senhor do Bonfim, franqueia a palavra ao senhor Roberto Cardoso Silva, que usa da palavra e solicita dos Srs. vereadores um apoio financeiro para a premia\u00e7\u00e3o da Copa Rural, onde os Srs. edis se colocam a disposi\u00e7\u00e3o do Presidente da Copa Rural. Dando continuidade, informa que n\u00e3o h\u00e1 tempo h\u00e1bil para ordem dos vereadores inscritos. Estes ficam inscritos para pr\u00f3xima ordin\u00e1ria.<\/p>\n\n\n\n<p>O Sr. Presidente passa para a <strong>ORDEM DO DIA<\/strong>, onde \u00e9 lido o <strong>PARECER<\/strong> da Comiss\u00e3o de Legisla\u00e7\u00e3o, Justi\u00e7a, Postura e Reda\u00e7\u00e3o Final, ao Projeto de Lei do Executivo n\u00ba 019\/2019, de 10 de outubro de 2019, que \u201cRegulamenta a Previs\u00e3o contida no Art. 85, \u00a7 19, da Lei Federal n\u00ba 13.105 de 2015, dispondo sobre o procedimento de distribui\u00e7\u00e3o dos honor\u00e1rios advocat\u00edcios entre os procuradores jur\u00eddicos do Munic\u00edpio de Senhor do Bonfim, e d\u00e1 outras provid\u00eancias\u201d \u00e9 colocado em discuss\u00e3o e ningu\u00e9m querendo discutir \u00e9 colocado em vota\u00e7\u00e3o, sendo aprovado por unanimidade.<\/p>\n\n\n\n<ul class=\"wp-block-list\"><li><strong>PARECER do Relator Ad hoc, ao Projeto de Lei do Executivo n\u00ba 019\/2019<\/strong>, de 10 de outubro de 2019, que \u201cRegulamenta a Previs\u00e3o contida no Art. 85, \u00a7 19, da Lei Federal n\u00ba 13.105 de 2015, dispondo sobre o procedimento de distribui\u00e7\u00e3o dos honor\u00e1rios advocat\u00edcios entre os procuradores jur\u00eddicos do Munic\u00edpio de Senhor do Bonfim, e d\u00e1 outras provid\u00eancias\u201d \u00e9 colocado em discuss\u00e3o e ningu\u00e9m querendo discutir \u00e9 colocado em vota\u00e7\u00e3o, sendo aprovado por unanimidade.<\/li><\/ul>\n\n\n\n<ul class=\"wp-block-list\"><li><strong>PROJETO DE LEI DO EXECUTIVO N\u00ba 019\/2019<\/strong>, de 10 de outubro de 2019, que \u201cRegulamenta a Previs\u00e3o contida no Art. 85, \u00a7 19, da Lei Federal n\u00ba 13.105 de 2015, dispondo sobre o procedimento de distribui\u00e7\u00e3o dos honor\u00e1rios advocat\u00edcios entre os procuradores jur\u00eddicos do Munic\u00edpio de Senhor do Bonfim, e d\u00e1 outras provid\u00eancias\u201d \u00e9 colocado em discuss\u00e3o e ningu\u00e9m querendo discutir \u00e9 colocado em vota\u00e7\u00e3o, sendo aprovado por unanimidade.<\/li><\/ul>\n\n\n\n<ul class=\"wp-block-list\"><li><strong>PARECER da Comiss\u00e3o de Legisla\u00e7\u00e3o, Justi\u00e7a, Postura e Reda\u00e7\u00e3o Final, ao Projeto de Lei do Legislativo n\u00ba 040\/2019<\/strong>, que \u201cDeclara a Utilidade P\u00fablica Municipal da Associa\u00e7\u00e3o Beneficente e Cultural Al\u00ea Ax\u00e9 Od\u00e9 Imara e d\u00e1 outras provid\u00eancias\u201d \u00e9 colocado em discuss\u00e3o e ningu\u00e9m querendo discutir \u00e9 colocado em vota\u00e7\u00e3o, sendo aprovado por unanimidade.<\/li><\/ul>\n\n\n\n<ul class=\"wp-block-list\"><li><strong>PROJETO DE LEI DO LEGISLATIVO N\u00ba 040\/2019<\/strong>, de autoria do Vereador Andreilto de Almeida Barbosa, que \u201cDeclara a Utilidade P\u00fablica Municipal da Associa\u00e7\u00e3o Beneficente e Cultural Al\u00ea Ax\u00e9 Od\u00e9 Imara e d\u00e1 outras provid\u00eancias\u201d \u00e9 colocado em discuss\u00e3o e usam da palavra os Vereadores La\u00e9rcio Muniz de Azevedo J\u00fanior e Alexandre Ferreira, que discutem a propositura e ficam favor\u00e1veis a sua a aprova\u00e7\u00e3o e ningu\u00e9m mais querendo discutir \u00e9 colocado em vota\u00e7\u00e3o, sendo aprovado por unanimidade.<\/li><\/ul>\n\n\n\n<p>N\u00e3o havendo nenhuma mat\u00e9ria para ser lida e discutida, o Sr. Presidente passa a franquear a palavra aos vereadores por inscri\u00e7\u00e3o de Bancadas, sendo franqueada a primeira bancada PCdoB\/PSB\/PRB, composta pelos vereadores Andreilto de Almeida Barbosa, Alexandre Ferreira, Carlos Alberto Dias dos Santos e a Vereadora L\u00facia Cristina Souza Cerqueira da Silva e usa da palavra a Vereadora L\u00daCIA CRISTINA SOUZA CERQUEIRA DA SILVA. Usa da palavra o Vereador ALEXANDRE FERREIRA. Usa da palavra o Vereador CARLOS ALBERTO DIAS DOS SANTOS. Usa da palavra o Vereador ANDREILTO DE ALMEIDA BARBOSA.<\/p>\n\n\n\n<p>\u00c9 franqueada a segunda bancada DEM\/PMN\/PPS composta pelos vereadores Gerivaldo Ribeiro Sampaio, Ot\u00e1vio Xisto de Souza J\u00fanior e La\u00e9rcio Muniz de Azevedo J\u00fanior e usa da palavra o Vereador OT\u00c1VIO XISTO DE SOUZA J\u00daNIOR. Usa da palavra o Vereador LA\u00c9RCIO MUNIZ DE AZEVEDO J\u00daNIOR. Usa da palavra o Vereador GERIVALDO RIBEIRO SAMPAIO.<\/p>\n\n\n\n<p>\u00c9 franqueada a terceira bancada PRTB\/PSD, composta pelos vereadores Jo\u00e3o Carlos de Castro, Jorge Souza e Silva Filho e Reinaldo Ferreira Santana e usa da palavra o Vereador REINALDO FERREIRA SANTANA. Usa da palavra o Vereador JORGE SOUZA E SILVA FILHO. Usa da palavra o Vereador JO\u00c3O CARLOS DE CASTRO.<\/p>\n\n\n\n<p>\u00c9 franqueada a quarta bancada PT\/PROS, composta pelos vereadores Herm\u00f3genes Gomes de Almeida, Elizeu Concei\u00e7\u00e3o de Souza, Edson Ribeiro da Silva e Reinaldo Jos\u00e9 da Silva e usa da palavra o Vereador EDSON RIBEIRO DA SILVA. Usa da palavra o Vereador ELIZEU CONCEI\u00c7\u00c3O DE SOUZA.<\/p>\n\n\n\n<p>N\u00e3o havendo mais nenhuma bancada para usar, o Sr. Presidente, \u00e0s vinte e uma horas e trinta minutos, d\u00e1 por encerrada a Sess\u00e3o.<\/p>\n","protected":false},"excerpt":{"rendered":"<p>ASCOM &#8211; C\u00e2mara Municipal de Senhor do Bonfim-BA Nesta ter\u00e7a-feira, 3 de dezembro, foi realizada a 31\u00aa Sess\u00e3o Ordin\u00e1ria do 2\u00ba Per\u00edodo Ordin\u00e1rio, do ano de 2019, da C\u00e2mara Municipal de Senhor do Bonfim. Conduzida pelo Presidente da Casa, vereador Cleiton Vieira, a sess\u00e3o teve in\u00edcio \u00e0s 19h10, ap\u00f3s a chamada dos vereadores, onde havendo [&hellip;]<\/p>\n","protected":false},"author":2,"featured_media":0,"comment_status":"open","ping_status":"open","sticky":false,"template":"","format":"standard","meta":{"_acf_changed":false,"_monsterinsights_skip_tracking":false,"_monsterinsights_sitenote_active":false,"_monsterinsights_sitenote_note":"","_monsterinsights_sitenote_category":0,"_jetpack_memberships_contains_paid_content":false,"footnotes":"","jetpack_publicize_message":"","jetpack_publicize_feature_enabled":true,"jetpack_social_post_already_shared":true,"jetpack_social_options":{"image_generator_settings":{"template":"highway","default_image_id":0,"font":"","enabled":false},"version":2}},"categories":[1,3,4],"tags":[],"class_list":["post-39311","post","type-post","status-publish","format-standard","hentry","category-noticias","category-politica","category-local"],"acf":[],"jetpack_publicize_connections":[],"jetpack_featured_media_url":"","jetpack_sharing_enabled":true,"publishpress_future_workflow_manual_trigger":{"enabledWorkflows":[]},"_links":{"self":[{"href":"https:\/\/blogdoeloiltoncajuhy.com.br\/site\/wp-json\/wp\/v2\/posts\/39311","targetHints":{"allow":["GET"]}}],"collection":[{"href":"https:\/\/blogdoeloiltoncajuhy.com.br\/site\/wp-json\/wp\/v2\/posts"}],"about":[{"href":"https:\/\/blogdoeloiltoncajuhy.com.br\/site\/wp-json\/wp\/v2\/types\/post"}],"author":[{"embeddable":true,"href":"https:\/\/blogdoeloiltoncajuhy.com.br\/site\/wp-json\/wp\/v2\/users\/2"}],"replies":[{"embeddable":true,"href":"https:\/\/blogdoeloiltoncajuhy.com.br\/site\/wp-json\/wp\/v2\/comments?post=39311"}],"version-history":[{"count":1,"href":"https:\/\/blogdoeloiltoncajuhy.com.br\/site\/wp-json\/wp\/v2\/posts\/39311\/revisions"}],"predecessor-version":[{"id":39312,"href":"https:\/\/blogdoeloiltoncajuhy.com.br\/site\/wp-json\/wp\/v2\/posts\/39311\/revisions\/39312"}],"wp:attachment":[{"href":"https:\/\/blogdoeloiltoncajuhy.com.br\/site\/wp-json\/wp\/v2\/media?parent=39311"}],"wp:term":[{"taxonomy":"category","embeddable":true,"href":"https:\/\/blogdoeloiltoncajuhy.com.br\/site\/wp-json\/wp\/v2\/categories?post=39311"},{"taxonomy":"post_tag","embeddable":true,"href":"https:\/\/blogdoeloiltoncajuhy.com.br\/site\/wp-json\/wp\/v2\/tags?post=39311"}],"curies":[{"name":"wp","href":"https:\/\/api.w.org\/{rel}","templated":true}]}}