{"id":39307,"date":"2019-12-04T15:12:32","date_gmt":"2019-12-04T18:12:32","guid":{"rendered":"http:\/\/blogdoeloiltoncajuhy.com.br\/site\/?p=39307"},"modified":"2019-12-04T15:12:38","modified_gmt":"2019-12-04T18:12:38","slug":"prefeitura-de-jaguarari-adquire-carreta-tanque-agricola-atraves-de-convenio-com-a-codevasf","status":"publish","type":"post","link":"https:\/\/blogdoeloiltoncajuhy.com.br\/site\/prefeitura-de-jaguarari-adquire-carreta-tanque-agricola-atraves-de-convenio-com-a-codevasf\/","title":{"rendered":"Prefeitura de Jaguarari adquire carreta tanque agr\u00edcola atrav\u00e9s de convenio com a CODEVASF"},"content":{"rendered":"\n<p><strong>ASCOM \u2013 Prefeitura de Jaguarari-BA<\/strong><\/p>\n\n\n\n<div class=\"wp-block-image\"><figure class=\"aligncenter size-large is-resized\"><img fetchpriority=\"high\" decoding=\"async\" src=\"https:\/\/i1.wp.com\/blogdoeloiltoncajuhy.com.br\/site\/wp-content\/uploads\/2019\/12\/PMJ_ConvenioCodevasf-01.jpg?fit=590%2C393\" alt=\"\" class=\"wp-image-39308\" width=\"295\" height=\"197\" srcset=\"https:\/\/i0.wp.com\/blogdoeloiltoncajuhy.com.br\/site\/wp-content\/uploads\/2019\/12\/PMJ_ConvenioCodevasf-01.jpg?w=1280&amp;ssl=1 1280w, https:\/\/i0.wp.com\/blogdoeloiltoncajuhy.com.br\/site\/wp-content\/uploads\/2019\/12\/PMJ_ConvenioCodevasf-01.jpg?resize=300%2C200&amp;ssl=1 300w, https:\/\/i0.wp.com\/blogdoeloiltoncajuhy.com.br\/site\/wp-content\/uploads\/2019\/12\/PMJ_ConvenioCodevasf-01.jpg?resize=1024%2C682&amp;ssl=1 1024w, https:\/\/i0.wp.com\/blogdoeloiltoncajuhy.com.br\/site\/wp-content\/uploads\/2019\/12\/PMJ_ConvenioCodevasf-01.jpg?resize=768%2C512&amp;ssl=1 768w, https:\/\/i0.wp.com\/blogdoeloiltoncajuhy.com.br\/site\/wp-content\/uploads\/2019\/12\/PMJ_ConvenioCodevasf-01.jpg?resize=250%2C167&amp;ssl=1 250w\" sizes=\"(max-width: 295px) 100vw, 295px\" \/><\/figure><\/div>\n\n\n\n<p>Na ultima segunda-feira (02), o prefeito de Jaguarari, acompanhado da secret\u00e1ria de Agricultura, Lucina Souza, esteve na sede da Companhia de Desenvolvimento dos Vales do S\u00e3o Francisco e do Parna\u00edba \u2013 CODEVASF, onde firmou conv\u00eanio que garante a chegada de mais um equipamento que beneficiar\u00e1 o homem do campo.<\/p>\n\n\n\n<p>Pelo termo celebrado, o munic\u00edpio recebe uma carreta tanque agr\u00edcola destinada ao abastecimento de \u00e1gua de comunidades rurais do munic\u00edpio desassistidas de rede de distribui\u00e7\u00e3o tubular de \u00e1gua.<\/p>\n\n\n\n<p><em>\u201cSabemos o transtorno e as conseq\u00fc\u00eancias da falta de \u00e1gua ao homem do campo. Por essa raz\u00e3o, estamos sempre buscando alternativas para amenizar esse sofrimento&#8221;<\/em>, destacou o prefeito.<\/p>\n\n\n\n<div class=\"wp-block-image\"><figure class=\"aligncenter size-large is-resized\"><img decoding=\"async\" src=\"https:\/\/i1.wp.com\/blogdoeloiltoncajuhy.com.br\/site\/wp-content\/uploads\/2019\/12\/PMJ_ConvenioCodevasf-02.jpg?fit=590%2C393\" alt=\"\" class=\"wp-image-39309\" width=\"295\" height=\"197\" srcset=\"https:\/\/i0.wp.com\/blogdoeloiltoncajuhy.com.br\/site\/wp-content\/uploads\/2019\/12\/PMJ_ConvenioCodevasf-02.jpg?w=1280&amp;ssl=1 1280w, https:\/\/i0.wp.com\/blogdoeloiltoncajuhy.com.br\/site\/wp-content\/uploads\/2019\/12\/PMJ_ConvenioCodevasf-02.jpg?resize=300%2C200&amp;ssl=1 300w, https:\/\/i0.wp.com\/blogdoeloiltoncajuhy.com.br\/site\/wp-content\/uploads\/2019\/12\/PMJ_ConvenioCodevasf-02.jpg?resize=1024%2C682&amp;ssl=1 1024w, https:\/\/i0.wp.com\/blogdoeloiltoncajuhy.com.br\/site\/wp-content\/uploads\/2019\/12\/PMJ_ConvenioCodevasf-02.jpg?resize=768%2C512&amp;ssl=1 768w, https:\/\/i0.wp.com\/blogdoeloiltoncajuhy.com.br\/site\/wp-content\/uploads\/2019\/12\/PMJ_ConvenioCodevasf-02.jpg?resize=250%2C167&amp;ssl=1 250w\" sizes=\"(max-width: 295px) 100vw, 295px\" \/><\/figure><\/div>\n","protected":false},"excerpt":{"rendered":"<p>ASCOM \u2013 Prefeitura de Jaguarari-BA Na ultima segunda-feira (02), o prefeito de Jaguarari, acompanhado da secret\u00e1ria de Agricultura, Lucina Souza, esteve na sede da Companhia de Desenvolvimento dos Vales do S\u00e3o Francisco e do Parna\u00edba \u2013 CODEVASF, onde firmou conv\u00eanio que garante a chegada de mais um equipamento que beneficiar\u00e1 o homem do campo. Pelo [&hellip;]<\/p>\n","protected":false},"author":2,"featured_media":39309,"comment_status":"open","ping_status":"open","sticky":false,"template":"","format":"standard","meta":{"_acf_changed":false,"_monsterinsights_skip_tracking":false,"_monsterinsights_sitenote_active":false,"_monsterinsights_sitenote_note":"","_monsterinsights_sitenote_category":0,"_jetpack_memberships_contains_paid_content":false,"footnotes":"","jetpack_publicize_message":"","jetpack_publicize_feature_enabled":true,"jetpack_social_post_already_shared":true,"jetpack_social_options":{"image_generator_settings":{"template":"highway","default_image_id":0,"font":"","enabled":false},"version":2}},"categories":[1,3,11],"tags":[],"class_list":["post-39307","post","type-post","status-publish","format-standard","has-post-thumbnail","hentry","category-noticias","category-politica","category-regional"],"acf":[],"jetpack_publicize_connections":[],"jetpack_featured_media_url":"https:\/\/i0.wp.com\/blogdoeloiltoncajuhy.com.br\/site\/wp-content\/uploads\/2019\/12\/PMJ_ConvenioCodevasf-02.jpg?fit=1280%2C853&ssl=1","jetpack_sharing_enabled":true,"publishpress_future_workflow_manual_trigger":{"enabledWorkflows":[]},"_links":{"self":[{"href":"https:\/\/blogdoeloiltoncajuhy.com.br\/site\/wp-json\/wp\/v2\/posts\/39307","targetHints":{"allow":["GET"]}}],"collection":[{"href":"https:\/\/blogdoeloiltoncajuhy.com.br\/site\/wp-json\/wp\/v2\/posts"}],"about":[{"href":"https:\/\/blogdoeloiltoncajuhy.com.br\/site\/wp-json\/wp\/v2\/types\/post"}],"author":[{"embeddable":true,"href":"https:\/\/blogdoeloiltoncajuhy.com.br\/site\/wp-json\/wp\/v2\/users\/2"}],"replies":[{"embeddable":true,"href":"https:\/\/blogdoeloiltoncajuhy.com.br\/site\/wp-json\/wp\/v2\/comments?post=39307"}],"version-history":[{"count":1,"href":"https:\/\/blogdoeloiltoncajuhy.com.br\/site\/wp-json\/wp\/v2\/posts\/39307\/revisions"}],"predecessor-version":[{"id":39310,"href":"https:\/\/blogdoeloiltoncajuhy.com.br\/site\/wp-json\/wp\/v2\/posts\/39307\/revisions\/39310"}],"wp:featuredmedia":[{"embeddable":true,"href":"https:\/\/blogdoeloiltoncajuhy.com.br\/site\/wp-json\/wp\/v2\/media\/39309"}],"wp:attachment":[{"href":"https:\/\/blogdoeloiltoncajuhy.com.br\/site\/wp-json\/wp\/v2\/media?parent=39307"}],"wp:term":[{"taxonomy":"category","embeddable":true,"href":"https:\/\/blogdoeloiltoncajuhy.com.br\/site\/wp-json\/wp\/v2\/categories?post=39307"},{"taxonomy":"post_tag","embeddable":true,"href":"https:\/\/blogdoeloiltoncajuhy.com.br\/site\/wp-json\/wp\/v2\/tags?post=39307"}],"curies":[{"name":"wp","href":"https:\/\/api.w.org\/{rel}","templated":true}]}}