{"id":39304,"date":"2019-12-04T14:27:43","date_gmt":"2019-12-04T17:27:43","guid":{"rendered":"http:\/\/blogdoeloiltoncajuhy.com.br\/site\/?p=39304"},"modified":"2019-12-04T14:27:49","modified_gmt":"2019-12-04T17:27:49","slug":"familiares-e-amigos-se-reunem-em-missa-de-1-ano-do-falecimento-de-luis-lucas","status":"publish","type":"post","link":"https:\/\/blogdoeloiltoncajuhy.com.br\/site\/familiares-e-amigos-se-reunem-em-missa-de-1-ano-do-falecimento-de-luis-lucas\/","title":{"rendered":"Familiares e amigos se re\u00fanem em missa de 1 ano do falecimento de Luis Lucas"},"content":{"rendered":"\n<p><strong>Fonte: Rotary Clube Senhor do Bonfim<\/strong><\/p>\n\n\n\n<div class=\"wp-block-image\"><figure class=\"aligncenter size-large\"><img data-recalc-dims=\"1\" fetchpriority=\"high\" decoding=\"async\" width=\"800\" height=\"554\" src=\"https:\/\/i0.wp.com\/blogdoeloiltoncajuhy.com.br\/site\/wp-content\/uploads\/2018\/12\/JoseLuisLucas.jpg?resize=800%2C554\" alt=\"\" class=\"wp-image-29608\" srcset=\"https:\/\/i0.wp.com\/blogdoeloiltoncajuhy.com.br\/site\/wp-content\/uploads\/2018\/12\/JoseLuisLucas.jpg?w=960&amp;ssl=1 960w, https:\/\/i0.wp.com\/blogdoeloiltoncajuhy.com.br\/site\/wp-content\/uploads\/2018\/12\/JoseLuisLucas.jpg?resize=300%2C208&amp;ssl=1 300w, https:\/\/i0.wp.com\/blogdoeloiltoncajuhy.com.br\/site\/wp-content\/uploads\/2018\/12\/JoseLuisLucas.jpg?resize=768%2C532&amp;ssl=1 768w, https:\/\/i0.wp.com\/blogdoeloiltoncajuhy.com.br\/site\/wp-content\/uploads\/2018\/12\/JoseLuisLucas.jpg?resize=250%2C173&amp;ssl=1 250w\" sizes=\"(max-width: 800px) 100vw, 800px\" \/><\/figure><\/div>\n\n\n\n<p>Foi celebrada na \u00faltima segunda-feira, 2 de dezembro, na Igreja de S\u00e3o Jos\u00e9 Esposo, nas Casas Populares, a missa do 1\u00ba ano de falecimento de Jos\u00e9 Lu\u00eds Lucas.<\/p>\n\n\n\n<p>A missa foi celebrada pelo padre Elielton Santos e contou com a presen\u00e7a de amigos e familiares. Durante a prega\u00e7\u00e3o da palavra, o padre lembrou de Lucas pelos gestos e pelas suas a\u00e7\u00f5es grandiosas deixadas no seu extraordin\u00e1rio legado de amor ao pr\u00f3ximo.<\/p>\n\n\n\n<p><em>\u201cLuquinhas\u201d<\/em>, como era carinhosamente conhecido, trabalhou por muitos anos na Delegacia 10\/4 da Pol\u00edcia Rodovi\u00e1ria Federal (PRF) de Senhor do Bonfim. Depois de se aposentar, ele vinha se dedicando a v\u00e1rios trabalhos filantr\u00f3picos em nossa cidade, como membro do Rotary Clube, da Associa\u00e7\u00e3o Jeric\u00f3 e da Par\u00f3quia de S\u00e3o Jos\u00e9 Esposo, das Casas Populares, onde residia.<\/p>\n\n\n\n<div class=\"wp-block-image\"><figure class=\"aligncenter size-large\"><img data-recalc-dims=\"1\" decoding=\"async\" width=\"800\" height=\"449\" src=\"https:\/\/i0.wp.com\/blogdoeloiltoncajuhy.com.br\/site\/wp-content\/uploads\/2019\/12\/MissaUmAnoLucas-01.jpg?resize=800%2C449\" alt=\"\" class=\"wp-image-39305\" srcset=\"https:\/\/i0.wp.com\/blogdoeloiltoncajuhy.com.br\/site\/wp-content\/uploads\/2019\/12\/MissaUmAnoLucas-01.jpg?w=960&amp;ssl=1 960w, https:\/\/i0.wp.com\/blogdoeloiltoncajuhy.com.br\/site\/wp-content\/uploads\/2019\/12\/MissaUmAnoLucas-01.jpg?resize=300%2C168&amp;ssl=1 300w, https:\/\/i0.wp.com\/blogdoeloiltoncajuhy.com.br\/site\/wp-content\/uploads\/2019\/12\/MissaUmAnoLucas-01.jpg?resize=768%2C431&amp;ssl=1 768w, https:\/\/i0.wp.com\/blogdoeloiltoncajuhy.com.br\/site\/wp-content\/uploads\/2019\/12\/MissaUmAnoLucas-01.jpg?resize=250%2C140&amp;ssl=1 250w\" sizes=\"(max-width: 800px) 100vw, 800px\" \/><\/figure><\/div>\n","protected":false},"excerpt":{"rendered":"<p>Fonte: Rotary Clube Senhor do Bonfim Foi celebrada na \u00faltima segunda-feira, 2 de dezembro, na Igreja de S\u00e3o Jos\u00e9 Esposo, nas Casas Populares, a missa do 1\u00ba ano de falecimento de Jos\u00e9 Lu\u00eds Lucas. A missa foi celebrada pelo padre Elielton Santos e contou com a presen\u00e7a de amigos e familiares. Durante a prega\u00e7\u00e3o da [&hellip;]<\/p>\n","protected":false},"author":2,"featured_media":39305,"comment_status":"open","ping_status":"open","sticky":false,"template":"","format":"standard","meta":{"_acf_changed":false,"_monsterinsights_skip_tracking":false,"_monsterinsights_sitenote_active":false,"_monsterinsights_sitenote_note":"","_monsterinsights_sitenote_category":0,"_jetpack_memberships_contains_paid_content":false,"footnotes":"","jetpack_publicize_message":"","jetpack_publicize_feature_enabled":true,"jetpack_social_post_already_shared":true,"jetpack_social_options":{"image_generator_settings":{"template":"highway","default_image_id":0,"font":"","enabled":false},"version":2}},"categories":[1,4],"tags":[],"class_list":["post-39304","post","type-post","status-publish","format-standard","has-post-thumbnail","hentry","category-noticias","category-local"],"acf":[],"jetpack_publicize_connections":[],"jetpack_featured_media_url":"https:\/\/i0.wp.com\/blogdoeloiltoncajuhy.com.br\/site\/wp-content\/uploads\/2019\/12\/MissaUmAnoLucas-01.jpg?fit=960%2C539&ssl=1","jetpack_sharing_enabled":true,"publishpress_future_workflow_manual_trigger":{"enabledWorkflows":[]},"_links":{"self":[{"href":"https:\/\/blogdoeloiltoncajuhy.com.br\/site\/wp-json\/wp\/v2\/posts\/39304","targetHints":{"allow":["GET"]}}],"collection":[{"href":"https:\/\/blogdoeloiltoncajuhy.com.br\/site\/wp-json\/wp\/v2\/posts"}],"about":[{"href":"https:\/\/blogdoeloiltoncajuhy.com.br\/site\/wp-json\/wp\/v2\/types\/post"}],"author":[{"embeddable":true,"href":"https:\/\/blogdoeloiltoncajuhy.com.br\/site\/wp-json\/wp\/v2\/users\/2"}],"replies":[{"embeddable":true,"href":"https:\/\/blogdoeloiltoncajuhy.com.br\/site\/wp-json\/wp\/v2\/comments?post=39304"}],"version-history":[{"count":1,"href":"https:\/\/blogdoeloiltoncajuhy.com.br\/site\/wp-json\/wp\/v2\/posts\/39304\/revisions"}],"predecessor-version":[{"id":39306,"href":"https:\/\/blogdoeloiltoncajuhy.com.br\/site\/wp-json\/wp\/v2\/posts\/39304\/revisions\/39306"}],"wp:featuredmedia":[{"embeddable":true,"href":"https:\/\/blogdoeloiltoncajuhy.com.br\/site\/wp-json\/wp\/v2\/media\/39305"}],"wp:attachment":[{"href":"https:\/\/blogdoeloiltoncajuhy.com.br\/site\/wp-json\/wp\/v2\/media?parent=39304"}],"wp:term":[{"taxonomy":"category","embeddable":true,"href":"https:\/\/blogdoeloiltoncajuhy.com.br\/site\/wp-json\/wp\/v2\/categories?post=39304"},{"taxonomy":"post_tag","embeddable":true,"href":"https:\/\/blogdoeloiltoncajuhy.com.br\/site\/wp-json\/wp\/v2\/tags?post=39304"}],"curies":[{"name":"wp","href":"https:\/\/api.w.org\/{rel}","templated":true}]}}