{"id":39301,"date":"2019-12-04T08:33:02","date_gmt":"2019-12-04T11:33:02","guid":{"rendered":"http:\/\/blogdoeloiltoncajuhy.com.br\/site\/?p=39301"},"modified":"2019-12-04T08:33:08","modified_gmt":"2019-12-04T11:33:08","slug":"luto-morre-em-salvador-o-radialista-cleomar-leal","status":"publish","type":"post","link":"https:\/\/blogdoeloiltoncajuhy.com.br\/site\/luto-morre-em-salvador-o-radialista-cleomar-leal\/","title":{"rendered":"Luto: Morre em Salvador o radialista Cleomar Leal"},"content":{"rendered":"\n<p><strong>BLOG DO ELOILTON CAJUHY<\/strong><\/p>\n\n\n\n<div class=\"wp-block-image\"><figure class=\"aligncenter size-large\"><img data-recalc-dims=\"1\" fetchpriority=\"high\" decoding=\"async\" width=\"391\" height=\"391\" src=\"https:\/\/i0.wp.com\/blogdoeloiltoncajuhy.com.br\/site\/wp-content\/uploads\/2019\/12\/CleomarLeal.jpg?resize=391%2C391\" alt=\"\" class=\"wp-image-39302\" srcset=\"https:\/\/i0.wp.com\/blogdoeloiltoncajuhy.com.br\/site\/wp-content\/uploads\/2019\/12\/CleomarLeal.jpg?w=391&amp;ssl=1 391w, https:\/\/i0.wp.com\/blogdoeloiltoncajuhy.com.br\/site\/wp-content\/uploads\/2019\/12\/CleomarLeal.jpg?resize=300%2C300&amp;ssl=1 300w, https:\/\/i0.wp.com\/blogdoeloiltoncajuhy.com.br\/site\/wp-content\/uploads\/2019\/12\/CleomarLeal.jpg?resize=150%2C150&amp;ssl=1 150w, https:\/\/i0.wp.com\/blogdoeloiltoncajuhy.com.br\/site\/wp-content\/uploads\/2019\/12\/CleomarLeal.jpg?resize=250%2C250&amp;ssl=1 250w, https:\/\/i0.wp.com\/blogdoeloiltoncajuhy.com.br\/site\/wp-content\/uploads\/2019\/12\/CleomarLeal.jpg?resize=48%2C48&amp;ssl=1 48w\" sizes=\"(max-width: 391px) 100vw, 391px\" \/><\/figure><\/div>\n\n\n\n<p>Faleceu na noite desta ter\u00e7a-feira (03), no Hospital Roberto Santos, em Salvador, o radialista bonfinense Cleomar da Silva Leal, aos 48 anos. Cleomar inciou sua carreira na R\u00e1dio Rainha FM de Senhor do Bonfim, sendo um dos primeiros locutores da emissora.<\/p>\n\n\n\n<p>H\u00e1 quase 30 anos, mudou-se para Monte Santo, onde trabalhou por muito tempo na R\u00e1dio Piquara\u00e7\u00e1 FM, onde se tornou uma pessoa de confian\u00e7a do ent\u00e3o prefeito e propriet\u00e1rio da emissora, Ariston Andrade.<\/p>\n\n\n\n<p>Atualmente, Cleomar Leal morava em Euclides da Cunha. Trabalhou por v\u00e1rios anos na r\u00e1dio FM que leva o nome da cidade. Ultimamente trabalhava como Analista de Sistemas, desenvolvendo e criando programas de computador para r\u00e1dios.<\/p>\n\n\n\n<p>Filho da saudosa cabeleireira Maria do Carmo, da Rua Fernandes da Cunha, Cleomar Leal conquistou um grande p\u00fablico pelas emissoras pelas quais passou. Dono de uma voz potente, criou v\u00e1rias amizades nos meios radiof\u00f4nio e social.<\/p>\n\n\n\n<p>N\u00e3o temos informa\u00e7\u00f5es sobre vel\u00f3rio e sepultamento. Aqui, deixamos nossos sinceros sentimentos de pesar pelo falecimento do grande profissional da comunica\u00e7\u00e3o, Cleomar Leal.<\/p>\n","protected":false},"excerpt":{"rendered":"<p>BLOG DO ELOILTON CAJUHY Faleceu na noite desta ter\u00e7a-feira (03), no Hospital Roberto Santos, em Salvador, o radialista bonfinense Cleomar da Silva Leal, aos 48 anos. Cleomar inciou sua carreira na R\u00e1dio Rainha FM de Senhor do Bonfim, sendo um dos primeiros locutores da emissora. H\u00e1 quase 30 anos, mudou-se para Monte Santo, onde trabalhou [&hellip;]<\/p>\n","protected":false},"author":2,"featured_media":39302,"comment_status":"open","ping_status":"open","sticky":false,"template":"","format":"standard","meta":{"_acf_changed":false,"_monsterinsights_skip_tracking":false,"_monsterinsights_sitenote_active":false,"_monsterinsights_sitenote_note":"","_monsterinsights_sitenote_category":0,"_jetpack_memberships_contains_paid_content":false,"footnotes":"","jetpack_publicize_message":"","jetpack_publicize_feature_enabled":true,"jetpack_social_post_already_shared":true,"jetpack_social_options":{"image_generator_settings":{"template":"highway","default_image_id":0,"font":"","enabled":false},"version":2}},"categories":[1,4],"tags":[],"class_list":["post-39301","post","type-post","status-publish","format-standard","has-post-thumbnail","hentry","category-noticias","category-local"],"acf":[],"jetpack_publicize_connections":[],"jetpack_featured_media_url":"https:\/\/i0.wp.com\/blogdoeloiltoncajuhy.com.br\/site\/wp-content\/uploads\/2019\/12\/CleomarLeal.jpg?fit=391%2C391&ssl=1","jetpack_sharing_enabled":true,"publishpress_future_workflow_manual_trigger":{"enabledWorkflows":[]},"_links":{"self":[{"href":"https:\/\/blogdoeloiltoncajuhy.com.br\/site\/wp-json\/wp\/v2\/posts\/39301","targetHints":{"allow":["GET"]}}],"collection":[{"href":"https:\/\/blogdoeloiltoncajuhy.com.br\/site\/wp-json\/wp\/v2\/posts"}],"about":[{"href":"https:\/\/blogdoeloiltoncajuhy.com.br\/site\/wp-json\/wp\/v2\/types\/post"}],"author":[{"embeddable":true,"href":"https:\/\/blogdoeloiltoncajuhy.com.br\/site\/wp-json\/wp\/v2\/users\/2"}],"replies":[{"embeddable":true,"href":"https:\/\/blogdoeloiltoncajuhy.com.br\/site\/wp-json\/wp\/v2\/comments?post=39301"}],"version-history":[{"count":1,"href":"https:\/\/blogdoeloiltoncajuhy.com.br\/site\/wp-json\/wp\/v2\/posts\/39301\/revisions"}],"predecessor-version":[{"id":39303,"href":"https:\/\/blogdoeloiltoncajuhy.com.br\/site\/wp-json\/wp\/v2\/posts\/39301\/revisions\/39303"}],"wp:featuredmedia":[{"embeddable":true,"href":"https:\/\/blogdoeloiltoncajuhy.com.br\/site\/wp-json\/wp\/v2\/media\/39302"}],"wp:attachment":[{"href":"https:\/\/blogdoeloiltoncajuhy.com.br\/site\/wp-json\/wp\/v2\/media?parent=39301"}],"wp:term":[{"taxonomy":"category","embeddable":true,"href":"https:\/\/blogdoeloiltoncajuhy.com.br\/site\/wp-json\/wp\/v2\/categories?post=39301"},{"taxonomy":"post_tag","embeddable":true,"href":"https:\/\/blogdoeloiltoncajuhy.com.br\/site\/wp-json\/wp\/v2\/tags?post=39301"}],"curies":[{"name":"wp","href":"https:\/\/api.w.org\/{rel}","templated":true}]}}