{"id":39279,"date":"2019-12-02T19:50:27","date_gmt":"2019-12-02T22:50:27","guid":{"rendered":"http:\/\/blogdoeloiltoncajuhy.com.br\/site\/?p=39279"},"modified":"2019-12-02T19:50:32","modified_gmt":"2019-12-02T22:50:32","slug":"povoado-de-estiva-celebra-sua-padroeira-nossa-senhora-da-conceicao","status":"publish","type":"post","link":"https:\/\/blogdoeloiltoncajuhy.com.br\/site\/povoado-de-estiva-celebra-sua-padroeira-nossa-senhora-da-conceicao\/","title":{"rendered":"Povoado de Estiva celebra sua padroeira Nossa Senhora da Concei\u00e7\u00e3o"},"content":{"rendered":"\n<p><strong>BLOG DO ELOILTON CAJUHY<\/strong><\/p>\n\n\n\n<div class=\"wp-block-image\"><figure class=\"aligncenter size-large is-resized\"><img data-recalc-dims=\"1\" fetchpriority=\"high\" decoding=\"async\" src=\"https:\/\/i0.wp.com\/blogdoeloiltoncajuhy.com.br\/site\/wp-content\/uploads\/2018\/11\/nossa_senhora_conceicao_imagem.jpg?resize=256%2C256\" alt=\"\" class=\"wp-image-29588\" width=\"256\" height=\"256\" srcset=\"https:\/\/i0.wp.com\/blogdoeloiltoncajuhy.com.br\/site\/wp-content\/uploads\/2018\/11\/nossa_senhora_conceicao_imagem.jpg?resize=1024%2C1024&amp;ssl=1 1024w, https:\/\/i0.wp.com\/blogdoeloiltoncajuhy.com.br\/site\/wp-content\/uploads\/2018\/11\/nossa_senhora_conceicao_imagem.jpg?resize=150%2C150&amp;ssl=1 150w, https:\/\/i0.wp.com\/blogdoeloiltoncajuhy.com.br\/site\/wp-content\/uploads\/2018\/11\/nossa_senhora_conceicao_imagem.jpg?resize=300%2C300&amp;ssl=1 300w, https:\/\/i0.wp.com\/blogdoeloiltoncajuhy.com.br\/site\/wp-content\/uploads\/2018\/11\/nossa_senhora_conceicao_imagem.jpg?resize=768%2C768&amp;ssl=1 768w, https:\/\/i0.wp.com\/blogdoeloiltoncajuhy.com.br\/site\/wp-content\/uploads\/2018\/11\/nossa_senhora_conceicao_imagem.jpg?resize=250%2C250&amp;ssl=1 250w, https:\/\/i0.wp.com\/blogdoeloiltoncajuhy.com.br\/site\/wp-content\/uploads\/2018\/11\/nossa_senhora_conceicao_imagem.jpg?resize=48%2C48&amp;ssl=1 48w, https:\/\/i0.wp.com\/blogdoeloiltoncajuhy.com.br\/site\/wp-content\/uploads\/2018\/11\/nossa_senhora_conceicao_imagem.jpg?w=1200&amp;ssl=1 1200w\" sizes=\"(max-width: 256px) 100vw, 256px\" \/><\/figure><\/div>\n\n\n\n<p>A comunidade cat\u00f3lica do Povoado de Estiva, interior de Senhor do Bonfim, deu in\u00edcio na \u00faltima sexta-feira, 29 de novembro, ao noven\u00e1rio preparat\u00f3rio para a festa de sua Padroeira Nossa Senhora da Concei\u00e7\u00e3o, que ser\u00e1 comemorado no pr\u00f3ximo dia 08.<\/p>\n\n\n\n<p class=\"has-medium-font-size\"><strong>Confira a programa\u00e7\u00e3o desta ter\u00e7a-feira, 03:<\/strong><\/p>\n\n\n\n<figure class=\"wp-block-image size-large is-resized\"><img data-recalc-dims=\"1\" decoding=\"async\" src=\"https:\/\/i0.wp.com\/blogdoeloiltoncajuhy.com.br\/site\/wp-content\/uploads\/2019\/12\/Festa-de-Nossa-Senhora-da-Concei%C3%A7%C3%A3o-Estiva.jpeg?resize=639%2C176\" alt=\"\" class=\"wp-image-39280\" width=\"639\" height=\"176\" srcset=\"https:\/\/i0.wp.com\/blogdoeloiltoncajuhy.com.br\/site\/wp-content\/uploads\/2019\/12\/Festa-de-Nossa-Senhora-da-Concei%C3%A7%C3%A3o-Estiva.jpeg?w=548&amp;ssl=1 548w, https:\/\/i0.wp.com\/blogdoeloiltoncajuhy.com.br\/site\/wp-content\/uploads\/2019\/12\/Festa-de-Nossa-Senhora-da-Concei%C3%A7%C3%A3o-Estiva.jpeg?resize=300%2C83&amp;ssl=1 300w, https:\/\/i0.wp.com\/blogdoeloiltoncajuhy.com.br\/site\/wp-content\/uploads\/2019\/12\/Festa-de-Nossa-Senhora-da-Concei%C3%A7%C3%A3o-Estiva.jpeg?resize=250%2C69&amp;ssl=1 250w\" sizes=\"(max-width: 639px) 100vw, 639px\" \/><\/figure>\n","protected":false},"excerpt":{"rendered":"<p>BLOG DO ELOILTON CAJUHY A comunidade cat\u00f3lica do Povoado de Estiva, interior de Senhor do Bonfim, deu in\u00edcio na \u00faltima sexta-feira, 29 de novembro, ao noven\u00e1rio preparat\u00f3rio para a festa de sua Padroeira Nossa Senhora da Concei\u00e7\u00e3o, que ser\u00e1 comemorado no pr\u00f3ximo dia 08. Confira a programa\u00e7\u00e3o desta ter\u00e7a-feira, 03:<\/p>\n","protected":false},"author":2,"featured_media":39280,"comment_status":"open","ping_status":"open","sticky":false,"template":"","format":"standard","meta":{"_acf_changed":false,"_monsterinsights_skip_tracking":false,"_monsterinsights_sitenote_active":false,"_monsterinsights_sitenote_note":"","_monsterinsights_sitenote_category":0,"_jetpack_memberships_contains_paid_content":false,"footnotes":"","jetpack_publicize_message":"","jetpack_publicize_feature_enabled":true,"jetpack_social_post_already_shared":true,"jetpack_social_options":{"image_generator_settings":{"template":"highway","default_image_id":0,"font":"","enabled":false},"version":2}},"categories":[1,4],"tags":[],"class_list":["post-39279","post","type-post","status-publish","format-standard","has-post-thumbnail","hentry","category-noticias","category-local"],"acf":[],"jetpack_publicize_connections":[],"jetpack_featured_media_url":"https:\/\/i0.wp.com\/blogdoeloiltoncajuhy.com.br\/site\/wp-content\/uploads\/2019\/12\/Festa-de-Nossa-Senhora-da-Concei%C3%A7%C3%A3o-Estiva.jpeg?fit=548%2C151&ssl=1","jetpack_sharing_enabled":true,"publishpress_future_workflow_manual_trigger":{"enabledWorkflows":[]},"_links":{"self":[{"href":"https:\/\/blogdoeloiltoncajuhy.com.br\/site\/wp-json\/wp\/v2\/posts\/39279","targetHints":{"allow":["GET"]}}],"collection":[{"href":"https:\/\/blogdoeloiltoncajuhy.com.br\/site\/wp-json\/wp\/v2\/posts"}],"about":[{"href":"https:\/\/blogdoeloiltoncajuhy.com.br\/site\/wp-json\/wp\/v2\/types\/post"}],"author":[{"embeddable":true,"href":"https:\/\/blogdoeloiltoncajuhy.com.br\/site\/wp-json\/wp\/v2\/users\/2"}],"replies":[{"embeddable":true,"href":"https:\/\/blogdoeloiltoncajuhy.com.br\/site\/wp-json\/wp\/v2\/comments?post=39279"}],"version-history":[{"count":1,"href":"https:\/\/blogdoeloiltoncajuhy.com.br\/site\/wp-json\/wp\/v2\/posts\/39279\/revisions"}],"predecessor-version":[{"id":39281,"href":"https:\/\/blogdoeloiltoncajuhy.com.br\/site\/wp-json\/wp\/v2\/posts\/39279\/revisions\/39281"}],"wp:featuredmedia":[{"embeddable":true,"href":"https:\/\/blogdoeloiltoncajuhy.com.br\/site\/wp-json\/wp\/v2\/media\/39280"}],"wp:attachment":[{"href":"https:\/\/blogdoeloiltoncajuhy.com.br\/site\/wp-json\/wp\/v2\/media?parent=39279"}],"wp:term":[{"taxonomy":"category","embeddable":true,"href":"https:\/\/blogdoeloiltoncajuhy.com.br\/site\/wp-json\/wp\/v2\/categories?post=39279"},{"taxonomy":"post_tag","embeddable":true,"href":"https:\/\/blogdoeloiltoncajuhy.com.br\/site\/wp-json\/wp\/v2\/tags?post=39279"}],"curies":[{"name":"wp","href":"https:\/\/api.w.org\/{rel}","templated":true}]}}