{"id":39276,"date":"2019-12-02T19:21:08","date_gmt":"2019-12-02T22:21:08","guid":{"rendered":"http:\/\/blogdoeloiltoncajuhy.com.br\/site\/?p=39276"},"modified":"2019-12-02T19:21:14","modified_gmt":"2019-12-02T22:21:14","slug":"agentes-de-endemias-realizam-acoes-na-zona-rural-de-senhor-do-bonfim","status":"publish","type":"post","link":"https:\/\/blogdoeloiltoncajuhy.com.br\/site\/agentes-de-endemias-realizam-acoes-na-zona-rural-de-senhor-do-bonfim\/","title":{"rendered":"Agentes de Endemias realizam a\u00e7\u00f5es na Zona Rural de Senhor do Bonfim"},"content":{"rendered":"\n<div class=\"wp-block-image\"><figure class=\"aligncenter size-large is-resized\"><img fetchpriority=\"high\" decoding=\"async\" src=\"https:\/\/i0.wp.com\/blogdoeloiltoncajuhy.com.br\/site\/wp-content\/uploads\/2019\/12\/ACE_Igara_2019.jpg?fit=590%2C443\" alt=\"\" class=\"wp-image-39277\" width=\"443\" height=\"332\" srcset=\"https:\/\/i0.wp.com\/blogdoeloiltoncajuhy.com.br\/site\/wp-content\/uploads\/2019\/12\/ACE_Igara_2019.jpg?w=1040&amp;ssl=1 1040w, https:\/\/i0.wp.com\/blogdoeloiltoncajuhy.com.br\/site\/wp-content\/uploads\/2019\/12\/ACE_Igara_2019.jpg?resize=300%2C225&amp;ssl=1 300w, https:\/\/i0.wp.com\/blogdoeloiltoncajuhy.com.br\/site\/wp-content\/uploads\/2019\/12\/ACE_Igara_2019.jpg?resize=1024%2C768&amp;ssl=1 1024w, https:\/\/i0.wp.com\/blogdoeloiltoncajuhy.com.br\/site\/wp-content\/uploads\/2019\/12\/ACE_Igara_2019.jpg?resize=768%2C576&amp;ssl=1 768w, https:\/\/i0.wp.com\/blogdoeloiltoncajuhy.com.br\/site\/wp-content\/uploads\/2019\/12\/ACE_Igara_2019.jpg?resize=250%2C188&amp;ssl=1 250w\" sizes=\"(max-width: 443px) 100vw, 443px\" \/><\/figure><\/div>\n\n\n\n<p>Na luta contra o mosquito da Dengue, as atividades de preven\u00e7\u00e3o realizadas pela da Secretaria Municipal de Sa\u00fade (SEMUS), est\u00e3o sendo intensificadas ao longo do m\u00eas de dezembro, em toda a Zona Rural do munic\u00edpio.<\/p>\n\n\n\n<p>Ap\u00f3s a contrata\u00e7\u00e3o dos novos Agentes de Endemias, foi poss\u00edvel formar uma nova equipe que est\u00e1 sendo implantada novamente para atender de forma ininterrupta a popula\u00e7\u00e3o que vinha sendo desassistida desde 2014, quando a equipe precisou ser desarticulada por falta de pessoal suficiente para atender a demanda.<\/p>\n\n\n\n<p>Entre os servi\u00e7os oferecidos \u00e0s comunidades da zona rural, as visitas domiciliares realizadas pelos Agentes de Endemias, com aplica\u00e7\u00e3o de larvicida, est\u00e1 entre as mais importantes tendo em vista sua efici\u00eancia em baixar os indicies de infesta\u00e7\u00e3o predial com larvas do Aedes Aegypti.<\/p>\n\n\n\n<p>Na manh\u00e3 desta segunda-feira (02), os agentes iniciaram as atividades no distrito de Igara e dever\u00e3o seguir o cronograma de visitas recomendado pelo Minist\u00e9rio da Sa\u00fade.<\/p>\n\n\n\n<p>Combater a Dengue \u00e9 dever de todos. Colabore e fa\u00e7a a sua parte!<\/p>\n\n\n\n<p><strong><em>Com informa\u00e7\u00f5es da Coordena\u00e7\u00e3o dos Agentes de Combate \u00e0s Endemias<\/em><\/strong><\/p>\n","protected":false},"excerpt":{"rendered":"<p>Na luta contra o mosquito da Dengue, as atividades de preven\u00e7\u00e3o realizadas pela da Secretaria Municipal de Sa\u00fade (SEMUS), est\u00e3o sendo intensificadas ao longo do m\u00eas de dezembro, em toda a Zona Rural do munic\u00edpio. Ap\u00f3s a contrata\u00e7\u00e3o dos novos Agentes de Endemias, foi poss\u00edvel formar uma nova equipe que est\u00e1 sendo implantada novamente para [&hellip;]<\/p>\n","protected":false},"author":2,"featured_media":39277,"comment_status":"open","ping_status":"open","sticky":false,"template":"","format":"standard","meta":{"_acf_changed":false,"_monsterinsights_skip_tracking":false,"_monsterinsights_sitenote_active":false,"_monsterinsights_sitenote_note":"","_monsterinsights_sitenote_category":0,"_jetpack_memberships_contains_paid_content":false,"footnotes":"","jetpack_publicize_message":"","jetpack_publicize_feature_enabled":true,"jetpack_social_post_already_shared":true,"jetpack_social_options":{"image_generator_settings":{"template":"highway","default_image_id":0,"font":"","enabled":false},"version":2}},"categories":[1,7,4],"tags":[],"class_list":["post-39276","post","type-post","status-publish","format-standard","has-post-thumbnail","hentry","category-noticias","category-saude","category-local"],"acf":[],"jetpack_publicize_connections":[],"jetpack_featured_media_url":"https:\/\/i0.wp.com\/blogdoeloiltoncajuhy.com.br\/site\/wp-content\/uploads\/2019\/12\/ACE_Igara_2019.jpg?fit=1040%2C780&ssl=1","jetpack_sharing_enabled":true,"publishpress_future_workflow_manual_trigger":{"enabledWorkflows":[]},"_links":{"self":[{"href":"https:\/\/blogdoeloiltoncajuhy.com.br\/site\/wp-json\/wp\/v2\/posts\/39276","targetHints":{"allow":["GET"]}}],"collection":[{"href":"https:\/\/blogdoeloiltoncajuhy.com.br\/site\/wp-json\/wp\/v2\/posts"}],"about":[{"href":"https:\/\/blogdoeloiltoncajuhy.com.br\/site\/wp-json\/wp\/v2\/types\/post"}],"author":[{"embeddable":true,"href":"https:\/\/blogdoeloiltoncajuhy.com.br\/site\/wp-json\/wp\/v2\/users\/2"}],"replies":[{"embeddable":true,"href":"https:\/\/blogdoeloiltoncajuhy.com.br\/site\/wp-json\/wp\/v2\/comments?post=39276"}],"version-history":[{"count":1,"href":"https:\/\/blogdoeloiltoncajuhy.com.br\/site\/wp-json\/wp\/v2\/posts\/39276\/revisions"}],"predecessor-version":[{"id":39278,"href":"https:\/\/blogdoeloiltoncajuhy.com.br\/site\/wp-json\/wp\/v2\/posts\/39276\/revisions\/39278"}],"wp:featuredmedia":[{"embeddable":true,"href":"https:\/\/blogdoeloiltoncajuhy.com.br\/site\/wp-json\/wp\/v2\/media\/39277"}],"wp:attachment":[{"href":"https:\/\/blogdoeloiltoncajuhy.com.br\/site\/wp-json\/wp\/v2\/media?parent=39276"}],"wp:term":[{"taxonomy":"category","embeddable":true,"href":"https:\/\/blogdoeloiltoncajuhy.com.br\/site\/wp-json\/wp\/v2\/categories?post=39276"},{"taxonomy":"post_tag","embeddable":true,"href":"https:\/\/blogdoeloiltoncajuhy.com.br\/site\/wp-json\/wp\/v2\/tags?post=39276"}],"curies":[{"name":"wp","href":"https:\/\/api.w.org\/{rel}","templated":true}]}}