{"id":39272,"date":"2019-12-02T15:45:49","date_gmt":"2019-12-02T18:45:49","guid":{"rendered":"http:\/\/blogdoeloiltoncajuhy.com.br\/site\/?p=39272"},"modified":"2019-12-02T15:45:55","modified_gmt":"2019-12-02T18:45:55","slug":"prefeitura-de-jaguarari-amplia-iluminacao-publica-nos-bairros-do-mutirao-e-vitoria","status":"publish","type":"post","link":"https:\/\/blogdoeloiltoncajuhy.com.br\/site\/prefeitura-de-jaguarari-amplia-iluminacao-publica-nos-bairros-do-mutirao-e-vitoria\/","title":{"rendered":"Prefeitura de Jaguarari amplia ilumina\u00e7\u00e3o publica nos bairros do Mutir\u00e3o e Vit\u00f3ria"},"content":{"rendered":"\n<p><strong>ASCOM \u2013 Prefeitura de Jaguarari-BA<\/strong><\/p>\n\n\n\n<div class=\"wp-block-image\"><figure class=\"aligncenter size-large is-resized\"><img fetchpriority=\"high\" decoding=\"async\" src=\"https:\/\/i0.wp.com\/blogdoeloiltoncajuhy.com.br\/site\/wp-content\/uploads\/2019\/12\/PMJ_Iluminacao-2987.jpg?fit=590%2C393\" alt=\"\" class=\"wp-image-39273\" width=\"400\" height=\"268\" srcset=\"https:\/\/i0.wp.com\/blogdoeloiltoncajuhy.com.br\/site\/wp-content\/uploads\/2019\/12\/PMJ_Iluminacao-2987.jpg?w=1280&amp;ssl=1 1280w, https:\/\/i0.wp.com\/blogdoeloiltoncajuhy.com.br\/site\/wp-content\/uploads\/2019\/12\/PMJ_Iluminacao-2987.jpg?resize=300%2C200&amp;ssl=1 300w, https:\/\/i0.wp.com\/blogdoeloiltoncajuhy.com.br\/site\/wp-content\/uploads\/2019\/12\/PMJ_Iluminacao-2987.jpg?resize=768%2C512&amp;ssl=1 768w, https:\/\/i0.wp.com\/blogdoeloiltoncajuhy.com.br\/site\/wp-content\/uploads\/2019\/12\/PMJ_Iluminacao-2987.jpg?resize=250%2C167&amp;ssl=1 250w\" sizes=\"(max-width: 400px) 100vw, 400px\" \/><\/figure><\/div>\n\n\n\n<p>Dando continuidade ao trabalho de revitaliza\u00e7\u00e3o e amplia\u00e7\u00e3o da ilumina\u00e7\u00e3o p\u00fablica em diversos pontos da cidade, a prefeitura de Jaguarari vem realizando desde a semana passada a amplia\u00e7\u00e3o da ilumina\u00e7\u00e3o publica dos bairros do Mutir\u00e3o e Vit\u00f3ria.<\/p>\n\n\n\n<p>Esta a\u00e7\u00e3o, executada pela Secretaria de Administra\u00e7\u00e3o, por meio do setor de ilumina\u00e7\u00e3o do munic\u00edpio, faz parte do cronograma de a\u00e7\u00f5es do governo municipal que tem como objetivo a instala\u00e7\u00e3o de reatores, bra\u00e7os e l\u00e2mpadas, proporcionando \u00e0 popula\u00e7\u00e3o maior tranquilidade e seguran\u00e7a nas vias p\u00fablicas.<\/p>\n\n\n\n<p>Seguindo o cronograma de a\u00e7\u00f5es, o setor de ilumina\u00e7\u00e3o seguir\u00e1 para o distrito de Gameleira onde realizar\u00e1 a revitaliza\u00e7\u00e3o da ilumina\u00e7\u00e3o da entrada da localidade.<\/p>\n","protected":false},"excerpt":{"rendered":"<p>ASCOM \u2013 Prefeitura de Jaguarari-BA Dando continuidade ao trabalho de revitaliza\u00e7\u00e3o e amplia\u00e7\u00e3o da ilumina\u00e7\u00e3o p\u00fablica em diversos pontos da cidade, a prefeitura de Jaguarari vem realizando desde a semana passada a amplia\u00e7\u00e3o da ilumina\u00e7\u00e3o publica dos bairros do Mutir\u00e3o e Vit\u00f3ria. Esta a\u00e7\u00e3o, executada pela Secretaria de Administra\u00e7\u00e3o, por meio do setor de ilumina\u00e7\u00e3o [&hellip;]<\/p>\n","protected":false},"author":2,"featured_media":39273,"comment_status":"open","ping_status":"open","sticky":false,"template":"","format":"standard","meta":{"_acf_changed":false,"_monsterinsights_skip_tracking":false,"_monsterinsights_sitenote_active":false,"_monsterinsights_sitenote_note":"","_monsterinsights_sitenote_category":0,"_jetpack_memberships_contains_paid_content":false,"footnotes":"","jetpack_publicize_message":"","jetpack_publicize_feature_enabled":true,"jetpack_social_post_already_shared":true,"jetpack_social_options":{"image_generator_settings":{"template":"highway","default_image_id":0,"font":"","enabled":false},"version":2}},"categories":[1,3,11],"tags":[],"class_list":["post-39272","post","type-post","status-publish","format-standard","has-post-thumbnail","hentry","category-noticias","category-politica","category-regional"],"acf":[],"jetpack_publicize_connections":[],"jetpack_featured_media_url":"https:\/\/i0.wp.com\/blogdoeloiltoncajuhy.com.br\/site\/wp-content\/uploads\/2019\/12\/PMJ_Iluminacao-2987.jpg?fit=1280%2C853&ssl=1","jetpack_sharing_enabled":true,"publishpress_future_workflow_manual_trigger":{"enabledWorkflows":[]},"_links":{"self":[{"href":"https:\/\/blogdoeloiltoncajuhy.com.br\/site\/wp-json\/wp\/v2\/posts\/39272","targetHints":{"allow":["GET"]}}],"collection":[{"href":"https:\/\/blogdoeloiltoncajuhy.com.br\/site\/wp-json\/wp\/v2\/posts"}],"about":[{"href":"https:\/\/blogdoeloiltoncajuhy.com.br\/site\/wp-json\/wp\/v2\/types\/post"}],"author":[{"embeddable":true,"href":"https:\/\/blogdoeloiltoncajuhy.com.br\/site\/wp-json\/wp\/v2\/users\/2"}],"replies":[{"embeddable":true,"href":"https:\/\/blogdoeloiltoncajuhy.com.br\/site\/wp-json\/wp\/v2\/comments?post=39272"}],"version-history":[{"count":1,"href":"https:\/\/blogdoeloiltoncajuhy.com.br\/site\/wp-json\/wp\/v2\/posts\/39272\/revisions"}],"predecessor-version":[{"id":39274,"href":"https:\/\/blogdoeloiltoncajuhy.com.br\/site\/wp-json\/wp\/v2\/posts\/39272\/revisions\/39274"}],"wp:featuredmedia":[{"embeddable":true,"href":"https:\/\/blogdoeloiltoncajuhy.com.br\/site\/wp-json\/wp\/v2\/media\/39273"}],"wp:attachment":[{"href":"https:\/\/blogdoeloiltoncajuhy.com.br\/site\/wp-json\/wp\/v2\/media?parent=39272"}],"wp:term":[{"taxonomy":"category","embeddable":true,"href":"https:\/\/blogdoeloiltoncajuhy.com.br\/site\/wp-json\/wp\/v2\/categories?post=39272"},{"taxonomy":"post_tag","embeddable":true,"href":"https:\/\/blogdoeloiltoncajuhy.com.br\/site\/wp-json\/wp\/v2\/tags?post=39272"}],"curies":[{"name":"wp","href":"https:\/\/api.w.org\/{rel}","templated":true}]}}