{"id":39240,"date":"2019-12-02T09:41:20","date_gmt":"2019-12-02T12:41:20","guid":{"rendered":"http:\/\/blogdoeloiltoncajuhy.com.br\/site\/?p=39240"},"modified":"2019-12-02T09:41:27","modified_gmt":"2019-12-02T12:41:27","slug":"extincao-de-cidades-prevista-em-pec-provoca-criticas-governo-argumenta-que-municipios-nao-tem-recursos","status":"publish","type":"post","link":"https:\/\/blogdoeloiltoncajuhy.com.br\/site\/extincao-de-cidades-prevista-em-pec-provoca-criticas-governo-argumenta-que-municipios-nao-tem-recursos\/","title":{"rendered":"Extin\u00e7\u00e3o de cidades prevista em PEC provoca cr\u00edticas; governo argumenta que munic\u00edpios n\u00e3o t\u00eam recursos"},"content":{"rendered":"\n<p><strong>Da R\u00e1dio C\u00e2mara, de Bras\u00edlia, Karla Alessandra<\/strong><\/p>\n\n\n\n<div class=\"wp-block-image\"><figure class=\"aligncenter size-large\"><img fetchpriority=\"high\" decoding=\"async\" width=\"1086\" height=\"652\" src=\"https:\/\/i0.wp.com\/blogdoeloiltoncajuhy.com.br\/site\/wp-content\/uploads\/2019\/12\/Cidades.jpg?fit=590%2C354\" alt=\"\" class=\"wp-image-39241\" srcset=\"https:\/\/i0.wp.com\/blogdoeloiltoncajuhy.com.br\/site\/wp-content\/uploads\/2019\/12\/Cidades.jpg?w=1086&amp;ssl=1 1086w, https:\/\/i0.wp.com\/blogdoeloiltoncajuhy.com.br\/site\/wp-content\/uploads\/2019\/12\/Cidades.jpg?resize=300%2C180&amp;ssl=1 300w, https:\/\/i0.wp.com\/blogdoeloiltoncajuhy.com.br\/site\/wp-content\/uploads\/2019\/12\/Cidades.jpg?resize=1024%2C615&amp;ssl=1 1024w, https:\/\/i0.wp.com\/blogdoeloiltoncajuhy.com.br\/site\/wp-content\/uploads\/2019\/12\/Cidades.jpg?resize=768%2C461&amp;ssl=1 768w, https:\/\/i0.wp.com\/blogdoeloiltoncajuhy.com.br\/site\/wp-content\/uploads\/2019\/12\/Cidades.jpg?resize=250%2C150&amp;ssl=1 250w\" sizes=\"(max-width: 800px) 100vw, 800px\" \/><\/figure><\/div>\n\n\n\n<p>Parte do pacote de ajuste fiscal do governo Bolsonaro, a Proposta de Emenda \u00e0 Constitui\u00e7\u00e3o (188\/19) que tem por objetivo mudar o pacto federativo vigente no Brasil tem sido alvo de cr\u00edticas de parlamentares, especialmente, no trecho que trata da extin\u00e7\u00e3o de cidades brasileiras.<\/p>\n\n\n\n<p>Entre as altera\u00e7\u00f5es propostas, a PEC determina que os munic\u00edpios com menos de 5 mil habitantes e arrecada\u00e7\u00e3o pr\u00f3pria menor que 10 por cento da receita total deve voltar a pertencer a outro munic\u00edpio.<\/p>\n\n\n\n<p>A deputada Alice Portugal, do PCdoB da Bahia, acredita que essa mudan\u00e7a \u00e9 inconstitucional e n\u00e3o ser\u00e1 bem recebida pelos munic\u00edpios que j\u00e1 conquistaram sua autonomia h\u00e1 muitos anos. Para a deputada, o ministro da Economia Paulo Guedes precisa ser convocado a esclarecer para senadores e deputados como esse processo ser\u00e1 tratado.<\/p>\n\n\n\n<p><em>\u201cA extin\u00e7\u00e3o de munic\u00edpios dessa forma precisa passar pelo crivo dos mun\u00edcipes. Ent\u00e3o teria que ter um novo plebiscito no munic\u00edpio origin\u00e1rio, no munic\u00edpio que foi emancipado, depois em ambos para verifica\u00e7\u00e3o se o emancipado quer se desemancipar, se o que emancipou quer de volta aquele contencioso\u201d<\/em>.<\/p>\n\n\n\n<p>Segundo a justificativa da proposta, mais de 1.200 munic\u00edpios brasileiros t\u00eam popula\u00e7\u00e3o inferior a cinco mil habitantes e, em sua maioria, n\u00e3o arrecadam receitas pr\u00f3prias suficientes para custear nem mesmo sua estrutura de prefeitura e c\u00e2mara de vereadores.<\/p>\n\n\n\n<p>O deputado Silvio Costa Filho, do Republicanos de Pernambuco, defendeu um pacto federativo que garanta mais recursos para estados e munic\u00edpios. Mas ele \u00e9 contr\u00e1rio \u00e0 extin\u00e7\u00e3o dos munic\u00edpios proposta pela PEC.<\/p>\n\n\n\n<p><em>\u201cEu acho que isso n\u00e3o vai resolver o problema do Brasil. \u00c9 importante que no lugar de a gente reduzir, a gente possa buscar alternativas de fortalecer, de criar alternativas. Que esses munic\u00edpios possam sobreviver, criar novas fontes de receita e n\u00e3o acabar com o munic\u00edpio, at\u00e9 porque est\u00e1 a hist\u00f3ria da cidade e a hist\u00f3ria de vida das pessoas\u201d<\/em>.<\/p>\n\n\n\n<p>J\u00e1 a deputada Bia Kicis, do PSL do Distrito Federal, defendeu a proposta que, segundo ela, vai representar uma grande economia para o pa\u00eds.<\/p>\n\n\n\n<p><em>&#8220;Muitos munic\u00edpios at\u00e9 preferem, at\u00e9 porque \u00e9 uma ilus\u00e3o esse poder, o que voc\u00ea tem \u00e9 uma c\u00e2mara de vereadores, muita despesa e a popula\u00e7\u00e3o sangrando para pagar uma estrutura administrativa&#8221;<\/em>.<\/p>\n\n\n\n<p>Segundo dados do Instituto Brasileiro de Geografia e Estat\u00edstica, somente 673 munic\u00edpios brasileiros t\u00eam mais de cinco mil habitantes, mas nem todos os com popula\u00e7\u00e3o inferior a cinco mil se enquadram na regra de arrecada\u00e7\u00e3o menor que 10 por cento dos gastos totais.<\/p>\n\n\n\n<p>A Proposta de Emenda \u00e0 Constitui\u00e7\u00e3o do Pacto Federativo est\u00e1 no Senado. Se aprovada l\u00e1, ainda precisa ser analisada pela C\u00e2mara.<\/p>\n","protected":false},"excerpt":{"rendered":"<p>Da R\u00e1dio C\u00e2mara, de Bras\u00edlia, Karla Alessandra Parte do pacote de ajuste fiscal do governo Bolsonaro, a Proposta de Emenda \u00e0 Constitui\u00e7\u00e3o (188\/19) que tem por objetivo mudar o pacto federativo vigente no Brasil tem sido alvo de cr\u00edticas de parlamentares, especialmente, no trecho que trata da extin\u00e7\u00e3o de cidades brasileiras. Entre as altera\u00e7\u00f5es propostas, [&hellip;]<\/p>\n","protected":false},"author":2,"featured_media":39241,"comment_status":"open","ping_status":"open","sticky":false,"template":"","format":"standard","meta":{"_acf_changed":false,"_monsterinsights_skip_tracking":false,"_monsterinsights_sitenote_active":false,"_monsterinsights_sitenote_note":"","_monsterinsights_sitenote_category":0,"_jetpack_memberships_contains_paid_content":false,"footnotes":"","jetpack_publicize_message":"","jetpack_publicize_feature_enabled":true,"jetpack_social_post_already_shared":true,"jetpack_social_options":{"image_generator_settings":{"template":"highway","default_image_id":0,"font":"","enabled":false},"version":2}},"categories":[1,3],"tags":[],"class_list":["post-39240","post","type-post","status-publish","format-standard","has-post-thumbnail","hentry","category-noticias","category-politica"],"acf":[],"jetpack_publicize_connections":[],"jetpack_featured_media_url":"https:\/\/i0.wp.com\/blogdoeloiltoncajuhy.com.br\/site\/wp-content\/uploads\/2019\/12\/Cidades.jpg?fit=1086%2C652&ssl=1","jetpack_sharing_enabled":true,"publishpress_future_workflow_manual_trigger":{"enabledWorkflows":[]},"_links":{"self":[{"href":"https:\/\/blogdoeloiltoncajuhy.com.br\/site\/wp-json\/wp\/v2\/posts\/39240","targetHints":{"allow":["GET"]}}],"collection":[{"href":"https:\/\/blogdoeloiltoncajuhy.com.br\/site\/wp-json\/wp\/v2\/posts"}],"about":[{"href":"https:\/\/blogdoeloiltoncajuhy.com.br\/site\/wp-json\/wp\/v2\/types\/post"}],"author":[{"embeddable":true,"href":"https:\/\/blogdoeloiltoncajuhy.com.br\/site\/wp-json\/wp\/v2\/users\/2"}],"replies":[{"embeddable":true,"href":"https:\/\/blogdoeloiltoncajuhy.com.br\/site\/wp-json\/wp\/v2\/comments?post=39240"}],"version-history":[{"count":1,"href":"https:\/\/blogdoeloiltoncajuhy.com.br\/site\/wp-json\/wp\/v2\/posts\/39240\/revisions"}],"predecessor-version":[{"id":39242,"href":"https:\/\/blogdoeloiltoncajuhy.com.br\/site\/wp-json\/wp\/v2\/posts\/39240\/revisions\/39242"}],"wp:featuredmedia":[{"embeddable":true,"href":"https:\/\/blogdoeloiltoncajuhy.com.br\/site\/wp-json\/wp\/v2\/media\/39241"}],"wp:attachment":[{"href":"https:\/\/blogdoeloiltoncajuhy.com.br\/site\/wp-json\/wp\/v2\/media?parent=39240"}],"wp:term":[{"taxonomy":"category","embeddable":true,"href":"https:\/\/blogdoeloiltoncajuhy.com.br\/site\/wp-json\/wp\/v2\/categories?post=39240"},{"taxonomy":"post_tag","embeddable":true,"href":"https:\/\/blogdoeloiltoncajuhy.com.br\/site\/wp-json\/wp\/v2\/tags?post=39240"}],"curies":[{"name":"wp","href":"https:\/\/api.w.org\/{rel}","templated":true}]}}