{"id":39238,"date":"2019-12-01T10:41:43","date_gmt":"2019-12-01T13:41:43","guid":{"rendered":"http:\/\/blogdoeloiltoncajuhy.com.br\/site\/?p=39238"},"modified":"2019-12-01T10:41:49","modified_gmt":"2019-12-01T13:41:49","slug":"concursos-16-orgaos-abrem-inscricoes-para-39-mil-vagas-nesta-segunda-feira-02","status":"publish","type":"post","link":"https:\/\/blogdoeloiltoncajuhy.com.br\/site\/concursos-16-orgaos-abrem-inscricoes-para-39-mil-vagas-nesta-segunda-feira-02\/","title":{"rendered":"Concursos: 16 \u00f3rg\u00e3os abrem inscri\u00e7\u00f5es para 3,9 mil vagas nesta segunda-feira (02)"},"content":{"rendered":"\n<h5 class=\"has-text-align-center wp-block-heading\"><em>Cargos s\u00e3o de todos os n\u00edveis de escolaridade; sal\u00e1rios chegam a R$ 15.600,00 na Prefeitura de Mostardas (RS)<\/em><\/h5>\n\n\n\n<p><strong>Por G1<\/strong><\/p>\n\n\n\n<div class=\"wp-block-image\"><figure class=\"aligncenter size-large\"><img data-recalc-dims=\"1\" fetchpriority=\"high\" decoding=\"async\" width=\"600\" height=\"339\" src=\"https:\/\/i0.wp.com\/blogdoeloiltoncajuhy.com.br\/site\/wp-content\/uploads\/2017\/08\/concursos-abertos-e1502031896813.png?resize=600%2C339\" alt=\"\" class=\"wp-image-19311\"\/><\/figure><\/div>\n\n\n\n<p>Pelo menos 16 \u00f3rg\u00e3os abrem as inscri\u00e7\u00f5es nesta segunda-feira (2) para 3.880 vagas em cargos de todos os n\u00edveis de escolaridade. S\u00f3 no RioSa\u00fade s\u00e3o 2,7 mil vagas. Os sal\u00e1rios chegam a R$ 15.600,00 na Prefeitura de Mostardas (RS).<\/p>\n\n\n\n<p>Veja abaixo mais detalhes sobre os processos seletivos:<\/p>\n\n\n\n<h2 class=\"wp-block-heading\">C\u00e2mara Municipal de Patroc\u00ednio (MG)<\/h2>\n\n\n\n<ul class=\"wp-block-list\"><li>Inscri\u00e7\u00f5es: at\u00e9 10\/01\/2020<\/li><li>3 vagas<\/li><li>Sal\u00e1rios: at\u00e9 R$ 6.111,86<\/li><li>Cargos de n\u00edvel superior<\/li><li><a href=\"https:\/\/www.gestaodeconcursos.com.br\/site\/site\/DetalheConcurso.aspx?CodigoConcurso=1302\" target=\"_blank\" rel=\"noreferrer noopener\">Veja o edital<\/a><\/li><\/ul>\n\n\n\n<h2 class=\"wp-block-heading\">Hospital Ipiranga (SP)<\/h2>\n\n\n\n<ul class=\"wp-block-list\"><li>Inscri\u00e7\u00f5es: at\u00e9 20\/12\/2019<\/li><li>24 vagas<\/li><li>Sal\u00e1rios: at\u00e9 R$ 1.142,64<\/li><li>Cargos de n\u00edvel m\u00e9dio<\/li><li>Vagas para S\u00e3o Paulo<\/li><li><a href=\"http:\/\/www.hospitaisipiranga.com.br\/\" target=\"_blank\" rel=\"noreferrer noopener\">Veja o edital<\/a><\/li><\/ul>\n\n\n\n<h2 class=\"wp-block-heading\">Prefeitura de Acrel\u00e2ndia (AC)<\/h2>\n\n\n\n<ul class=\"wp-block-list\"><li>Inscri\u00e7\u00f5es: at\u00e9 03\/12\/2019<\/li><li>71 vagas<\/li><li>Sal\u00e1rios: at\u00e9 R$ 3.000,00<\/li><li>Cargos de n\u00edvel m\u00e9dio e superior<\/li><li><a href=\"https:\/\/www.acrelandia.ac.gov.br\/post\/prefeitura-de-acrel%C3%A2ndia-abre-processo-seletivo-simplificado-com-71-vagas\" target=\"_blank\" rel=\"noreferrer noopener\">Veja o edital<\/a><\/li><\/ul>\n\n\n\n<h2 class=\"wp-block-heading\">Prefeitura de Campo Novo do Parecis (MT)<\/h2>\n\n\n\n<ul class=\"wp-block-list\"><li>Inscri\u00e7\u00f5es: at\u00e9 13\/12\/2019<\/li><li>4 vagas<\/li><li>Sal\u00e1rios: at\u00e9 R$ 2.079,66<\/li><li>Cargos de n\u00edvel m\u00e9dio<\/li><li><a href=\"http:\/\/selecao.saudecamponovodoparecis.com.br\/\" target=\"_blank\" rel=\"noreferrer noopener\">Veja o edital<\/a><\/li><\/ul>\n\n\n\n<h2 class=\"wp-block-heading\">Prefeitura de Itueta (MG)<\/h2>\n\n\n\n<ul class=\"wp-block-list\"><li>Inscri\u00e7\u00f5es: at\u00e9 15\/12\/2019<\/li><li>8 vagas<\/li><li>Sal\u00e1rios: at\u00e9 R$ 1.250,00<\/li><li>Cargos de n\u00edvel m\u00e9dio<\/li><li><a href=\"https:\/\/maximaauditores.com.br\/edital\/ver\/2463\" target=\"_blank\" rel=\"noreferrer noopener\">Veja o edital<\/a><\/li><\/ul>\n\n\n\n<h2 class=\"wp-block-heading\">Prefeitura de Mandaguari (PR)<\/h2>\n\n\n\n<ul class=\"wp-block-list\"><li>Inscri\u00e7\u00f5es: at\u00e9 06\/12\/2019<\/li><li>33 vagas<\/li><li>Sal\u00e1rios: at\u00e9 R$ 1.666,72<\/li><li>Cargos de n\u00edvel m\u00e9dio e superior<\/li><li><a href=\"http:\/\/www.mandaguari.pr.gov.br\/index.php?sessao=b054603368vfb0&amp;id=1403439\" target=\"_blank\" rel=\"noreferrer noopener\">Veja o edital<\/a><\/li><\/ul>\n\n\n\n<h2 class=\"wp-block-heading\">Prefeitura de Mostardas (RS)<\/h2>\n\n\n\n<ul class=\"wp-block-list\"><li>Inscri\u00e7\u00f5es: at\u00e9 02\/01\/2020<\/li><li>50 vagas<\/li><li>Sal\u00e1rios: at\u00e9 R$ 15.600,00<\/li><li>Cargos de n\u00edvel fundamental, m\u00e9dio e superior<\/li><li><a rel=\"noreferrer noopener\" href=\"https:\/\/legalleconcursos.com.br\/editais\/futuros\" target=\"_blank\">Veja o edital<\/a><\/li><\/ul>\n\n\n\n<h2 class=\"wp-block-heading\">Prefeitura de Nova Cana\u00e3 do Norte (MT)<\/h2>\n\n\n\n<ul class=\"wp-block-list\"><li>Inscri\u00e7\u00f5es: at\u00e9 20\/12\/2019<\/li><li>41 vagas<\/li><li>Sal\u00e1rios: at\u00e9 R$ 3.054,98<\/li><li>Cargos de n\u00edvel m\u00e9dio e superior<\/li><li><a href=\"http:\/\/www.novacanaadonorte.mt.gov.br\/noticia\/prefeitura-de-nova-canaa-do-norte-abre-inscricoes-para-processo-seletivo-simplificado\" target=\"_blank\" rel=\"noreferrer noopener\">Veja o edital<\/a><\/li><\/ul>\n\n\n\n<h2 class=\"wp-block-heading\">Prefeitura de Paranagu\u00e1 (PR)<\/h2>\n\n\n\n<ul class=\"wp-block-list\"><li>Inscri\u00e7\u00f5es: at\u00e9 26\/12\/2019<\/li><li>3 vagas<\/li><li>Sal\u00e1rios: at\u00e9 R$ 5.000,57<\/li><li>Cargos de n\u00edvel m\u00e9dio e superior<\/li><li><a href=\"https:\/\/www.concursosfau.com.br\/novo\/concurso\/PMGUA\" target=\"_blank\" rel=\"noreferrer noopener\">Veja o edital<\/a><\/li><\/ul>\n\n\n\n<h2 class=\"wp-block-heading\">Prefeitura de Ponte Nova (MG)<\/h2>\n\n\n\n<ul class=\"wp-block-list\"><li>Inscri\u00e7\u00f5es: at\u00e9 02\/01\/2020<\/li><li>558 vagas<\/li><li>Sal\u00e1rios: at\u00e9 R$ 4.741,99<\/li><li>Cargos de n\u00edvel fundamental, m\u00e9dio e superior<\/li><li><a href=\"https:\/\/concurso.fundacaocefetminas.org.br\/site\/processo_seletivo_detalhes.aspx?id=D805849F812284B8\" target=\"_blank\" rel=\"noreferrer noopener\">Veja o edital<\/a><\/li><\/ul>\n\n\n\n<h2 class=\"wp-block-heading\">Prefeitura de Sacramento (MG)<\/h2>\n\n\n\n<ul class=\"wp-block-list\"><li>Inscri\u00e7\u00f5es: at\u00e9 10\/01\/2020<\/li><li>49 vagas<\/li><li>Sal\u00e1rios: at\u00e9 R$ 8.000,00<\/li><li>Cargos de n\u00edvel m\u00e9dio e superior<\/li><li><a href=\"https:\/\/imam.org.br\/sitenoticia\/processo_seletivo_detalhes.aspx?id=3BA7BE5A818DA2D9\" target=\"_blank\" rel=\"noreferrer noopener\">Veja o edital<\/a><\/li><\/ul>\n\n\n\n<h2 class=\"wp-block-heading\">Prefeitura de Santa B\u00e1rbara (MG)<\/h2>\n\n\n\n<ul class=\"wp-block-list\"><li>Inscri\u00e7\u00f5es: at\u00e9 10\/12\/2019<\/li><li>4 vagas<\/li><li>Sal\u00e1rios: at\u00e9 R$ 1.400,00<\/li><li>Cargos de n\u00edvel fundamental e m\u00e9dio<\/li><li><a href=\"http:\/\/www.santabarbara.mg.gov.br\/downloads\/categoria\/editais\/22\" target=\"_blank\" rel=\"noreferrer noopener\">Veja o edital<\/a><\/li><\/ul>\n\n\n\n<h2 class=\"wp-block-heading\">Prefeitura de Santa Luzia (MG)<\/h2>\n\n\n\n<ul class=\"wp-block-list\"><li>Inscri\u00e7\u00f5es: at\u00e9 03\/01\/2020<\/li><li>281 vagas<\/li><li>Sal\u00e1rios: at\u00e9 R$ 1.250,00<\/li><li>Cargos de n\u00edvel m\u00e9dio<\/li><li><a href=\"https:\/\/www.ibgpconcursos.com.br\/concursos\/DetalheConcurso.aspx?id=124\" target=\"_blank\" rel=\"noreferrer noopener\">Veja o edital<\/a><\/li><\/ul>\n\n\n\n<h2 class=\"wp-block-heading\">Prefeitura de S\u00e3o Miguel do Araguaia (GO)<\/h2>\n\n\n\n<ul class=\"wp-block-list\"><li>Inscri\u00e7\u00f5es: at\u00e9 06\/12\/2019<\/li><li>31 vagas<\/li><li>Sal\u00e1rios: at\u00e9 R$ 3.500,00<\/li><li>Cargos de n\u00edvel fundamental, m\u00e9dio e superior<\/li><li><a href=\"http:\/\/www.saomigueldoaraguaia.go.gov.br\/concursos\" target=\"_blank\" rel=\"noreferrer noopener\">Veja o edital<\/a><\/li><\/ul>\n\n\n\n<h2 class=\"wp-block-heading\">Prefeitura de Tomazina (PR)<\/h2>\n\n\n\n<ul class=\"wp-block-list\"><li>Inscri\u00e7\u00f5es: at\u00e9 06\/12\/2019<\/li><li>3 vagas<\/li><li>Sal\u00e1rios: at\u00e9 R$ 1.107,69<\/li><li>Cargo de n\u00edvel alfabetizado<\/li><li><a href=\"http:\/\/tomazina.pr.gov.br\/?pag=T0RZPU9EYz1PR009T1RrPU9EWT1PVEE9T1dFPQ==&amp;view=LIST-EDT&amp;tipo=8&amp;sit=&amp;ano=2019&amp;notid=&amp;notIn=\" target=\"_blank\" rel=\"noreferrer noopener\">Veja o edital<\/a><\/li><\/ul>\n\n\n\n<h2 class=\"wp-block-heading\">RioSa\u00fade<\/h2>\n\n\n\n<ul class=\"wp-block-list\"><li>Inscri\u00e7\u00f5es: at\u00e9 10\/12\/2019<\/li><li>2.717 vagas<\/li><li>Sal\u00e1rios: at\u00e9 R$ 7.791,00<\/li><li>Cargo de n\u00edvel m\u00e9dio e superior<\/li><li><a href=\"http:\/\/prefeitura.rio\/cidade\/riosaude-vai-realizar-concurso-publico-para-contratar-2-717-profissionais-de-niveis-medio-e-superior\/\" target=\"_blank\" rel=\"noreferrer noopener\">Veja o edital<\/a><\/li><\/ul>\n","protected":false},"excerpt":{"rendered":"<p>Cargos s\u00e3o de todos os n\u00edveis de escolaridade; sal\u00e1rios chegam a R$ 15.600,00 na Prefeitura de Mostardas (RS) Por G1 Pelo menos 16 \u00f3rg\u00e3os abrem as inscri\u00e7\u00f5es nesta segunda-feira (2) para 3.880 vagas em cargos de todos os n\u00edveis de escolaridade. S\u00f3 no RioSa\u00fade s\u00e3o 2,7 mil vagas. Os sal\u00e1rios chegam a R$ 15.600,00 na [&hellip;]<\/p>\n","protected":false},"author":2,"featured_media":0,"comment_status":"open","ping_status":"open","sticky":false,"template":"","format":"standard","meta":{"_acf_changed":false,"_monsterinsights_skip_tracking":false,"_monsterinsights_sitenote_active":false,"_monsterinsights_sitenote_note":"","_monsterinsights_sitenote_category":0,"_jetpack_memberships_contains_paid_content":false,"footnotes":"","jetpack_publicize_message":"","jetpack_publicize_feature_enabled":true,"jetpack_social_post_already_shared":true,"jetpack_social_options":{"image_generator_settings":{"template":"highway","default_image_id":0,"font":"","enabled":false},"version":2}},"categories":[5,1],"tags":[],"class_list":["post-39238","post","type-post","status-publish","format-standard","hentry","category-cotidiano","category-noticias"],"acf":[],"jetpack_publicize_connections":[],"jetpack_featured_media_url":"","jetpack_sharing_enabled":true,"publishpress_future_workflow_manual_trigger":{"enabledWorkflows":[]},"_links":{"self":[{"href":"https:\/\/blogdoeloiltoncajuhy.com.br\/site\/wp-json\/wp\/v2\/posts\/39238","targetHints":{"allow":["GET"]}}],"collection":[{"href":"https:\/\/blogdoeloiltoncajuhy.com.br\/site\/wp-json\/wp\/v2\/posts"}],"about":[{"href":"https:\/\/blogdoeloiltoncajuhy.com.br\/site\/wp-json\/wp\/v2\/types\/post"}],"author":[{"embeddable":true,"href":"https:\/\/blogdoeloiltoncajuhy.com.br\/site\/wp-json\/wp\/v2\/users\/2"}],"replies":[{"embeddable":true,"href":"https:\/\/blogdoeloiltoncajuhy.com.br\/site\/wp-json\/wp\/v2\/comments?post=39238"}],"version-history":[{"count":1,"href":"https:\/\/blogdoeloiltoncajuhy.com.br\/site\/wp-json\/wp\/v2\/posts\/39238\/revisions"}],"predecessor-version":[{"id":39239,"href":"https:\/\/blogdoeloiltoncajuhy.com.br\/site\/wp-json\/wp\/v2\/posts\/39238\/revisions\/39239"}],"wp:attachment":[{"href":"https:\/\/blogdoeloiltoncajuhy.com.br\/site\/wp-json\/wp\/v2\/media?parent=39238"}],"wp:term":[{"taxonomy":"category","embeddable":true,"href":"https:\/\/blogdoeloiltoncajuhy.com.br\/site\/wp-json\/wp\/v2\/categories?post=39238"},{"taxonomy":"post_tag","embeddable":true,"href":"https:\/\/blogdoeloiltoncajuhy.com.br\/site\/wp-json\/wp\/v2\/tags?post=39238"}],"curies":[{"name":"wp","href":"https:\/\/api.w.org\/{rel}","templated":true}]}}