{"id":39230,"date":"2019-12-01T10:26:11","date_gmt":"2019-12-01T13:26:11","guid":{"rendered":"http:\/\/blogdoeloiltoncajuhy.com.br\/site\/?p=39230"},"modified":"2019-12-01T10:30:48","modified_gmt":"2019-12-01T13:30:48","slug":"marilia-mendonca-anuncia-pausa-na-carreira-para-se-dedicar-a-familia-auge-da-minha-vida","status":"publish","type":"post","link":"https:\/\/blogdoeloiltoncajuhy.com.br\/site\/marilia-mendonca-anuncia-pausa-na-carreira-para-se-dedicar-a-familia-auge-da-minha-vida\/","title":{"rendered":"Mar\u00edlia Mendon\u00e7a anuncia pausa na carreira para se dedicar \u00e0 fam\u00edlia: &#8220;Auge da minha vida&#8221;"},"content":{"rendered":"\n<h5 class=\"has-text-align-center wp-block-heading\"><em>Cantora se despediu dos f\u00e3s com muitas l\u00e1grimas<\/em><\/h5>\n\n\n\n<p><strong>Glamour<\/strong><\/p>\n\n\n\n<div class=\"wp-block-image\"><figure class=\"aligncenter size-large\"><img data-recalc-dims=\"1\" fetchpriority=\"high\" decoding=\"async\" width=\"607\" height=\"426\" src=\"https:\/\/i0.wp.com\/blogdoeloiltoncajuhy.com.br\/site\/wp-content\/uploads\/2019\/12\/Marilia_Pausa-201.jpg?resize=607%2C426\" alt=\"\" class=\"wp-image-39235\" srcset=\"https:\/\/i0.wp.com\/blogdoeloiltoncajuhy.com.br\/site\/wp-content\/uploads\/2019\/12\/Marilia_Pausa-201.jpg?w=607&amp;ssl=1 607w, https:\/\/i0.wp.com\/blogdoeloiltoncajuhy.com.br\/site\/wp-content\/uploads\/2019\/12\/Marilia_Pausa-201.jpg?resize=300%2C211&amp;ssl=1 300w, https:\/\/i0.wp.com\/blogdoeloiltoncajuhy.com.br\/site\/wp-content\/uploads\/2019\/12\/Marilia_Pausa-201.jpg?resize=250%2C175&amp;ssl=1 250w\" sizes=\"(max-width: 607px) 100vw, 607px\" \/><figcaption><em>Mar\u00edlia Mendon\u00e7a (Foto: Instagram)<\/em><\/figcaption><\/figure><\/div>\n\n\n\n<p>Mar\u00edlia Mendon\u00e7a anunciou na madrugada deste domingo (1), ap\u00f3s show em Caxias do Sul, que far\u00e1 uma pausa na sua carreira para se dedicar integralmente \u00e0 sua fam\u00edlia. No oitavo m\u00eas de gesta\u00e7\u00e3o, a cantora espera o primeiro filho, L\u00e9o, e vai se ausentar dos palcos por tempo indefinido.<\/p>\n\n\n\n<p><em>&#8220;Ouvindo \u201cpra voc\u00ea guardei o amor\u201d escrevo esse relato que jamais imaginei escrever t\u00e3o cedo. Quando eu tinha 12 anos, tive o meu cora\u00e7\u00e3o partido pela primeira vez. Ali eu pensei que ia morrer. Aconteceu de novo aos 14 e assim, sucessivamente. Eu n\u00e3o sabia o que era amor e j\u00e1 tinha plena convic\u00e7\u00e3o, que se morresse, seria disso&#8221;<\/em>, disse a sertaneja, que n\u00e3o escondeu as l\u00e1grimas em sua \u00faltima apresenta\u00e7\u00e3o.<\/p>\n\n\n\n<p><em>&#8220;Quando comecei a subir nos palcos, 4 anos atr\u00e1s, me senti novamente morrendo pelo amor que achei que conhecia. Dessa vez era mais forte. E estrada me amou, me aplaudiu, se fez minha amiga, me deu uma fam\u00edlia, me deu condi\u00e7\u00f5es de cuidar da minha, me deu um bocado de gente legal me amando sem me conhecer, realizou meus sonhos, me adoeceu, me cansou, me fez chorar, me feriu, me levou pro c\u00e9u e jogou no ch\u00e3o muitas vezes, me deu um monte de gente que n\u00e3o gosta de mim sem me conhecer e hoje t\u00e1 me matando de saudade sem eu nem ter a deixado ainda&#8221;<\/em>, continuou.<\/p>\n\n\n\n<p><em>&#8220;S\u00f3 Deus sabe o quanto fui feita pra isso, pois nem eu mesma sei. Depois de achar que nada seria maior do que esse amor, me deparei com a not\u00edcia mais maluca da minha vida. Nem nos meus maiores sonhos eu imaginaria que sentiria algo t\u00e3o forte assim. Deus mandou de presente, o maior sentimento do mundo, pra me mostrar que se ainda n\u00e3o havia morrido de amor, tinha chegado a hora&#8221;<\/em>, declarou Mar\u00edlia.<\/p>\n\n\n\n<p><em>&#8220;Estou dando uma pausa no meu AUGE, literalmente. O auge do meu amor, o auge da minha vida, o auge da minha felicidade, o auge do meu crescimento como mulher, o auge do meu amadurecimento. Pensou que eu tava falando de SUCESSO, n\u00e9? Acertou. Como eu n\u00e3o seria bem sucedida tendo em meu ventre o meu grande amor, que eu j\u00e1 escuto os sinais de chegada? Enfim, com l\u00e1grimas nos olhos, anuncio que, oficialmente, pausei a minha vida pra esperar a minha vida. Obrigada a quem me entendeu, quem orou por mim, quem ficou ao meu lado, quem foi fiel nessa fase t\u00e3o complicada. At\u00e9 logo, pessoal. Eu amo voc\u00eas, amo os palcos, amo o L\u00e9o e j\u00e1 j\u00e1 t\u00f4 de volta pra morrer de amor por tudo isso junto e misturado&#8221;<\/em>, concluiu a cantora.<\/p>\n\n\n\n<div class=\"wp-block-image\"><figure class=\"aligncenter size-large\"><img data-recalc-dims=\"1\" decoding=\"async\" width=\"800\" height=\"534\" src=\"https:\/\/i0.wp.com\/blogdoeloiltoncajuhy.com.br\/site\/wp-content\/uploads\/2019\/12\/Marilia_Pausa-02.jpg?resize=800%2C534\" alt=\"\" class=\"wp-image-39233\" srcset=\"https:\/\/i0.wp.com\/blogdoeloiltoncajuhy.com.br\/site\/wp-content\/uploads\/2019\/12\/Marilia_Pausa-02.jpg?w=1008&amp;ssl=1 1008w, https:\/\/i0.wp.com\/blogdoeloiltoncajuhy.com.br\/site\/wp-content\/uploads\/2019\/12\/Marilia_Pausa-02.jpg?resize=300%2C200&amp;ssl=1 300w, https:\/\/i0.wp.com\/blogdoeloiltoncajuhy.com.br\/site\/wp-content\/uploads\/2019\/12\/Marilia_Pausa-02.jpg?resize=768%2C513&amp;ssl=1 768w, https:\/\/i0.wp.com\/blogdoeloiltoncajuhy.com.br\/site\/wp-content\/uploads\/2019\/12\/Marilia_Pausa-02.jpg?resize=250%2C167&amp;ssl=1 250w\" sizes=\"(max-width: 800px) 100vw, 800px\" \/><figcaption><em>Mar\u00edlia Mendon\u00e7a durante apresenta\u00e7\u00e3o no rodeio de Jaguari\u00fana, em setembro de 2019 \u2014 Foto: Julio Cesar Costa<\/em><\/figcaption><\/figure><\/div>\n\n\n\n<p>O relato acumulou mais de 1 milh\u00e3o de curtidas no Instagram e recebeu o carinho de v\u00e1rios colegas famosos. <em>&#8220;Voc\u00ea \u00e9 extraordin\u00e1ria , comove pela potente simplicidade, direta nos cora\u00e7\u00f5es de seu p\u00fablico e sou parte dele&#8221;<\/em>, disse Selton Mello. <em>&#8220;A hora q vc pegar no colo. Prepara q a cratera de amor infinito vai abrir no cora\u00e7\u00e3o. Deus aben\u00e7oe muito!&#8221;<\/em>, provocou Michel Tel\u00f3.<\/p>\n\n\n\n<p>O futuro papai, Murilo Huff, tamb\u00e9m comentou na publica\u00e7\u00e3o. <em>&#8220;Parab\u00e9ns pela sua for\u00e7a. parab\u00e9ns pela mulher que voc\u00ea \u00e9. Aguentou firme at\u00e9 o final. Muito provavelmente no seu lugar, eu n\u00e3o aguentaria. Com tantas adversidades f\u00edsicas e fisiol\u00f3gicas, suportar uma rotina como a sua n\u00e3o \u00e9 pra qualquer pessoa. Sou feliz por Deus ter escolhido voc\u00ea pra carregar no ventre um pedacinho meu. Logo voc\u00ea t\u00e1 de volta mostrando pra ele como \u00e9 o show da melhor artista do pa\u00eds. O L\u00e9o vai ter muito orgulho da mam\u00e3e, igual o papai tem! Amo voc\u00ea&#8221;<\/em>, disse.<\/p>\n","protected":false},"excerpt":{"rendered":"<p>Cantora se despediu dos f\u00e3s com muitas l\u00e1grimas Glamour Mar\u00edlia Mendon\u00e7a anunciou na madrugada deste domingo (1), ap\u00f3s show em Caxias do Sul, que far\u00e1 uma pausa na sua carreira para se dedicar integralmente \u00e0 sua fam\u00edlia. No oitavo m\u00eas de gesta\u00e7\u00e3o, a cantora espera o primeiro filho, L\u00e9o, e vai se ausentar dos palcos [&hellip;]<\/p>\n","protected":false},"author":2,"featured_media":39235,"comment_status":"open","ping_status":"open","sticky":false,"template":"","format":"standard","meta":{"_acf_changed":false,"_monsterinsights_skip_tracking":false,"_monsterinsights_sitenote_active":false,"_monsterinsights_sitenote_note":"","_monsterinsights_sitenote_category":0,"_jetpack_memberships_contains_paid_content":false,"footnotes":"","jetpack_publicize_message":"","jetpack_publicize_feature_enabled":true,"jetpack_social_post_already_shared":true,"jetpack_social_options":{"image_generator_settings":{"template":"highway","default_image_id":0,"font":"","enabled":false},"version":2}},"categories":[8,1],"tags":[],"class_list":["post-39230","post","type-post","status-publish","format-standard","has-post-thumbnail","hentry","category-cultura","category-noticias"],"acf":[],"jetpack_publicize_connections":[],"jetpack_featured_media_url":"https:\/\/i0.wp.com\/blogdoeloiltoncajuhy.com.br\/site\/wp-content\/uploads\/2019\/12\/Marilia_Pausa-201.jpg?fit=607%2C426&ssl=1","jetpack_sharing_enabled":true,"publishpress_future_workflow_manual_trigger":{"enabledWorkflows":[]},"_links":{"self":[{"href":"https:\/\/blogdoeloiltoncajuhy.com.br\/site\/wp-json\/wp\/v2\/posts\/39230","targetHints":{"allow":["GET"]}}],"collection":[{"href":"https:\/\/blogdoeloiltoncajuhy.com.br\/site\/wp-json\/wp\/v2\/posts"}],"about":[{"href":"https:\/\/blogdoeloiltoncajuhy.com.br\/site\/wp-json\/wp\/v2\/types\/post"}],"author":[{"embeddable":true,"href":"https:\/\/blogdoeloiltoncajuhy.com.br\/site\/wp-json\/wp\/v2\/users\/2"}],"replies":[{"embeddable":true,"href":"https:\/\/blogdoeloiltoncajuhy.com.br\/site\/wp-json\/wp\/v2\/comments?post=39230"}],"version-history":[{"count":3,"href":"https:\/\/blogdoeloiltoncajuhy.com.br\/site\/wp-json\/wp\/v2\/posts\/39230\/revisions"}],"predecessor-version":[{"id":39237,"href":"https:\/\/blogdoeloiltoncajuhy.com.br\/site\/wp-json\/wp\/v2\/posts\/39230\/revisions\/39237"}],"wp:featuredmedia":[{"embeddable":true,"href":"https:\/\/blogdoeloiltoncajuhy.com.br\/site\/wp-json\/wp\/v2\/media\/39235"}],"wp:attachment":[{"href":"https:\/\/blogdoeloiltoncajuhy.com.br\/site\/wp-json\/wp\/v2\/media?parent=39230"}],"wp:term":[{"taxonomy":"category","embeddable":true,"href":"https:\/\/blogdoeloiltoncajuhy.com.br\/site\/wp-json\/wp\/v2\/categories?post=39230"},{"taxonomy":"post_tag","embeddable":true,"href":"https:\/\/blogdoeloiltoncajuhy.com.br\/site\/wp-json\/wp\/v2\/tags?post=39230"}],"curies":[{"name":"wp","href":"https:\/\/api.w.org\/{rel}","templated":true}]}}