{"id":39220,"date":"2019-12-01T09:47:22","date_gmt":"2019-12-01T12:47:22","guid":{"rendered":"http:\/\/blogdoeloiltoncajuhy.com.br\/site\/?p=39220"},"modified":"2019-12-01T09:48:01","modified_gmt":"2019-12-01T12:48:01","slug":"bonfim-no-equador-filipe-andrade-conquista-o-titulo-de-mister-teen-universo","status":"publish","type":"post","link":"https:\/\/blogdoeloiltoncajuhy.com.br\/site\/bonfim-no-equador-filipe-andrade-conquista-o-titulo-de-mister-teen-universo\/","title":{"rendered":"Bonfim: No Equador, Filipe Andrade conquista o t\u00edtulo de Mister Teen Universo"},"content":{"rendered":"\n<p><strong>BLOG DO ELOILTON CAJUHY<\/strong><br>Fonte: Blog do Netto Maravilha<\/p>\n\n\n\n<div class=\"wp-block-image\"><figure class=\"aligncenter size-large\"><img data-recalc-dims=\"1\" fetchpriority=\"high\" decoding=\"async\" width=\"640\" height=\"424\" src=\"https:\/\/i0.wp.com\/blogdoeloiltoncajuhy.com.br\/site\/wp-content\/uploads\/2019\/12\/FilipeAndrade-MisterUniverso-01.jpg?resize=640%2C424\" alt=\"\" class=\"wp-image-39221\" srcset=\"https:\/\/i0.wp.com\/blogdoeloiltoncajuhy.com.br\/site\/wp-content\/uploads\/2019\/12\/FilipeAndrade-MisterUniverso-01.jpg?w=640&amp;ssl=1 640w, https:\/\/i0.wp.com\/blogdoeloiltoncajuhy.com.br\/site\/wp-content\/uploads\/2019\/12\/FilipeAndrade-MisterUniverso-01.jpg?resize=300%2C199&amp;ssl=1 300w, https:\/\/i0.wp.com\/blogdoeloiltoncajuhy.com.br\/site\/wp-content\/uploads\/2019\/12\/FilipeAndrade-MisterUniverso-01.jpg?resize=250%2C166&amp;ssl=1 250w\" sizes=\"(max-width: 640px) 100vw, 640px\" \/><\/figure><\/div>\n\n\n\n<p>O bonfinense <strong>Filipe Andrade<\/strong>, morador do Alto da Maravilha, \u00e9 o mais novo <strong><em>Mister Teen Universo<\/em><\/strong>. Ap\u00f3s ser eleito Mister Bonfim em 2018, Filipe participou do Mister Bahia Teen Universo 2019 e, em seguira, conquistou o t\u00edtulo nacional em Curitiba-PR. Na \u00faltima sexta-feira, 29 de novembro, ele sagrou-se Mister Teen Universo, em Guayaquil, no Equador, ap\u00f3s concorrer com v\u00e1rios candidatos.<\/p>\n\n\n\n<div class=\"wp-block-image\"><figure class=\"aligncenter size-large is-resized\"><img data-recalc-dims=\"1\" decoding=\"async\" src=\"https:\/\/i0.wp.com\/blogdoeloiltoncajuhy.com.br\/site\/wp-content\/uploads\/2019\/12\/FilipeAndrade-MisterUniverso-02.jpg?resize=480%2C467\" alt=\"\" class=\"wp-image-39222\" width=\"480\" height=\"467\" srcset=\"https:\/\/i0.wp.com\/blogdoeloiltoncajuhy.com.br\/site\/wp-content\/uploads\/2019\/12\/FilipeAndrade-MisterUniverso-02.jpg?w=960&amp;ssl=1 960w, https:\/\/i0.wp.com\/blogdoeloiltoncajuhy.com.br\/site\/wp-content\/uploads\/2019\/12\/FilipeAndrade-MisterUniverso-02.jpg?resize=300%2C292&amp;ssl=1 300w, https:\/\/i0.wp.com\/blogdoeloiltoncajuhy.com.br\/site\/wp-content\/uploads\/2019\/12\/FilipeAndrade-MisterUniverso-02.jpg?resize=768%2C746&amp;ssl=1 768w, https:\/\/i0.wp.com\/blogdoeloiltoncajuhy.com.br\/site\/wp-content\/uploads\/2019\/12\/FilipeAndrade-MisterUniverso-02.jpg?resize=250%2C243&amp;ssl=1 250w, https:\/\/i0.wp.com\/blogdoeloiltoncajuhy.com.br\/site\/wp-content\/uploads\/2019\/12\/FilipeAndrade-MisterUniverso-02.jpg?resize=48%2C48&amp;ssl=1 48w\" sizes=\"(max-width: 480px) 100vw, 480px\" \/><\/figure><\/div>\n\n\n\n<p>Deusimar Andrade, tia de Filipe demonstrou toda sua alegria, em nome da fam\u00edlia, pela conquista do sobrinho. <em>\u201cFicamos muito felizes. Foi uma emo\u00e7\u00e3o muito grande. A fam\u00edlia Andrade tem muito orgulho de Filipe. \u00c9 um menino muito especial. Sempre estivemos ao lado dele durante toda a sua trajet\u00f3ria. Estou muito emocionada e agrade\u00e7o a Deus por te-lo aben\u00e7oado com a vit\u00f3ria.  Ele merece muito!\u201d<\/em>.<\/p>\n\n\n\n<p>Filipe Andrade \u00e9 sobrinho do radialista Ogmar Andrade, operador de \u00e1udio da R\u00e1dio Cara\u00edba, e neto da saudosa D. Mocinha, fundadora da folcl\u00f3rica Roda do Palmeira.<\/p>\n\n\n\n<div class=\"wp-block-image\"><figure class=\"aligncenter size-large\"><img data-recalc-dims=\"1\" decoding=\"async\" width=\"533\" height=\"353\" src=\"https:\/\/i0.wp.com\/blogdoeloiltoncajuhy.com.br\/site\/wp-content\/uploads\/2019\/12\/FilipeAndrade-MisterUniverso-03.jpg?resize=533%2C353\" alt=\"\" class=\"wp-image-39223\" srcset=\"https:\/\/i0.wp.com\/blogdoeloiltoncajuhy.com.br\/site\/wp-content\/uploads\/2019\/12\/FilipeAndrade-MisterUniverso-03.jpg?w=533&amp;ssl=1 533w, https:\/\/i0.wp.com\/blogdoeloiltoncajuhy.com.br\/site\/wp-content\/uploads\/2019\/12\/FilipeAndrade-MisterUniverso-03.jpg?resize=300%2C199&amp;ssl=1 300w, https:\/\/i0.wp.com\/blogdoeloiltoncajuhy.com.br\/site\/wp-content\/uploads\/2019\/12\/FilipeAndrade-MisterUniverso-03.jpg?resize=250%2C166&amp;ssl=1 250w\" sizes=\"(max-width: 533px) 100vw, 533px\" \/><\/figure><\/div>\n","protected":false},"excerpt":{"rendered":"<p>BLOG DO ELOILTON CAJUHYFonte: Blog do Netto Maravilha O bonfinense Filipe Andrade, morador do Alto da Maravilha, \u00e9 o mais novo Mister Teen Universo. Ap\u00f3s ser eleito Mister Bonfim em 2018, Filipe participou do Mister Bahia Teen Universo 2019 e, em seguira, conquistou o t\u00edtulo nacional em Curitiba-PR. Na \u00faltima sexta-feira, 29 de novembro, ele [&hellip;]<\/p>\n","protected":false},"author":2,"featured_media":39223,"comment_status":"open","ping_status":"open","sticky":false,"template":"","format":"standard","meta":{"_acf_changed":false,"_monsterinsights_skip_tracking":false,"_monsterinsights_sitenote_active":false,"_monsterinsights_sitenote_note":"","_monsterinsights_sitenote_category":0,"_jetpack_memberships_contains_paid_content":false,"footnotes":"","jetpack_publicize_message":"","jetpack_publicize_feature_enabled":true,"jetpack_social_post_already_shared":true,"jetpack_social_options":{"image_generator_settings":{"template":"highway","default_image_id":0,"font":"","enabled":false},"version":2}},"categories":[8,1,4],"tags":[],"class_list":["post-39220","post","type-post","status-publish","format-standard","has-post-thumbnail","hentry","category-cultura","category-noticias","category-local"],"acf":[],"jetpack_publicize_connections":[],"jetpack_featured_media_url":"https:\/\/i0.wp.com\/blogdoeloiltoncajuhy.com.br\/site\/wp-content\/uploads\/2019\/12\/FilipeAndrade-MisterUniverso-03.jpg?fit=533%2C353&ssl=1","jetpack_sharing_enabled":true,"publishpress_future_workflow_manual_trigger":{"enabledWorkflows":[]},"_links":{"self":[{"href":"https:\/\/blogdoeloiltoncajuhy.com.br\/site\/wp-json\/wp\/v2\/posts\/39220","targetHints":{"allow":["GET"]}}],"collection":[{"href":"https:\/\/blogdoeloiltoncajuhy.com.br\/site\/wp-json\/wp\/v2\/posts"}],"about":[{"href":"https:\/\/blogdoeloiltoncajuhy.com.br\/site\/wp-json\/wp\/v2\/types\/post"}],"author":[{"embeddable":true,"href":"https:\/\/blogdoeloiltoncajuhy.com.br\/site\/wp-json\/wp\/v2\/users\/2"}],"replies":[{"embeddable":true,"href":"https:\/\/blogdoeloiltoncajuhy.com.br\/site\/wp-json\/wp\/v2\/comments?post=39220"}],"version-history":[{"count":2,"href":"https:\/\/blogdoeloiltoncajuhy.com.br\/site\/wp-json\/wp\/v2\/posts\/39220\/revisions"}],"predecessor-version":[{"id":39225,"href":"https:\/\/blogdoeloiltoncajuhy.com.br\/site\/wp-json\/wp\/v2\/posts\/39220\/revisions\/39225"}],"wp:featuredmedia":[{"embeddable":true,"href":"https:\/\/blogdoeloiltoncajuhy.com.br\/site\/wp-json\/wp\/v2\/media\/39223"}],"wp:attachment":[{"href":"https:\/\/blogdoeloiltoncajuhy.com.br\/site\/wp-json\/wp\/v2\/media?parent=39220"}],"wp:term":[{"taxonomy":"category","embeddable":true,"href":"https:\/\/blogdoeloiltoncajuhy.com.br\/site\/wp-json\/wp\/v2\/categories?post=39220"},{"taxonomy":"post_tag","embeddable":true,"href":"https:\/\/blogdoeloiltoncajuhy.com.br\/site\/wp-json\/wp\/v2\/tags?post=39220"}],"curies":[{"name":"wp","href":"https:\/\/api.w.org\/{rel}","templated":true}]}}