{"id":39212,"date":"2019-11-30T21:38:47","date_gmt":"2019-12-01T00:38:47","guid":{"rendered":"http:\/\/blogdoeloiltoncajuhy.com.br\/site\/?p=39212"},"modified":"2019-11-30T21:38:53","modified_gmt":"2019-12-01T00:38:53","slug":"pm-tem-surto-faz-disparos-dentro-de-companhia-de-policia-mata-ex-namorada-e-depois-comete-suicidio","status":"publish","type":"post","link":"https:\/\/blogdoeloiltoncajuhy.com.br\/site\/pm-tem-surto-faz-disparos-dentro-de-companhia-de-policia-mata-ex-namorada-e-depois-comete-suicidio\/","title":{"rendered":"PM tem surto, faz disparos dentro de companhia de pol\u00edcia, mata ex-namorada e depois comete suic\u00eddio"},"content":{"rendered":"\n<h5 class=\"has-text-align-center wp-block-heading\"><em>Segundo a Pol\u00edcia Militar, caso ocorreu na manh\u00e3 deste s\u00e1bado (30), na cidade de Dias D&#8217;\u00c1vila. Policial foi encontrado morto. Suspeita \u00e9 de suic\u00eddio<\/em><\/h5>\n\n\n\n<p><strong>Por G1 BA<\/strong><\/p>\n\n\n\n<div class=\"wp-block-image\"><figure class=\"aligncenter size-large is-resized\"><img data-recalc-dims=\"1\" fetchpriority=\"high\" decoding=\"async\" src=\"https:\/\/i0.wp.com\/blogdoeloiltoncajuhy.com.br\/site\/wp-content\/uploads\/2019\/11\/PMSurto-AnaCristina.jpg?resize=593%2C342\" alt=\"\" class=\"wp-image-39213\" width=\"593\" height=\"342\" srcset=\"https:\/\/i0.wp.com\/blogdoeloiltoncajuhy.com.br\/site\/wp-content\/uploads\/2019\/11\/PMSurto-AnaCristina.jpg?w=984&amp;ssl=1 984w, https:\/\/i0.wp.com\/blogdoeloiltoncajuhy.com.br\/site\/wp-content\/uploads\/2019\/11\/PMSurto-AnaCristina.jpg?resize=300%2C173&amp;ssl=1 300w, https:\/\/i0.wp.com\/blogdoeloiltoncajuhy.com.br\/site\/wp-content\/uploads\/2019\/11\/PMSurto-AnaCristina.jpg?resize=768%2C443&amp;ssl=1 768w, https:\/\/i0.wp.com\/blogdoeloiltoncajuhy.com.br\/site\/wp-content\/uploads\/2019\/11\/PMSurto-AnaCristina.jpg?resize=250%2C144&amp;ssl=1 250w\" sizes=\"(max-width: 593px) 100vw, 593px\" \/><figcaption><em>Ana Cristina foi assassinada pelo PM em Dias D&#8217;\u00c1vila \u2014 Foto: Reprodu\u00e7\u00e3o\/Redes Sociais<\/em><\/figcaption><\/figure><\/div>\n\n\n\n<p>Um policial militar atirou contra a estrutura da 36\u00aa CIPM, em Dias D&#8217;\u00c1vila, na regi\u00e3o metropolitana de Salvador, na manh\u00e3 deste s\u00e1bado (30), segundo informa\u00e7\u00f5es da assessoria da corpora\u00e7\u00e3o. De acordo com a PM, o agente teve um surto dentro da unidade em que trabalhava, logo ap\u00f3s assumir o servi\u00e7o, e fez disparos no local. Nenhum policial foi atingido.<\/p>\n\n\n\n<p>Ainda segundo a Pol\u00edcia Militar, ap\u00f3s os disparos o militar fugiu no carro dele. Conforme a corpora\u00e7\u00e3o, guarni\u00e7\u00f5es da PM come\u00e7aram uma busca pelo policial na regi\u00e3o e foram informados que ele teria atirado em uma mulher, identificada como <strong>Ana Cristina C\u00e2mara Santos<\/strong>, que n\u00e3o resistiu aos ferimentos.<\/p>\n\n\n\n<p>Segundo informa\u00e7\u00f5es dos familiares de Ana Cristina, o suspeito, que \u00e9 ex-namorado da v\u00edtima, chegou no estabelecimento no qual a mulher \u00e9 dona, atirou nela e fugiu. A mulher morreu no local.<\/p>\n\n\n\n<p>A PM informou ainda que, durante as buscas, o policial foi encontrado morto em uma \u00e1rea de mata na regi\u00e3o de Cama\u00e7ari, tamb\u00e9m na regi\u00e3o metropolitana de Salvador. H\u00e1 ind\u00edcios de que ele tenha cometido suic\u00eddio, informou a Pol\u00edcia Militar. O carro dele foi encontrado incendiado.<\/p>\n\n\n\n<p>A PM informou que est\u00e1 tomando todas as medidas legais cab\u00edveis junto \u00e0 Corregedoria da corpora\u00e7\u00e3o e \u00e0 Pol\u00edcia Civil, que v\u00e3o investigar o caso.<\/p>\n\n\n\n<div class=\"wp-block-image\"><figure class=\"aligncenter size-large\"><img data-recalc-dims=\"1\" decoding=\"async\" width=\"800\" height=\"389\" src=\"https:\/\/i0.wp.com\/blogdoeloiltoncajuhy.com.br\/site\/wp-content\/uploads\/2019\/11\/PMSurto-Salao.jpeg?resize=800%2C389\" alt=\"\" class=\"wp-image-39214\" srcset=\"https:\/\/i0.wp.com\/blogdoeloiltoncajuhy.com.br\/site\/wp-content\/uploads\/2019\/11\/PMSurto-Salao.jpeg?w=984&amp;ssl=1 984w, https:\/\/i0.wp.com\/blogdoeloiltoncajuhy.com.br\/site\/wp-content\/uploads\/2019\/11\/PMSurto-Salao.jpeg?resize=300%2C146&amp;ssl=1 300w, https:\/\/i0.wp.com\/blogdoeloiltoncajuhy.com.br\/site\/wp-content\/uploads\/2019\/11\/PMSurto-Salao.jpeg?resize=768%2C373&amp;ssl=1 768w, https:\/\/i0.wp.com\/blogdoeloiltoncajuhy.com.br\/site\/wp-content\/uploads\/2019\/11\/PMSurto-Salao.jpeg?resize=250%2C121&amp;ssl=1 250w\" sizes=\"(max-width: 800px) 100vw, 800px\" \/><figcaption><em>Cabeleireira foi morta no Sal\u00e3o de Beleza, em Dias D&#8217;\u00c1vila \u2014 Foto: Mauro Anchieta\/TV Bahia<\/em><\/figcaption><\/figure><\/div>\n","protected":false},"excerpt":{"rendered":"<p>Segundo a Pol\u00edcia Militar, caso ocorreu na manh\u00e3 deste s\u00e1bado (30), na cidade de Dias D&#8217;\u00c1vila. Policial foi encontrado morto. Suspeita \u00e9 de suic\u00eddio Por G1 BA Um policial militar atirou contra a estrutura da 36\u00aa CIPM, em Dias D&#8217;\u00c1vila, na regi\u00e3o metropolitana de Salvador, na manh\u00e3 deste s\u00e1bado (30), segundo informa\u00e7\u00f5es da assessoria da [&hellip;]<\/p>\n","protected":false},"author":2,"featured_media":39214,"comment_status":"open","ping_status":"open","sticky":false,"template":"","format":"standard","meta":{"_acf_changed":false,"_monsterinsights_skip_tracking":false,"_monsterinsights_sitenote_active":false,"_monsterinsights_sitenote_note":"","_monsterinsights_sitenote_category":0,"_jetpack_memberships_contains_paid_content":false,"footnotes":"","jetpack_publicize_message":"","jetpack_publicize_feature_enabled":true,"jetpack_social_post_already_shared":true,"jetpack_social_options":{"image_generator_settings":{"template":"highway","default_image_id":0,"font":"","enabled":false},"version":2}},"categories":[5,1],"tags":[],"class_list":["post-39212","post","type-post","status-publish","format-standard","has-post-thumbnail","hentry","category-cotidiano","category-noticias"],"acf":[],"jetpack_publicize_connections":[],"jetpack_featured_media_url":"https:\/\/i0.wp.com\/blogdoeloiltoncajuhy.com.br\/site\/wp-content\/uploads\/2019\/11\/PMSurto-Salao.jpeg?fit=984%2C478&ssl=1","jetpack_sharing_enabled":true,"publishpress_future_workflow_manual_trigger":{"enabledWorkflows":[]},"_links":{"self":[{"href":"https:\/\/blogdoeloiltoncajuhy.com.br\/site\/wp-json\/wp\/v2\/posts\/39212","targetHints":{"allow":["GET"]}}],"collection":[{"href":"https:\/\/blogdoeloiltoncajuhy.com.br\/site\/wp-json\/wp\/v2\/posts"}],"about":[{"href":"https:\/\/blogdoeloiltoncajuhy.com.br\/site\/wp-json\/wp\/v2\/types\/post"}],"author":[{"embeddable":true,"href":"https:\/\/blogdoeloiltoncajuhy.com.br\/site\/wp-json\/wp\/v2\/users\/2"}],"replies":[{"embeddable":true,"href":"https:\/\/blogdoeloiltoncajuhy.com.br\/site\/wp-json\/wp\/v2\/comments?post=39212"}],"version-history":[{"count":1,"href":"https:\/\/blogdoeloiltoncajuhy.com.br\/site\/wp-json\/wp\/v2\/posts\/39212\/revisions"}],"predecessor-version":[{"id":39215,"href":"https:\/\/blogdoeloiltoncajuhy.com.br\/site\/wp-json\/wp\/v2\/posts\/39212\/revisions\/39215"}],"wp:featuredmedia":[{"embeddable":true,"href":"https:\/\/blogdoeloiltoncajuhy.com.br\/site\/wp-json\/wp\/v2\/media\/39214"}],"wp:attachment":[{"href":"https:\/\/blogdoeloiltoncajuhy.com.br\/site\/wp-json\/wp\/v2\/media?parent=39212"}],"wp:term":[{"taxonomy":"category","embeddable":true,"href":"https:\/\/blogdoeloiltoncajuhy.com.br\/site\/wp-json\/wp\/v2\/categories?post=39212"},{"taxonomy":"post_tag","embeddable":true,"href":"https:\/\/blogdoeloiltoncajuhy.com.br\/site\/wp-json\/wp\/v2\/tags?post=39212"}],"curies":[{"name":"wp","href":"https:\/\/api.w.org\/{rel}","templated":true}]}}