{"id":39208,"date":"2019-11-30T09:20:24","date_gmt":"2019-11-30T12:20:24","guid":{"rendered":"http:\/\/blogdoeloiltoncajuhy.com.br\/site\/?p=39208"},"modified":"2019-11-30T09:20:30","modified_gmt":"2019-11-30T12:20:30","slug":"camara-pode-votar-mp-que-concede-auxilio-a-criancas-com-sindrome-decorrente-do-zika-virus","status":"publish","type":"post","link":"https:\/\/blogdoeloiltoncajuhy.com.br\/site\/camara-pode-votar-mp-que-concede-auxilio-a-criancas-com-sindrome-decorrente-do-zika-virus\/","title":{"rendered":"C\u00e2mara pode votar MP que concede aux\u00edlio a crian\u00e7as com s\u00edndrome decorrente do Zika v\u00edrus"},"content":{"rendered":"\n<p><strong>Da R\u00e1dio C\u00e2mara de Bras\u00edlia, Keila Santana<\/strong><\/p>\n\n\n\n<div class=\"wp-block-image\"><figure class=\"aligncenter size-large is-resized\"><img data-recalc-dims=\"1\" fetchpriority=\"high\" decoding=\"async\" src=\"https:\/\/i0.wp.com\/blogdoeloiltoncajuhy.com.br\/site\/wp-content\/uploads\/2019\/11\/Crian%C3%A7aMicrocefalia.jpg?resize=576%2C383\" alt=\"\" class=\"wp-image-39209\" width=\"576\" height=\"383\" srcset=\"https:\/\/i0.wp.com\/blogdoeloiltoncajuhy.com.br\/site\/wp-content\/uploads\/2019\/11\/Crian%C3%A7aMicrocefalia.jpg?w=768&amp;ssl=1 768w, https:\/\/i0.wp.com\/blogdoeloiltoncajuhy.com.br\/site\/wp-content\/uploads\/2019\/11\/Crian%C3%A7aMicrocefalia.jpg?resize=300%2C199&amp;ssl=1 300w, https:\/\/i0.wp.com\/blogdoeloiltoncajuhy.com.br\/site\/wp-content\/uploads\/2019\/11\/Crian%C3%A7aMicrocefalia.jpg?resize=250%2C166&amp;ssl=1 250w\" sizes=\"(max-width: 576px) 100vw, 576px\" \/><\/figure><\/div>\n\n\n\n<p>Sess\u00e3o conjunta do Congresso Nacional deve concluir a an\u00e1lise de vetos presidenciais e a vota\u00e7\u00e3o de projetos de cr\u00e9ditos extras para diversas \u00e1reas do Executivo.<\/p>\n\n\n\n<p>O presidente do Congresso, senador Davi Alcolumbre, pretende deixar a pauta livre para a vota\u00e7\u00e3o do Or\u00e7amento da Uni\u00e3o para 2020, antes do encerramento do ano legislativo, em 20 de dezembro.<\/p>\n\n\n\n<p><em>\u201cFazendo o cumprimento do acordo estabelecido, n\u00f3s vamos conseguir votar na ter\u00e7a-feira tanto os 3 destaques ainda que ficaram dos vetos, quanto os 25 PLNs\u201d<\/em>.<\/p>\n\n\n\n<p>E o Plen\u00e1rio da C\u00e2mara ter\u00e1 sess\u00f5es de segunda a quinta para acelerar as vota\u00e7\u00f5es de projetos que j\u00e1 est\u00e3o prontos para a an\u00e1lise dos deputados.<\/p>\n\n\n\n<p>Entre essas propostas, deve ser votada a Medida Provis\u00f3ria 894, que paga pens\u00e3o mensal vital\u00edcia, no valor de um sal\u00e1rio m\u00ednimo, para crian\u00e7as com s\u00edndrome decorrente do Zika v\u00edrus. O texto, modificado pelo relator, substitui a express\u00e3o \u201ccrian\u00e7as com microcefalia\u201d, para aumentar o n\u00famero de beneficiados.<\/p>\n\n\n\n<p>Outro assunto que ainda n\u00e3o est\u00e1 pautado, mas tem urg\u00eancia aprovada e aguarda acordo entre os l\u00edderes \u00e9 o projeto que altera o marco legal do saneamento b\u00e1sico e permite a privatiza\u00e7\u00e3o do fornecimento de \u00e1gua e tratamento de esgoto (PL 3261\/19).<\/p>\n\n\n\n<p>A inten\u00e7\u00e3o de iniciar a vota\u00e7\u00e3o na ter\u00e7a-feira sofre resist\u00eancia dos partidos de oposi\u00e7\u00e3o e de parte dos aliados ao governo, como o deputado Jos\u00e9 Nelto, do Podemos de Goi\u00e1s, que avalia os riscos de a popula\u00e7\u00e3o pagar tarifas mais altas e de haver demiss\u00f5es nas empresas p\u00fablicas de saneamento.<\/p>\n\n\n\n<p><em>\u201cH\u00e1 um esquema por tr\u00e1s desse projeto, aqui, de empresas multinacionais e empresas brasileiras que querem o fil\u00e9 mignon e deixar o osso para o povo brasileiro. Enquanto eu estiver nesse parlamento, eu estarei resistindo. Est\u00e1 acontecendo o inverso em toda a Europa, a Alemanha est\u00e1 estatizando os servi\u00e7os de \u00e1gua e esgoto, os servi\u00e7os de energia e transporte\u201d<\/em>.<\/p>\n\n\n\n<p>O relator do novo marco do saneamento, deputado Geninho Zuliani, rebate as previs\u00f5es dos opositores e est\u00e1 confiante num acordo para a vota\u00e7\u00e3o.<\/p>\n\n\n\n<p><em>\u201cO que n\u00f3s precisamos para o Brasil \u00e9 trazer 600 bilh\u00f5es em investimentos, esse dinheiro p\u00fablico n\u00e3o existe mais e n\u00f3s temos que ser atrativos, com seguran\u00e7a jur\u00eddica e uma boa regula\u00e7\u00e3o, trazer esse dinheiro para o pa\u00eds, com fundos nacionais e internacionais para transformar isso em obra, que l\u00e1 na ponta gera tratamento para 100 milh\u00f5es de brasileiros de esgoto que n\u00e3o tem e para 35 milh\u00f5es na \u00e1gua que n\u00e3o tem\u201d<\/em>.<\/p>\n\n\n\n<p>O ponto principal desse projeto \u00e9 a licita\u00e7\u00e3o obrigat\u00f3ria dos servi\u00e7os de saneamento, em que empresas privadas e estatais podem competir. Hoje, os prefeitos e governadores podem optar pela licita\u00e7\u00e3o ou por firmar termos de parceria direto com as empresas estatais.<\/p>\n","protected":false},"excerpt":{"rendered":"<p>Da R\u00e1dio C\u00e2mara de Bras\u00edlia, Keila Santana Sess\u00e3o conjunta do Congresso Nacional deve concluir a an\u00e1lise de vetos presidenciais e a vota\u00e7\u00e3o de projetos de cr\u00e9ditos extras para diversas \u00e1reas do Executivo. O presidente do Congresso, senador Davi Alcolumbre, pretende deixar a pauta livre para a vota\u00e7\u00e3o do Or\u00e7amento da Uni\u00e3o para 2020, antes do [&hellip;]<\/p>\n","protected":false},"author":2,"featured_media":39209,"comment_status":"open","ping_status":"open","sticky":false,"template":"","format":"standard","meta":{"_acf_changed":false,"_monsterinsights_skip_tracking":false,"_monsterinsights_sitenote_active":false,"_monsterinsights_sitenote_note":"","_monsterinsights_sitenote_category":0,"_jetpack_memberships_contains_paid_content":false,"footnotes":"","jetpack_publicize_message":"","jetpack_publicize_feature_enabled":true,"jetpack_social_post_already_shared":true,"jetpack_social_options":{"image_generator_settings":{"template":"highway","default_image_id":0,"font":"","enabled":false},"version":2}},"categories":[1,3],"tags":[],"class_list":["post-39208","post","type-post","status-publish","format-standard","has-post-thumbnail","hentry","category-noticias","category-politica"],"acf":[],"jetpack_publicize_connections":[],"jetpack_featured_media_url":"https:\/\/i0.wp.com\/blogdoeloiltoncajuhy.com.br\/site\/wp-content\/uploads\/2019\/11\/Crian%C3%A7aMicrocefalia.jpg?fit=768%2C510&ssl=1","jetpack_sharing_enabled":true,"publishpress_future_workflow_manual_trigger":{"enabledWorkflows":[]},"_links":{"self":[{"href":"https:\/\/blogdoeloiltoncajuhy.com.br\/site\/wp-json\/wp\/v2\/posts\/39208","targetHints":{"allow":["GET"]}}],"collection":[{"href":"https:\/\/blogdoeloiltoncajuhy.com.br\/site\/wp-json\/wp\/v2\/posts"}],"about":[{"href":"https:\/\/blogdoeloiltoncajuhy.com.br\/site\/wp-json\/wp\/v2\/types\/post"}],"author":[{"embeddable":true,"href":"https:\/\/blogdoeloiltoncajuhy.com.br\/site\/wp-json\/wp\/v2\/users\/2"}],"replies":[{"embeddable":true,"href":"https:\/\/blogdoeloiltoncajuhy.com.br\/site\/wp-json\/wp\/v2\/comments?post=39208"}],"version-history":[{"count":1,"href":"https:\/\/blogdoeloiltoncajuhy.com.br\/site\/wp-json\/wp\/v2\/posts\/39208\/revisions"}],"predecessor-version":[{"id":39210,"href":"https:\/\/blogdoeloiltoncajuhy.com.br\/site\/wp-json\/wp\/v2\/posts\/39208\/revisions\/39210"}],"wp:featuredmedia":[{"embeddable":true,"href":"https:\/\/blogdoeloiltoncajuhy.com.br\/site\/wp-json\/wp\/v2\/media\/39209"}],"wp:attachment":[{"href":"https:\/\/blogdoeloiltoncajuhy.com.br\/site\/wp-json\/wp\/v2\/media?parent=39208"}],"wp:term":[{"taxonomy":"category","embeddable":true,"href":"https:\/\/blogdoeloiltoncajuhy.com.br\/site\/wp-json\/wp\/v2\/categories?post=39208"},{"taxonomy":"post_tag","embeddable":true,"href":"https:\/\/blogdoeloiltoncajuhy.com.br\/site\/wp-json\/wp\/v2\/tags?post=39208"}],"curies":[{"name":"wp","href":"https:\/\/api.w.org\/{rel}","templated":true}]}}