{"id":39205,"date":"2019-11-30T09:09:12","date_gmt":"2019-11-30T12:09:12","guid":{"rendered":"http:\/\/blogdoeloiltoncajuhy.com.br\/site\/?p=39205"},"modified":"2019-11-30T09:09:18","modified_gmt":"2019-11-30T12:09:18","slug":"jovem-de-20-anos-e-morto-a-facadas-pela-companheira-em-petrolina","status":"publish","type":"post","link":"https:\/\/blogdoeloiltoncajuhy.com.br\/site\/jovem-de-20-anos-e-morto-a-facadas-pela-companheira-em-petrolina\/","title":{"rendered":"Jovem de 20 anos \u00e9 morto a facadas pela companheira em Petrolina"},"content":{"rendered":"\n<h5 class=\"has-text-align-center wp-block-heading\"><em>O crime aconteceu na Rua 22 do bairro S\u00e3o Gon\u00e7alo. A suspeita de cometer o homic\u00eddio tem 22 anos e foi presa<\/em><\/h5>\n\n\n\n<p><strong>Por G1 Petrolina<\/strong><\/p>\n\n\n\n<div class=\"wp-block-image\"><figure class=\"aligncenter size-large is-resized\"><img data-recalc-dims=\"1\" fetchpriority=\"high\" decoding=\"async\" src=\"https:\/\/i0.wp.com\/blogdoeloiltoncajuhy.com.br\/site\/wp-content\/uploads\/2019\/11\/CrimePetrolina_nov-2019.jpg?resize=492%2C358\" alt=\"\" class=\"wp-image-39206\" width=\"492\" height=\"358\" srcset=\"https:\/\/i0.wp.com\/blogdoeloiltoncajuhy.com.br\/site\/wp-content\/uploads\/2019\/11\/CrimePetrolina_nov-2019.jpg?w=984&amp;ssl=1 984w, https:\/\/i0.wp.com\/blogdoeloiltoncajuhy.com.br\/site\/wp-content\/uploads\/2019\/11\/CrimePetrolina_nov-2019.jpg?resize=300%2C218&amp;ssl=1 300w, https:\/\/i0.wp.com\/blogdoeloiltoncajuhy.com.br\/site\/wp-content\/uploads\/2019\/11\/CrimePetrolina_nov-2019.jpg?resize=768%2C559&amp;ssl=1 768w, https:\/\/i0.wp.com\/blogdoeloiltoncajuhy.com.br\/site\/wp-content\/uploads\/2019\/11\/CrimePetrolina_nov-2019.jpg?resize=250%2C182&amp;ssl=1 250w\" sizes=\"(max-width: 492px) 100vw, 492px\" \/><figcaption><em>Crime aconteceu na Rua 22 do bairro S\u00e3o Gon\u00e7alo \u2014 Foto: Reprodu\u00e7\u00e3o \/ Google Street View<\/em><\/figcaption><\/figure><\/div>\n\n\n\n<p>Um homem de 20 anos foi assassinado na noite da quinta-feira (28) na Rua 22 do bairro S\u00e3o Gon\u00e7alo, em Petrolina, Sert\u00e3o de Pernambuco. De acordo com informa\u00e7\u00f5es da pol\u00edcia, <strong>Mateus Eufr\u00e1sio da Silva<\/strong> foi morto pela companheira, com uma facada no pesco\u00e7o.<\/p>\n\n\n\n<p>A suspeita de cometer o crime tem 22 anos e foi presa em flagrante. A Pol\u00edcia Civil n\u00e3o informou qual teria sido a motiva\u00e7\u00e3o do crime.<\/p>\n","protected":false},"excerpt":{"rendered":"<p>O crime aconteceu na Rua 22 do bairro S\u00e3o Gon\u00e7alo. A suspeita de cometer o homic\u00eddio tem 22 anos e foi presa Por G1 Petrolina Um homem de 20 anos foi assassinado na noite da quinta-feira (28) na Rua 22 do bairro S\u00e3o Gon\u00e7alo, em Petrolina, Sert\u00e3o de Pernambuco. De acordo com informa\u00e7\u00f5es da pol\u00edcia, [&hellip;]<\/p>\n","protected":false},"author":2,"featured_media":39206,"comment_status":"open","ping_status":"open","sticky":false,"template":"","format":"standard","meta":{"_acf_changed":false,"_monsterinsights_skip_tracking":false,"_monsterinsights_sitenote_active":false,"_monsterinsights_sitenote_note":"","_monsterinsights_sitenote_category":0,"_jetpack_memberships_contains_paid_content":false,"footnotes":"","jetpack_publicize_message":"","jetpack_publicize_feature_enabled":true,"jetpack_social_post_already_shared":true,"jetpack_social_options":{"image_generator_settings":{"template":"highway","default_image_id":0,"font":"","enabled":false},"version":2}},"categories":[5,1,11],"tags":[],"class_list":["post-39205","post","type-post","status-publish","format-standard","has-post-thumbnail","hentry","category-cotidiano","category-noticias","category-regional"],"acf":[],"jetpack_publicize_connections":[],"jetpack_featured_media_url":"https:\/\/i0.wp.com\/blogdoeloiltoncajuhy.com.br\/site\/wp-content\/uploads\/2019\/11\/CrimePetrolina_nov-2019.jpg?fit=984%2C716&ssl=1","jetpack_sharing_enabled":true,"publishpress_future_workflow_manual_trigger":{"enabledWorkflows":[]},"_links":{"self":[{"href":"https:\/\/blogdoeloiltoncajuhy.com.br\/site\/wp-json\/wp\/v2\/posts\/39205","targetHints":{"allow":["GET"]}}],"collection":[{"href":"https:\/\/blogdoeloiltoncajuhy.com.br\/site\/wp-json\/wp\/v2\/posts"}],"about":[{"href":"https:\/\/blogdoeloiltoncajuhy.com.br\/site\/wp-json\/wp\/v2\/types\/post"}],"author":[{"embeddable":true,"href":"https:\/\/blogdoeloiltoncajuhy.com.br\/site\/wp-json\/wp\/v2\/users\/2"}],"replies":[{"embeddable":true,"href":"https:\/\/blogdoeloiltoncajuhy.com.br\/site\/wp-json\/wp\/v2\/comments?post=39205"}],"version-history":[{"count":1,"href":"https:\/\/blogdoeloiltoncajuhy.com.br\/site\/wp-json\/wp\/v2\/posts\/39205\/revisions"}],"predecessor-version":[{"id":39207,"href":"https:\/\/blogdoeloiltoncajuhy.com.br\/site\/wp-json\/wp\/v2\/posts\/39205\/revisions\/39207"}],"wp:featuredmedia":[{"embeddable":true,"href":"https:\/\/blogdoeloiltoncajuhy.com.br\/site\/wp-json\/wp\/v2\/media\/39206"}],"wp:attachment":[{"href":"https:\/\/blogdoeloiltoncajuhy.com.br\/site\/wp-json\/wp\/v2\/media?parent=39205"}],"wp:term":[{"taxonomy":"category","embeddable":true,"href":"https:\/\/blogdoeloiltoncajuhy.com.br\/site\/wp-json\/wp\/v2\/categories?post=39205"},{"taxonomy":"post_tag","embeddable":true,"href":"https:\/\/blogdoeloiltoncajuhy.com.br\/site\/wp-json\/wp\/v2\/tags?post=39205"}],"curies":[{"name":"wp","href":"https:\/\/api.w.org\/{rel}","templated":true}]}}