{"id":39202,"date":"2019-11-30T09:00:13","date_gmt":"2019-11-30T12:00:13","guid":{"rendered":"http:\/\/blogdoeloiltoncajuhy.com.br\/site\/?p=39202"},"modified":"2019-11-30T09:00:19","modified_gmt":"2019-11-30T12:00:19","slug":"dados-do-ibge-indicam-recorde-de-trabalho-sem-carteira-e-por-conta-propria-no-brasil","status":"publish","type":"post","link":"https:\/\/blogdoeloiltoncajuhy.com.br\/site\/dados-do-ibge-indicam-recorde-de-trabalho-sem-carteira-e-por-conta-propria-no-brasil\/","title":{"rendered":"Dados do IBGE indicam recorde de trabalho sem carteira e por conta pr\u00f3pria no Brasil"},"content":{"rendered":"\n<p><strong>Bahia Not\u00edcias<\/strong><\/p>\n\n\n\n<div class=\"wp-block-image\"><figure class=\"aligncenter size-large is-resized\"><img data-recalc-dims=\"1\" fetchpriority=\"high\" decoding=\"async\" src=\"https:\/\/i0.wp.com\/blogdoeloiltoncajuhy.com.br\/site\/wp-content\/uploads\/2019\/11\/Desemprego.jpg?resize=415%2C306\" alt=\"\" class=\"wp-image-39203\" width=\"415\" height=\"306\" srcset=\"https:\/\/i0.wp.com\/blogdoeloiltoncajuhy.com.br\/site\/wp-content\/uploads\/2019\/11\/Desemprego.jpg?w=380&amp;ssl=1 380w, https:\/\/i0.wp.com\/blogdoeloiltoncajuhy.com.br\/site\/wp-content\/uploads\/2019\/11\/Desemprego.jpg?resize=300%2C221&amp;ssl=1 300w, https:\/\/i0.wp.com\/blogdoeloiltoncajuhy.com.br\/site\/wp-content\/uploads\/2019\/11\/Desemprego.jpg?resize=250%2C184&amp;ssl=1 250w\" sizes=\"(max-width: 415px) 100vw, 415px\" \/><figcaption><em>Foto: Arquivo EBC<\/em><\/figcaption><\/figure><\/div>\n\n\n\n<p>O Instituto Brasileiro de Geografia e Estat\u00edstica identificou um novo recorde no n\u00famero de trabalhadores sem carteira e atuando por conta pr\u00f3pria no Brasil. De acordo com o \u00f3rg\u00e3o, a taxa de desemprego no pa\u00eds ficou est\u00e1vel no trimestre encerrado em outubro. As informa\u00e7\u00f5es foram divulgadas nesta sexta-feira (29).<\/p>\n\n\n\n<p>Os dados do IBGE indicam a exist\u00eancia de 11,9 milh\u00f5es de trabalhadores sem carteira assinada e 24,4 milh\u00f5es por conta pr\u00f3pria. A taxa de informalidade, que inclui empregados dom\u00e9sticos sem carteira e empregados sem CNPJ ficou em 41,2%, est\u00e1vel em rela\u00e7\u00e3o ao trimestre anterior, conforme reportagem da Folha de S. Paulo. S\u00e3o 38,8 milh\u00f5es de trabalhadores nessas condi\u00e7\u00f5es.<\/p>\n\n\n\n<p>Quanto a porcentagem, no trimestre encerrado em outubro a taxa de desemprego foi de 11,6%. Anteriormente o n\u00famero havia sido de 11,8%, no trimestre imediatamente anterior e 11,7% no mesmo trimestre de 2018. Para o IBGE, o indicador ficou &#8220;estatisticamente est\u00e1vel&#8221;.<\/p>\n","protected":false},"excerpt":{"rendered":"<p>Bahia Not\u00edcias O Instituto Brasileiro de Geografia e Estat\u00edstica identificou um novo recorde no n\u00famero de trabalhadores sem carteira e atuando por conta pr\u00f3pria no Brasil. De acordo com o \u00f3rg\u00e3o, a taxa de desemprego no pa\u00eds ficou est\u00e1vel no trimestre encerrado em outubro. As informa\u00e7\u00f5es foram divulgadas nesta sexta-feira (29). Os dados do IBGE [&hellip;]<\/p>\n","protected":false},"author":2,"featured_media":39203,"comment_status":"open","ping_status":"open","sticky":false,"template":"","format":"standard","meta":{"_acf_changed":false,"_monsterinsights_skip_tracking":false,"_monsterinsights_sitenote_active":false,"_monsterinsights_sitenote_note":"","_monsterinsights_sitenote_category":0,"_jetpack_memberships_contains_paid_content":false,"footnotes":"","jetpack_publicize_message":"","jetpack_publicize_feature_enabled":true,"jetpack_social_post_already_shared":true,"jetpack_social_options":{"image_generator_settings":{"template":"highway","default_image_id":0,"font":"","enabled":false},"version":2}},"categories":[5,1],"tags":[],"class_list":["post-39202","post","type-post","status-publish","format-standard","has-post-thumbnail","hentry","category-cotidiano","category-noticias"],"acf":[],"jetpack_publicize_connections":[],"jetpack_featured_media_url":"https:\/\/i0.wp.com\/blogdoeloiltoncajuhy.com.br\/site\/wp-content\/uploads\/2019\/11\/Desemprego.jpg?fit=380%2C280&ssl=1","jetpack_sharing_enabled":true,"publishpress_future_workflow_manual_trigger":{"enabledWorkflows":[]},"_links":{"self":[{"href":"https:\/\/blogdoeloiltoncajuhy.com.br\/site\/wp-json\/wp\/v2\/posts\/39202","targetHints":{"allow":["GET"]}}],"collection":[{"href":"https:\/\/blogdoeloiltoncajuhy.com.br\/site\/wp-json\/wp\/v2\/posts"}],"about":[{"href":"https:\/\/blogdoeloiltoncajuhy.com.br\/site\/wp-json\/wp\/v2\/types\/post"}],"author":[{"embeddable":true,"href":"https:\/\/blogdoeloiltoncajuhy.com.br\/site\/wp-json\/wp\/v2\/users\/2"}],"replies":[{"embeddable":true,"href":"https:\/\/blogdoeloiltoncajuhy.com.br\/site\/wp-json\/wp\/v2\/comments?post=39202"}],"version-history":[{"count":1,"href":"https:\/\/blogdoeloiltoncajuhy.com.br\/site\/wp-json\/wp\/v2\/posts\/39202\/revisions"}],"predecessor-version":[{"id":39204,"href":"https:\/\/blogdoeloiltoncajuhy.com.br\/site\/wp-json\/wp\/v2\/posts\/39202\/revisions\/39204"}],"wp:featuredmedia":[{"embeddable":true,"href":"https:\/\/blogdoeloiltoncajuhy.com.br\/site\/wp-json\/wp\/v2\/media\/39203"}],"wp:attachment":[{"href":"https:\/\/blogdoeloiltoncajuhy.com.br\/site\/wp-json\/wp\/v2\/media?parent=39202"}],"wp:term":[{"taxonomy":"category","embeddable":true,"href":"https:\/\/blogdoeloiltoncajuhy.com.br\/site\/wp-json\/wp\/v2\/categories?post=39202"},{"taxonomy":"post_tag","embeddable":true,"href":"https:\/\/blogdoeloiltoncajuhy.com.br\/site\/wp-json\/wp\/v2\/tags?post=39202"}],"curies":[{"name":"wp","href":"https:\/\/api.w.org\/{rel}","templated":true}]}}