{"id":39200,"date":"2019-11-30T08:16:46","date_gmt":"2019-11-30T11:16:46","guid":{"rendered":"http:\/\/blogdoeloiltoncajuhy.com.br\/site\/?p=39200"},"modified":"2019-11-30T08:16:52","modified_gmt":"2019-11-30T11:16:52","slug":"suspeito-de-matar-estudante-de-servico-social-a-tiros-em-cachoeira-e-preso-homem-nao-aceitava-fim-de-relacionamento","status":"publish","type":"post","link":"https:\/\/blogdoeloiltoncajuhy.com.br\/site\/suspeito-de-matar-estudante-de-servico-social-a-tiros-em-cachoeira-e-preso-homem-nao-aceitava-fim-de-relacionamento\/","title":{"rendered":"Suspeito de matar estudante de servi\u00e7o social a tiros em Cachoeira \u00e9 preso; homem n\u00e3o aceitava fim de relacionamento"},"content":{"rendered":"\n<h5 class=\"has-text-align-center wp-block-heading\"><em>Elit\u00e2nia de Souza da Hora foi assassinada quando sa\u00eda da faculdade<\/em><\/h5>\n\n\n\n<p><strong>Por G1 BA<\/strong><\/p>\n\n\n\n<div class=\"wp-block-image\"><figure class=\"aligncenter size-large\"><img data-recalc-dims=\"1\" fetchpriority=\"high\" decoding=\"async\" width=\"800\" height=\"450\" src=\"https:\/\/i0.wp.com\/blogdoeloiltoncajuhy.com.br\/site\/wp-content\/uploads\/2019\/11\/AlexandreAssassino.jpg?resize=800%2C450\" alt=\"\" class=\"wp-image-39155\" srcset=\"https:\/\/i0.wp.com\/blogdoeloiltoncajuhy.com.br\/site\/wp-content\/uploads\/2019\/11\/AlexandreAssassino.jpg?w=984&amp;ssl=1 984w, https:\/\/i0.wp.com\/blogdoeloiltoncajuhy.com.br\/site\/wp-content\/uploads\/2019\/11\/AlexandreAssassino.jpg?resize=300%2C169&amp;ssl=1 300w, https:\/\/i0.wp.com\/blogdoeloiltoncajuhy.com.br\/site\/wp-content\/uploads\/2019\/11\/AlexandreAssassino.jpg?resize=768%2C432&amp;ssl=1 768w, https:\/\/i0.wp.com\/blogdoeloiltoncajuhy.com.br\/site\/wp-content\/uploads\/2019\/11\/AlexandreAssassino.jpg?resize=250%2C140&amp;ssl=1 250w\" sizes=\"(max-width: 800px) 100vw, 800px\" \/><figcaption><em>Alexandre Passos Silva G\u00f3es cometeu o crime por n\u00e3o aceitar o fim do relacionamento \u2014 Foto: Reprodu\u00e7\u00e3o\/TV Bahia<\/em><\/figcaption><\/figure><\/div>\n\n\n\n<p>O homem suspeito de matar a estudante de servi\u00e7o social, de 25 anos, na quarta-feira (27), na cidade de Cachoeira, rec\u00f4ncavo da Bahia, se apresentou na delegacia de Feira de Santana na tarde desta sexta-feira (29). Conforme a Pol\u00edcia Civil, o homem, que era ex-namorado da v\u00edtima, n\u00e3o aceitava o fim do relacionamento.<\/p>\n\n\n\n<p>Segundo informa\u00e7\u00f5es da pol\u00edcia, o suspeito, identificado como <strong>Jos\u00e9 Alexandre Passo Goes Silva<\/strong>, de 34 anos, seria interrogado pelo delegado Jo\u00e3o Matheus, que investiga o caso, mas preferiu usar o direito de se manter calado e n\u00e3o se pronunciou sobre a acusa\u00e7\u00e3o. Ele foi encaminhado para o Conjunto Penal de Feira de Santana.<\/p>\n\n\n\n<p>De acordo com o delegado Jo\u00e3o Matheus, Alexandre Passos Silva G\u00f3es, teve o mandado de pris\u00e3o preventiva decretada na quinta-feira (28) e era considerado foragido.<\/p>\n\n\n\n<p>Elit\u00e2nia foi assassinada na noite quando sa\u00eda da universidade. A jovem tinha uma medida protetiva que impedia a aproxima\u00e7\u00e3o do suspeito. Conforme a advogada da fam\u00edlia da v\u00edtima, o ex-namorado dela \u00e9 filho de um juiz baiano. N\u00e3o h\u00e1 detalhes da cidade onde ele atua.<\/p>\n\n\n\n<div class=\"wp-block-image\"><figure class=\"aligncenter size-large\"><img data-recalc-dims=\"1\" decoding=\"async\" width=\"800\" height=\"501\" src=\"https:\/\/i0.wp.com\/blogdoeloiltoncajuhy.com.br\/site\/wp-content\/uploads\/2019\/11\/ElitaniaVitima.jpg?resize=800%2C501\" alt=\"\" class=\"wp-image-39156\" srcset=\"https:\/\/i0.wp.com\/blogdoeloiltoncajuhy.com.br\/site\/wp-content\/uploads\/2019\/11\/ElitaniaVitima.jpg?w=984&amp;ssl=1 984w, https:\/\/i0.wp.com\/blogdoeloiltoncajuhy.com.br\/site\/wp-content\/uploads\/2019\/11\/ElitaniaVitima.jpg?resize=300%2C188&amp;ssl=1 300w, https:\/\/i0.wp.com\/blogdoeloiltoncajuhy.com.br\/site\/wp-content\/uploads\/2019\/11\/ElitaniaVitima.jpg?resize=768%2C481&amp;ssl=1 768w, https:\/\/i0.wp.com\/blogdoeloiltoncajuhy.com.br\/site\/wp-content\/uploads\/2019\/11\/ElitaniaVitima.jpg?resize=250%2C157&amp;ssl=1 250w\" sizes=\"(max-width: 800px) 100vw, 800px\" \/><figcaption><em>Elit\u00e2nia de Souza da Hora foi morta a tiros a caminho de casa ap\u00f3s deixar aula \u2014 Foto: Reprodu\u00e7\u00e3o\/Facebook<\/em><\/figcaption><\/figure><\/div>\n\n\n\n<p>O vel\u00f3rio de Elit\u00e2nia ocorreu na quinta na casa da m\u00e3e dela, localizada na Gua\u00edba, zona rural de Cachoeira. O sepultamento contou com a presen\u00e7a de dezenas de amigos e familiares, por volta das 17h, no cemit\u00e9rio localizado no bairro Morumbi, em Cachoeira.<\/p>\n\n\n\n<p>Por meio de nota, a Secretaria de Pol\u00edticas para as Mulheres do Estado da Bahia (SPM-BA) informou que acompanha as investiga\u00e7\u00f5es do assassinato da estudante Elit\u00e2nia de Souza e se solidariza com parentes e amigos.<\/p>\n","protected":false},"excerpt":{"rendered":"<p>Elit\u00e2nia de Souza da Hora foi assassinada quando sa\u00eda da faculdade Por G1 BA O homem suspeito de matar a estudante de servi\u00e7o social, de 25 anos, na quarta-feira (27), na cidade de Cachoeira, rec\u00f4ncavo da Bahia, se apresentou na delegacia de Feira de Santana na tarde desta sexta-feira (29). Conforme a Pol\u00edcia Civil, o [&hellip;]<\/p>\n","protected":false},"author":2,"featured_media":0,"comment_status":"open","ping_status":"open","sticky":false,"template":"","format":"standard","meta":{"_acf_changed":false,"_monsterinsights_skip_tracking":false,"_monsterinsights_sitenote_active":false,"_monsterinsights_sitenote_note":"","_monsterinsights_sitenote_category":0,"_jetpack_memberships_contains_paid_content":false,"footnotes":"","jetpack_publicize_message":"","jetpack_publicize_feature_enabled":true,"jetpack_social_post_already_shared":true,"jetpack_social_options":{"image_generator_settings":{"template":"highway","default_image_id":0,"font":"","enabled":false},"version":2}},"categories":[5,1],"tags":[],"class_list":["post-39200","post","type-post","status-publish","format-standard","hentry","category-cotidiano","category-noticias"],"acf":[],"jetpack_publicize_connections":[],"jetpack_featured_media_url":"","jetpack_sharing_enabled":true,"publishpress_future_workflow_manual_trigger":{"enabledWorkflows":[]},"_links":{"self":[{"href":"https:\/\/blogdoeloiltoncajuhy.com.br\/site\/wp-json\/wp\/v2\/posts\/39200","targetHints":{"allow":["GET"]}}],"collection":[{"href":"https:\/\/blogdoeloiltoncajuhy.com.br\/site\/wp-json\/wp\/v2\/posts"}],"about":[{"href":"https:\/\/blogdoeloiltoncajuhy.com.br\/site\/wp-json\/wp\/v2\/types\/post"}],"author":[{"embeddable":true,"href":"https:\/\/blogdoeloiltoncajuhy.com.br\/site\/wp-json\/wp\/v2\/users\/2"}],"replies":[{"embeddable":true,"href":"https:\/\/blogdoeloiltoncajuhy.com.br\/site\/wp-json\/wp\/v2\/comments?post=39200"}],"version-history":[{"count":1,"href":"https:\/\/blogdoeloiltoncajuhy.com.br\/site\/wp-json\/wp\/v2\/posts\/39200\/revisions"}],"predecessor-version":[{"id":39201,"href":"https:\/\/blogdoeloiltoncajuhy.com.br\/site\/wp-json\/wp\/v2\/posts\/39200\/revisions\/39201"}],"wp:attachment":[{"href":"https:\/\/blogdoeloiltoncajuhy.com.br\/site\/wp-json\/wp\/v2\/media?parent=39200"}],"wp:term":[{"taxonomy":"category","embeddable":true,"href":"https:\/\/blogdoeloiltoncajuhy.com.br\/site\/wp-json\/wp\/v2\/categories?post=39200"},{"taxonomy":"post_tag","embeddable":true,"href":"https:\/\/blogdoeloiltoncajuhy.com.br\/site\/wp-json\/wp\/v2\/tags?post=39200"}],"curies":[{"name":"wp","href":"https:\/\/api.w.org\/{rel}","templated":true}]}}