{"id":39150,"date":"2019-11-28T14:57:56","date_gmt":"2019-11-28T17:57:56","guid":{"rendered":"http:\/\/blogdoeloiltoncajuhy.com.br\/site\/?p=39150"},"modified":"2019-11-28T14:58:02","modified_gmt":"2019-11-28T17:58:02","slug":"audiencia-publica-para-apresentar-lei-orcamentaria-anual-para-2020-sera-nesta-quinta-em-senhor-do-bonfim","status":"publish","type":"post","link":"https:\/\/blogdoeloiltoncajuhy.com.br\/site\/audiencia-publica-para-apresentar-lei-orcamentaria-anual-para-2020-sera-nesta-quinta-em-senhor-do-bonfim\/","title":{"rendered":"Audi\u00eancia P\u00fablica para apresentar Lei Or\u00e7ament\u00e1ria Anual para 2020 ser\u00e1 nesta quinta em Senhor do Bonfim"},"content":{"rendered":"\n<p><strong>ASCOM &#8211; C\u00e2mara Municipal de Senhor do Bonfim-BA<\/strong><\/p>\n\n\n\n<div class=\"wp-block-image\"><figure class=\"aligncenter size-large is-resized\"><img data-recalc-dims=\"1\" fetchpriority=\"high\" decoding=\"async\" src=\"https:\/\/i0.wp.com\/blogdoeloiltoncajuhy.com.br\/site\/wp-content\/uploads\/2019\/04\/camara-de-bonfim-2.jpg?resize=384%2C214\" alt=\"\" class=\"wp-image-33523\" width=\"384\" height=\"214\" srcset=\"https:\/\/i0.wp.com\/blogdoeloiltoncajuhy.com.br\/site\/wp-content\/uploads\/2019\/04\/camara-de-bonfim-2.jpg?w=768&amp;ssl=1 768w, https:\/\/i0.wp.com\/blogdoeloiltoncajuhy.com.br\/site\/wp-content\/uploads\/2019\/04\/camara-de-bonfim-2.jpg?resize=300%2C167&amp;ssl=1 300w, https:\/\/i0.wp.com\/blogdoeloiltoncajuhy.com.br\/site\/wp-content\/uploads\/2019\/04\/camara-de-bonfim-2.jpg?resize=250%2C139&amp;ssl=1 250w\" sizes=\"(max-width: 384px) 100vw, 384px\" \/><\/figure><\/div>\n\n\n\n<p>Uma audi\u00eancia p\u00fablica ser\u00e1 realizada nesta quinta-feira (24) para apresenta\u00e7\u00e3o da Lei Or\u00e7ament\u00e1ria Anual (Loa) para 2020, em Senhor do Bonfim. O encontro ser\u00e1 no Sal\u00e3o Nobre Joaquim Muricy Sobrinho da C\u00e2mara Municipal, a partir das 19h. \u00c9 aberto \u00e0 popula\u00e7\u00e3o.<\/p>\n\n\n\n<p>A LOA \u00e9 elaborada com base no Projeto de Lei de Diretrizes Or\u00e7ament\u00e1rias (LDO), onde \u00e9 feita a estimativa da receita e s\u00e3o fixadas as despesas do munic\u00edpio para o exerc\u00edcio do ano seguinte. A audi\u00eancia tem como objetivo ainda incentivar o envolvimento da popula\u00e7\u00e3o na discuss\u00e3o com o poder p\u00fablico sobre os investimentos do munic\u00edpio.<\/p>\n","protected":false},"excerpt":{"rendered":"<p>ASCOM &#8211; C\u00e2mara Municipal de Senhor do Bonfim-BA Uma audi\u00eancia p\u00fablica ser\u00e1 realizada nesta quinta-feira (24) para apresenta\u00e7\u00e3o da Lei Or\u00e7ament\u00e1ria Anual (Loa) para 2020, em Senhor do Bonfim. O encontro ser\u00e1 no Sal\u00e3o Nobre Joaquim Muricy Sobrinho da C\u00e2mara Municipal, a partir das 19h. \u00c9 aberto \u00e0 popula\u00e7\u00e3o. A LOA \u00e9 elaborada com base [&hellip;]<\/p>\n","protected":false},"author":2,"featured_media":0,"comment_status":"open","ping_status":"open","sticky":false,"template":"","format":"standard","meta":{"_acf_changed":false,"_monsterinsights_skip_tracking":false,"_monsterinsights_sitenote_active":false,"_monsterinsights_sitenote_note":"","_monsterinsights_sitenote_category":0,"_jetpack_memberships_contains_paid_content":false,"footnotes":"","jetpack_publicize_message":"","jetpack_publicize_feature_enabled":true,"jetpack_social_post_already_shared":true,"jetpack_social_options":{"image_generator_settings":{"template":"highway","default_image_id":0,"font":"","enabled":false},"version":2}},"categories":[1,3,4],"tags":[],"class_list":["post-39150","post","type-post","status-publish","format-standard","hentry","category-noticias","category-politica","category-local"],"acf":[],"jetpack_publicize_connections":[],"jetpack_featured_media_url":"","jetpack_sharing_enabled":true,"publishpress_future_workflow_manual_trigger":{"enabledWorkflows":[]},"_links":{"self":[{"href":"https:\/\/blogdoeloiltoncajuhy.com.br\/site\/wp-json\/wp\/v2\/posts\/39150","targetHints":{"allow":["GET"]}}],"collection":[{"href":"https:\/\/blogdoeloiltoncajuhy.com.br\/site\/wp-json\/wp\/v2\/posts"}],"about":[{"href":"https:\/\/blogdoeloiltoncajuhy.com.br\/site\/wp-json\/wp\/v2\/types\/post"}],"author":[{"embeddable":true,"href":"https:\/\/blogdoeloiltoncajuhy.com.br\/site\/wp-json\/wp\/v2\/users\/2"}],"replies":[{"embeddable":true,"href":"https:\/\/blogdoeloiltoncajuhy.com.br\/site\/wp-json\/wp\/v2\/comments?post=39150"}],"version-history":[{"count":1,"href":"https:\/\/blogdoeloiltoncajuhy.com.br\/site\/wp-json\/wp\/v2\/posts\/39150\/revisions"}],"predecessor-version":[{"id":39151,"href":"https:\/\/blogdoeloiltoncajuhy.com.br\/site\/wp-json\/wp\/v2\/posts\/39150\/revisions\/39151"}],"wp:attachment":[{"href":"https:\/\/blogdoeloiltoncajuhy.com.br\/site\/wp-json\/wp\/v2\/media?parent=39150"}],"wp:term":[{"taxonomy":"category","embeddable":true,"href":"https:\/\/blogdoeloiltoncajuhy.com.br\/site\/wp-json\/wp\/v2\/categories?post=39150"},{"taxonomy":"post_tag","embeddable":true,"href":"https:\/\/blogdoeloiltoncajuhy.com.br\/site\/wp-json\/wp\/v2\/tags?post=39150"}],"curies":[{"name":"wp","href":"https:\/\/api.w.org\/{rel}","templated":true}]}}