{"id":39145,"date":"2019-11-28T11:18:17","date_gmt":"2019-11-28T14:18:17","guid":{"rendered":"http:\/\/blogdoeloiltoncajuhy.com.br\/site\/?p=39145"},"modified":"2019-11-28T11:18:23","modified_gmt":"2019-11-28T14:18:23","slug":"prefeitura-de-jaguarari-leva-acoes-do-novembro-azul-para-o-usf-do-distrito-de-flamengo","status":"publish","type":"post","link":"https:\/\/blogdoeloiltoncajuhy.com.br\/site\/prefeitura-de-jaguarari-leva-acoes-do-novembro-azul-para-o-usf-do-distrito-de-flamengo\/","title":{"rendered":"Prefeitura de Jaguarari leva a\u00e7\u00f5es do Novembro Azul para o USF do distrito de Flamengo"},"content":{"rendered":"\n<p><strong>ASCOM &#8211; Prefeitura de Jaguarari-BA<\/strong><\/p>\n\n\n\n<div class=\"wp-block-image\"><figure class=\"aligncenter size-large is-resized\"><img fetchpriority=\"high\" decoding=\"async\" src=\"https:\/\/i2.wp.com\/blogdoeloiltoncajuhy.com.br\/site\/wp-content\/uploads\/2019\/11\/PMJ_NovembroAzul-04.jpg?fit=590%2C443\" alt=\"\" class=\"wp-image-39146\" width=\"443\" height=\"332\" srcset=\"https:\/\/i0.wp.com\/blogdoeloiltoncajuhy.com.br\/site\/wp-content\/uploads\/2019\/11\/PMJ_NovembroAzul-04.jpg?w=1280&amp;ssl=1 1280w, https:\/\/i0.wp.com\/blogdoeloiltoncajuhy.com.br\/site\/wp-content\/uploads\/2019\/11\/PMJ_NovembroAzul-04.jpg?resize=300%2C225&amp;ssl=1 300w, https:\/\/i0.wp.com\/blogdoeloiltoncajuhy.com.br\/site\/wp-content\/uploads\/2019\/11\/PMJ_NovembroAzul-04.jpg?resize=1024%2C768&amp;ssl=1 1024w, https:\/\/i0.wp.com\/blogdoeloiltoncajuhy.com.br\/site\/wp-content\/uploads\/2019\/11\/PMJ_NovembroAzul-04.jpg?resize=768%2C576&amp;ssl=1 768w, https:\/\/i0.wp.com\/blogdoeloiltoncajuhy.com.br\/site\/wp-content\/uploads\/2019\/11\/PMJ_NovembroAzul-04.jpg?resize=250%2C188&amp;ssl=1 250w\" sizes=\"(max-width: 443px) 100vw, 443px\" \/><\/figure><\/div>\n\n\n\n<p>A equipe de profissionais da Unidade de Sa\u00fade da Fam\u00edlia do distrito de Flamengo, potencializou nesta quarta-feira (27), a\u00e7\u00f5es relacionadas \u00e0 campanha Novembro Azul, que alerta sobre os cuidados relativos \u00e0 sa\u00fade do homem. <\/p>\n\n\n\n<p>Como vem acontecendo nas unidades de sa\u00fade por todo o munic\u00edpio, todos os homens que buscam atendimento passam por consulta clinica e realizam procedimentos, como testes r\u00e1pidos para detec\u00e7\u00e3o de DST, teste de glicemia, aferi\u00e7\u00e3o de press\u00e3o e o exame de sangue que acompanha o teste, o PSA.<\/p>\n\n\n\n<div class=\"wp-block-image\"><figure class=\"aligncenter size-large is-resized\"><img decoding=\"async\" src=\"https:\/\/i0.wp.com\/blogdoeloiltoncajuhy.com.br\/site\/wp-content\/uploads\/2019\/11\/PMJ_NovembroAzul-05.jpg?fit=590%2C443\" alt=\"\" class=\"wp-image-39147\" width=\"443\" height=\"332\" srcset=\"https:\/\/i0.wp.com\/blogdoeloiltoncajuhy.com.br\/site\/wp-content\/uploads\/2019\/11\/PMJ_NovembroAzul-05.jpg?w=1280&amp;ssl=1 1280w, https:\/\/i0.wp.com\/blogdoeloiltoncajuhy.com.br\/site\/wp-content\/uploads\/2019\/11\/PMJ_NovembroAzul-05.jpg?resize=300%2C225&amp;ssl=1 300w, https:\/\/i0.wp.com\/blogdoeloiltoncajuhy.com.br\/site\/wp-content\/uploads\/2019\/11\/PMJ_NovembroAzul-05.jpg?resize=1024%2C768&amp;ssl=1 1024w, https:\/\/i0.wp.com\/blogdoeloiltoncajuhy.com.br\/site\/wp-content\/uploads\/2019\/11\/PMJ_NovembroAzul-05.jpg?resize=768%2C576&amp;ssl=1 768w, https:\/\/i0.wp.com\/blogdoeloiltoncajuhy.com.br\/site\/wp-content\/uploads\/2019\/11\/PMJ_NovembroAzul-05.jpg?resize=250%2C188&amp;ssl=1 250w\" sizes=\"(max-width: 443px) 100vw, 443px\" \/><\/figure><\/div>\n\n\n\n<p>Outra a\u00e7\u00e3o que vem ganhando destaque, s\u00e3o as palestras educativas sobre o c\u00e2ncer de pr\u00f3stata, abordando os cuidados b\u00e1sicos que os homens devem ter com rela\u00e7\u00e3o \u00e0 sa\u00fade, como o uso de preservativos na rela\u00e7\u00e3o sexual e, principalmente, sobre a necessidade de realizar o exame de toque digital (mais conhecido como toque retal) a partir dos 40 anos.<\/p>\n\n\n\n<p class=\"has-medium-font-size\"><strong>Cronograma de a\u00e7\u00f5es do novembro azul:<\/strong><\/p>\n\n\n\n<p>28\/11 &#8211; PSF Pilar I \u2013 Distrito de Pilar<\/p>\n\n\n\n<p>29\/11 &#8211; USF Odilon Gon\u00e7alves \u2013 Sede<\/p>\n\n\n\n<div class=\"wp-block-image\"><figure class=\"aligncenter size-large is-resized\"><img data-recalc-dims=\"1\" decoding=\"async\" src=\"https:\/\/i0.wp.com\/blogdoeloiltoncajuhy.com.br\/site\/wp-content\/uploads\/2019\/11\/PMJ_NovembroAzul-06.jpg?resize=512%2C384\" alt=\"\" class=\"wp-image-39148\" width=\"512\" height=\"384\" srcset=\"https:\/\/i0.wp.com\/blogdoeloiltoncajuhy.com.br\/site\/wp-content\/uploads\/2019\/11\/PMJ_NovembroAzul-06.jpg?resize=1024%2C768&amp;ssl=1 1024w, https:\/\/i0.wp.com\/blogdoeloiltoncajuhy.com.br\/site\/wp-content\/uploads\/2019\/11\/PMJ_NovembroAzul-06.jpg?resize=300%2C225&amp;ssl=1 300w, https:\/\/i0.wp.com\/blogdoeloiltoncajuhy.com.br\/site\/wp-content\/uploads\/2019\/11\/PMJ_NovembroAzul-06.jpg?resize=768%2C576&amp;ssl=1 768w, https:\/\/i0.wp.com\/blogdoeloiltoncajuhy.com.br\/site\/wp-content\/uploads\/2019\/11\/PMJ_NovembroAzul-06.jpg?resize=250%2C188&amp;ssl=1 250w, https:\/\/i0.wp.com\/blogdoeloiltoncajuhy.com.br\/site\/wp-content\/uploads\/2019\/11\/PMJ_NovembroAzul-06.jpg?w=1280&amp;ssl=1 1280w\" sizes=\"(max-width: 512px) 100vw, 512px\" \/><\/figure><\/div>\n","protected":false},"excerpt":{"rendered":"<p>ASCOM &#8211; Prefeitura de Jaguarari-BA A equipe de profissionais da Unidade de Sa\u00fade da Fam\u00edlia do distrito de Flamengo, potencializou nesta quarta-feira (27), a\u00e7\u00f5es relacionadas \u00e0 campanha Novembro Azul, que alerta sobre os cuidados relativos \u00e0 sa\u00fade do homem. Como vem acontecendo nas unidades de sa\u00fade por todo o munic\u00edpio, todos os homens que buscam [&hellip;]<\/p>\n","protected":false},"author":2,"featured_media":39148,"comment_status":"open","ping_status":"open","sticky":false,"template":"","format":"standard","meta":{"_acf_changed":false,"_monsterinsights_skip_tracking":false,"_monsterinsights_sitenote_active":false,"_monsterinsights_sitenote_note":"","_monsterinsights_sitenote_category":0,"_jetpack_memberships_contains_paid_content":false,"footnotes":"","jetpack_publicize_message":"","jetpack_publicize_feature_enabled":true,"jetpack_social_post_already_shared":true,"jetpack_social_options":{"image_generator_settings":{"template":"highway","default_image_id":0,"font":"","enabled":false},"version":2}},"categories":[1,11,7],"tags":[],"class_list":["post-39145","post","type-post","status-publish","format-standard","has-post-thumbnail","hentry","category-noticias","category-regional","category-saude"],"acf":[],"jetpack_publicize_connections":[],"jetpack_featured_media_url":"https:\/\/i0.wp.com\/blogdoeloiltoncajuhy.com.br\/site\/wp-content\/uploads\/2019\/11\/PMJ_NovembroAzul-06.jpg?fit=1280%2C960&ssl=1","jetpack_sharing_enabled":true,"publishpress_future_workflow_manual_trigger":{"enabledWorkflows":[]},"_links":{"self":[{"href":"https:\/\/blogdoeloiltoncajuhy.com.br\/site\/wp-json\/wp\/v2\/posts\/39145","targetHints":{"allow":["GET"]}}],"collection":[{"href":"https:\/\/blogdoeloiltoncajuhy.com.br\/site\/wp-json\/wp\/v2\/posts"}],"about":[{"href":"https:\/\/blogdoeloiltoncajuhy.com.br\/site\/wp-json\/wp\/v2\/types\/post"}],"author":[{"embeddable":true,"href":"https:\/\/blogdoeloiltoncajuhy.com.br\/site\/wp-json\/wp\/v2\/users\/2"}],"replies":[{"embeddable":true,"href":"https:\/\/blogdoeloiltoncajuhy.com.br\/site\/wp-json\/wp\/v2\/comments?post=39145"}],"version-history":[{"count":1,"href":"https:\/\/blogdoeloiltoncajuhy.com.br\/site\/wp-json\/wp\/v2\/posts\/39145\/revisions"}],"predecessor-version":[{"id":39149,"href":"https:\/\/blogdoeloiltoncajuhy.com.br\/site\/wp-json\/wp\/v2\/posts\/39145\/revisions\/39149"}],"wp:featuredmedia":[{"embeddable":true,"href":"https:\/\/blogdoeloiltoncajuhy.com.br\/site\/wp-json\/wp\/v2\/media\/39148"}],"wp:attachment":[{"href":"https:\/\/blogdoeloiltoncajuhy.com.br\/site\/wp-json\/wp\/v2\/media?parent=39145"}],"wp:term":[{"taxonomy":"category","embeddable":true,"href":"https:\/\/blogdoeloiltoncajuhy.com.br\/site\/wp-json\/wp\/v2\/categories?post=39145"},{"taxonomy":"post_tag","embeddable":true,"href":"https:\/\/blogdoeloiltoncajuhy.com.br\/site\/wp-json\/wp\/v2\/tags?post=39145"}],"curies":[{"name":"wp","href":"https:\/\/api.w.org\/{rel}","templated":true}]}}