{"id":39136,"date":"2019-11-28T06:46:34","date_gmt":"2019-11-28T09:46:34","guid":{"rendered":"http:\/\/blogdoeloiltoncajuhy.com.br\/site\/?p=39136"},"modified":"2019-11-28T06:46:40","modified_gmt":"2019-11-28T09:46:40","slug":"corpo-de-gugu-liberato-chega-ao-aeroporto-de-viracopos-para-velorio-em-sp","status":"publish","type":"post","link":"https:\/\/blogdoeloiltoncajuhy.com.br\/site\/corpo-de-gugu-liberato-chega-ao-aeroporto-de-viracopos-para-velorio-em-sp\/","title":{"rendered":"Corpo de Gugu Liberato chega ao Aeroporto de Viracopos para vel\u00f3rio em SP"},"content":{"rendered":"\n<h5 class=\"has-text-align-center wp-block-heading\"><em>Voo partiu de Orlando (EUA) e aterrissou no Aeroporto Internacional de Viracopos \u00e0s 6h01 desta quinta-feira (28). Receita Federal preparou opera\u00e7\u00e3o para recepcionar urna funer\u00e1ria e fam\u00edlia do apresentador<\/em><\/h5>\n\n\n\n<p><strong>Por Patr\u00edcia Teixeira, Paulo Gon\u00e7alves e Eduardo Rodrigues, G1 Campinas e Regi\u00e3o e EPTV<\/strong><\/p>\n\n\n\n<div class=\"wp-block-image\"><figure class=\"aligncenter size-large is-resized\"><img fetchpriority=\"high\" decoding=\"async\" src=\"https:\/\/i2.wp.com\/blogdoeloiltoncajuhy.com.br\/site\/wp-content\/uploads\/2019\/11\/Gugu-aviao-vcp-gugu2.jpg?fit=590%2C332\" alt=\"\" class=\"wp-image-39137\" width=\"590\" height=\"332\" srcset=\"https:\/\/i0.wp.com\/blogdoeloiltoncajuhy.com.br\/site\/wp-content\/uploads\/2019\/11\/Gugu-aviao-vcp-gugu2.jpg?w=1344&amp;ssl=1 1344w, https:\/\/i0.wp.com\/blogdoeloiltoncajuhy.com.br\/site\/wp-content\/uploads\/2019\/11\/Gugu-aviao-vcp-gugu2.jpg?resize=300%2C169&amp;ssl=1 300w, https:\/\/i0.wp.com\/blogdoeloiltoncajuhy.com.br\/site\/wp-content\/uploads\/2019\/11\/Gugu-aviao-vcp-gugu2.jpg?resize=1024%2C576&amp;ssl=1 1024w, https:\/\/i0.wp.com\/blogdoeloiltoncajuhy.com.br\/site\/wp-content\/uploads\/2019\/11\/Gugu-aviao-vcp-gugu2.jpg?resize=768%2C432&amp;ssl=1 768w, https:\/\/i0.wp.com\/blogdoeloiltoncajuhy.com.br\/site\/wp-content\/uploads\/2019\/11\/Gugu-aviao-vcp-gugu2.jpg?resize=250%2C141&amp;ssl=1 250w\" sizes=\"(max-width: 590px) 100vw, 590px\" \/><figcaption><em>Avi\u00e3o com corpo do apresentador Gugu Liberato pousa no Aeroporto Internacional de Viracopos, em Campinas \u2014 Foto: Reprodu\u00e7\u00e3o\/EPTV<\/em><\/figcaption><\/figure><\/div>\n\n\n\n<p>O voo com o corpo de Gugu Liberato chegou ao Aeroporto Internacional de Viracopos, em Campinas (SP), \u00e0s 6h01 desta quinta-feira (28). O vel\u00f3rio do apresentador ser\u00e1 na Assembleia Legislativa de S\u00e3o Paulo, na capital, a partir das 12h.<\/p>\n\n\n\n<p>Segundo a companhia a\u00e9rea, a aeronave A330, da Azul Linhas A\u00e9reas, que decolou de Orlando (EUA) na noite de quarta-feira (27), transportou o caix\u00e3o com o corpo do apresentador no por\u00e3o, local de costume para este tipo de translado.<\/p>\n\n\n\n<p>O avi\u00e3o tem capacidade para 271 pessoas e, apesar da urna funer\u00e1ria, fez o desembarque no terminal de passageiros. A fam\u00edlia de Gugu viajou ao Brasil no mesmo voo.<\/p>\n\n\n\n<p>A concession\u00e1ria Aeroportos Brasil, que administra Viracopos, informou que os familiares de Gugu, entre eles a m\u00e3e de 90 anos, esposa e os tr\u00eas filhos, passar\u00e3o pela imigra\u00e7\u00e3o normalmente e ser\u00e3o direcionados a uma \u00e1rea reservada para aguardar a libera\u00e7\u00e3o da urna com o corpo do apresentador.<\/p>\n\n\n\n<p>Depois, ter\u00e3o acesso ao transporte que os levar\u00e1 para S\u00e3o Paulo. A fam\u00edlia tamb\u00e9m pediu uma sala no terminal para preparar o corpo. Durante o desembarque do corpo, a movimenta\u00e7\u00e3o foi tranquila no aeroporto. Dois f\u00e3s do apresentador, moradores de Piracicaba, foram at\u00e9 o terminal para acompanhar a chegada.<\/p>\n\n\n\n<p>O caix\u00e3o ser\u00e1 recolhido por um carro funer\u00e1rio na pista do aeroporto e seguir\u00e1 para o terminal de cargas, segundo a concession\u00e1ria, para os procedimentos de imigra\u00e7\u00e3o. A Receita Federal preparou uma opera\u00e7\u00e3o para o recebimento do corpo e libera\u00e7\u00e3o para o translado at\u00e9 a capital paulista.<\/p>\n\n\n\n<p><em>\u201cO despacho de importa\u00e7\u00e3o de uma urna funer\u00e1ria \u00e9 realizado em car\u00e1ter priorit\u00e1rio e mediante rito sum\u00e1rio, logo ap\u00f3s a sua descarga, com base no respectivo conhecimento de carga ou documento de efeito equivalente, conforme o caso\u201d<\/em>, afirma o delegado da Receita Camilo Pinheiro Cremonez.<\/p>\n\n\n\n<div class=\"wp-block-image\"><figure class=\"aligncenter size-large\"><img decoding=\"async\" width=\"1344\" height=\"940\" src=\"https:\/\/i1.wp.com\/blogdoeloiltoncajuhy.com.br\/site\/wp-content\/uploads\/2019\/11\/gugu-liberato9.jpg?fit=590%2C413\" alt=\"\" class=\"wp-image-39138\" srcset=\"https:\/\/i0.wp.com\/blogdoeloiltoncajuhy.com.br\/site\/wp-content\/uploads\/2019\/11\/gugu-liberato9.jpg?w=1344&amp;ssl=1 1344w, https:\/\/i0.wp.com\/blogdoeloiltoncajuhy.com.br\/site\/wp-content\/uploads\/2019\/11\/gugu-liberato9.jpg?resize=300%2C210&amp;ssl=1 300w, https:\/\/i0.wp.com\/blogdoeloiltoncajuhy.com.br\/site\/wp-content\/uploads\/2019\/11\/gugu-liberato9.jpg?resize=1024%2C716&amp;ssl=1 1024w, https:\/\/i0.wp.com\/blogdoeloiltoncajuhy.com.br\/site\/wp-content\/uploads\/2019\/11\/gugu-liberato9.jpg?resize=768%2C537&amp;ssl=1 768w, https:\/\/i0.wp.com\/blogdoeloiltoncajuhy.com.br\/site\/wp-content\/uploads\/2019\/11\/gugu-liberato9.jpg?resize=250%2C175&amp;ssl=1 250w\" sizes=\"(max-width: 800px) 100vw, 800px\" \/><figcaption><em>Gugu Liberato durante coletiva de imprensa do reality show &#8216;Power Couple Brasil&#8217; na sede do programa em Itapecerica da Serra (SP), em abril deste ano \u2014 Foto: F\u00e1bio Guinalz\/Fotoarena\/Folhapress<\/em><\/figcaption><\/figure><\/div>\n\n\n\n<p>O corpo far\u00e1 o percurso at\u00e9 a Assembleia Legislativa no carro funer\u00e1rio, acompanhado por tr\u00eas viaturas da Pol\u00edcia Militar Rodovi\u00e1ria, sem paradas programadas, com trajeto pela Rodovia dos Bandeirantes, segundo informou a concession\u00e1ria Autoban. Segundo a assessoria de Gugu, n\u00e3o haver\u00e1 cortejo.<\/p>\n\n\n\n<p>A cerim\u00f4nia, que ser\u00e1 aberta ao p\u00fablico, deve come\u00e7ar por volta das 12h desta quinta e terminar \u00e0s 10h da sexta-feira (29). O corpo de Gugu ser\u00e1 velado em caix\u00e3o aberto. A entrada para o vel\u00f3rio ser\u00e1 pela Avenida Sargento M\u00e1rio Kozel Filho. Em seguida, o corpo ser\u00e1 enterrado no jazigo da fam\u00edlia no Cemit\u00e9rio Gets\u00eamani, no Morumbi, tamb\u00e9m na Zona Sul.<\/p>\n\n\n\n<p>Gugu sofreu um acidente em sua casa na Fl\u00f3rida, nos Estados Unidos, na quarta-feira (20). Ele tinha 60 anos e era pai de tr\u00eas filhos que teve com a m\u00e9dica Rose Miriam di Matteo: Jo\u00e3o Augusto, de 18 anos, e as g\u00eameas Marina e Sophia, de 15 anos.<\/p>\n","protected":false},"excerpt":{"rendered":"<p>Voo partiu de Orlando (EUA) e aterrissou no Aeroporto Internacional de Viracopos \u00e0s 6h01 desta quinta-feira (28). Receita Federal preparou opera\u00e7\u00e3o para recepcionar urna funer\u00e1ria e fam\u00edlia do apresentador Por Patr\u00edcia Teixeira, Paulo Gon\u00e7alves e Eduardo Rodrigues, G1 Campinas e Regi\u00e3o e EPTV O voo com o corpo de Gugu Liberato chegou ao Aeroporto Internacional [&hellip;]<\/p>\n","protected":false},"author":2,"featured_media":39138,"comment_status":"open","ping_status":"open","sticky":false,"template":"","format":"standard","meta":{"_acf_changed":false,"_monsterinsights_skip_tracking":false,"_monsterinsights_sitenote_active":false,"_monsterinsights_sitenote_note":"","_monsterinsights_sitenote_category":0,"_jetpack_memberships_contains_paid_content":false,"footnotes":"","jetpack_publicize_message":"","jetpack_publicize_feature_enabled":true,"jetpack_social_post_already_shared":true,"jetpack_social_options":{"image_generator_settings":{"template":"highway","default_image_id":0,"font":"","enabled":false},"version":2}},"categories":[5,1],"tags":[],"class_list":["post-39136","post","type-post","status-publish","format-standard","has-post-thumbnail","hentry","category-cotidiano","category-noticias"],"acf":[],"jetpack_publicize_connections":[],"jetpack_featured_media_url":"https:\/\/i0.wp.com\/blogdoeloiltoncajuhy.com.br\/site\/wp-content\/uploads\/2019\/11\/gugu-liberato9.jpg?fit=1344%2C940&ssl=1","jetpack_sharing_enabled":true,"publishpress_future_workflow_manual_trigger":{"enabledWorkflows":[]},"_links":{"self":[{"href":"https:\/\/blogdoeloiltoncajuhy.com.br\/site\/wp-json\/wp\/v2\/posts\/39136","targetHints":{"allow":["GET"]}}],"collection":[{"href":"https:\/\/blogdoeloiltoncajuhy.com.br\/site\/wp-json\/wp\/v2\/posts"}],"about":[{"href":"https:\/\/blogdoeloiltoncajuhy.com.br\/site\/wp-json\/wp\/v2\/types\/post"}],"author":[{"embeddable":true,"href":"https:\/\/blogdoeloiltoncajuhy.com.br\/site\/wp-json\/wp\/v2\/users\/2"}],"replies":[{"embeddable":true,"href":"https:\/\/blogdoeloiltoncajuhy.com.br\/site\/wp-json\/wp\/v2\/comments?post=39136"}],"version-history":[{"count":1,"href":"https:\/\/blogdoeloiltoncajuhy.com.br\/site\/wp-json\/wp\/v2\/posts\/39136\/revisions"}],"predecessor-version":[{"id":39139,"href":"https:\/\/blogdoeloiltoncajuhy.com.br\/site\/wp-json\/wp\/v2\/posts\/39136\/revisions\/39139"}],"wp:featuredmedia":[{"embeddable":true,"href":"https:\/\/blogdoeloiltoncajuhy.com.br\/site\/wp-json\/wp\/v2\/media\/39138"}],"wp:attachment":[{"href":"https:\/\/blogdoeloiltoncajuhy.com.br\/site\/wp-json\/wp\/v2\/media?parent=39136"}],"wp:term":[{"taxonomy":"category","embeddable":true,"href":"https:\/\/blogdoeloiltoncajuhy.com.br\/site\/wp-json\/wp\/v2\/categories?post=39136"},{"taxonomy":"post_tag","embeddable":true,"href":"https:\/\/blogdoeloiltoncajuhy.com.br\/site\/wp-json\/wp\/v2\/tags?post=39136"}],"curies":[{"name":"wp","href":"https:\/\/api.w.org\/{rel}","templated":true}]}}