{"id":39134,"date":"2019-11-27T19:20:42","date_gmt":"2019-11-27T22:20:42","guid":{"rendered":"http:\/\/blogdoeloiltoncajuhy.com.br\/site\/?p=39134"},"modified":"2019-11-27T19:20:48","modified_gmt":"2019-11-27T22:20:48","slug":"reflexao-a-esperanca-nao-morreu","status":"publish","type":"post","link":"https:\/\/blogdoeloiltoncajuhy.com.br\/site\/reflexao-a-esperanca-nao-morreu\/","title":{"rendered":"Reflex\u00e3o: A esperan\u00e7a n\u00e3o morreu!"},"content":{"rendered":"\n<h5 class=\"has-text-align-center wp-block-heading\"><em>O mundo se v\u00ea repleto de conflitos nacionais e internacionais. Sobre as na\u00e7\u00f5es, pairam o pessimismo e a melancolia. Todavia \u00e9 preciso acreditar que as coisas v\u00e3o se ajeitar, que a humanidade vai se levantar de novo. Vamos crer que o futuro vai ser muito melhor do que o presente<\/em><\/h5>\n\n\n\n<p><strong>Mensagens Com Amor<\/strong><\/p>\n\n\n\n<div class=\"wp-block-image\"><figure class=\"aligncenter size-large is-resized\"><img data-recalc-dims=\"1\" fetchpriority=\"high\" decoding=\"async\" src=\"https:\/\/i0.wp.com\/blogdoeloiltoncajuhy.com.br\/site\/wp-content\/uploads\/2019\/07\/Reflex%C3%A3o_0705.jpg?resize=479%2C319\" alt=\"\" class=\"wp-image-35730\" width=\"479\" height=\"319\" srcset=\"https:\/\/i0.wp.com\/blogdoeloiltoncajuhy.com.br\/site\/wp-content\/uploads\/2019\/07\/Reflex%C3%A3o_0705.jpg?w=638&amp;ssl=1 638w, https:\/\/i0.wp.com\/blogdoeloiltoncajuhy.com.br\/site\/wp-content\/uploads\/2019\/07\/Reflex%C3%A3o_0705.jpg?resize=300%2C200&amp;ssl=1 300w, https:\/\/i0.wp.com\/blogdoeloiltoncajuhy.com.br\/site\/wp-content\/uploads\/2019\/07\/Reflex%C3%A3o_0705.jpg?resize=250%2C167&amp;ssl=1 250w\" sizes=\"(max-width: 479px) 100vw, 479px\" \/><\/figure><\/div>\n\n\n\n<p class=\"has-text-align-center has-medium-font-size\"><strong>As coisas v\u00e3o melhorar<\/strong><\/p>\n\n\n\n<p>O mundo tem estado muito confuso ultimamente, n\u00e3o \u00e9? As coisas nem sempre s\u00e3o f\u00e1ceis, nem sempre s\u00e3o simples, especialmente num momento da nossa humanidade em que ningu\u00e9m realmente se importa com o outro. Mas n\u00f3s sempre podemos manter a esperan\u00e7a de que as coisas v\u00e3o melhorar, de que tudo vai ser diferente. N\u00f3s sempre podemos dar o nosso melhor para que as coisas realmente sejam diferentes. O que importa de fato \u00e9 o que n\u00f3s fazemos para que a vida seja diferente, para que a vida seja melhor. N\u00e3o importa o qu\u00e3o dif\u00edcil \u00e9, a gente tem que manter as energias positivas, tem que manter a cabe\u00e7a elevada para que a vida d\u00ea outras respostas, respostas melhores para todas essas situa\u00e7\u00f5es ruins que nos cercam.<\/p>\n\n\n\n<p class=\"has-text-align-center has-medium-font-size\"><strong>\u00c9 preciso uni\u00e3o<\/strong><\/p>\n\n\n\n<p>Mais do que tudo, nos dias de hoje, \u00e9 preciso que o povo se una. \u00c9 preciso que as pessoas pensem mais umas nas outras e acreditem que a mudan\u00e7a \u00e9 poss\u00edvel. Mais do que qualquer coisa, \u00e9 preciso que as pessoas entendam que podem fazer a diferen\u00e7a, que podem mudar o mundo. Basta persistir nas coisas boas. Se voc\u00ea ajuda algu\u00e9m que voc\u00ea nem conhecia, se voc\u00ea cuida de pessoas que voc\u00ea ama, se voc\u00ea se importa com os outros e tenta sempre dar o seu melhor, ent\u00e3o, unindo isso com atitudes de outras pessoas solid\u00e1rias, haver\u00e1 revolu\u00e7\u00e3o, haver\u00e1 mudan\u00e7a. A mudan\u00e7a est\u00e1 em n\u00f3s, est\u00e1 em nossas atitudes e depende apenas do que n\u00f3s colocamos em pr\u00e1tica no nosso dia a dia.<\/p>\n","protected":false},"excerpt":{"rendered":"<p>O mundo se v\u00ea repleto de conflitos nacionais e internacionais. Sobre as na\u00e7\u00f5es, pairam o pessimismo e a melancolia. Todavia \u00e9 preciso acreditar que as coisas v\u00e3o se ajeitar, que a humanidade vai se levantar de novo. Vamos crer que o futuro vai ser muito melhor do que o presente Mensagens Com Amor As coisas [&hellip;]<\/p>\n","protected":false},"author":2,"featured_media":0,"comment_status":"open","ping_status":"open","sticky":false,"template":"","format":"standard","meta":{"_acf_changed":false,"_monsterinsights_skip_tracking":false,"_monsterinsights_sitenote_active":false,"_monsterinsights_sitenote_note":"","_monsterinsights_sitenote_category":0,"_jetpack_memberships_contains_paid_content":false,"footnotes":"","jetpack_publicize_message":"","jetpack_publicize_feature_enabled":true,"jetpack_social_post_already_shared":true,"jetpack_social_options":{"image_generator_settings":{"template":"highway","default_image_id":0,"font":"","enabled":false},"version":2}},"categories":[1,9],"tags":[],"class_list":["post-39134","post","type-post","status-publish","format-standard","hentry","category-noticias","category-reflexao"],"acf":[],"jetpack_publicize_connections":[],"jetpack_featured_media_url":"","jetpack_sharing_enabled":true,"publishpress_future_workflow_manual_trigger":{"enabledWorkflows":[]},"_links":{"self":[{"href":"https:\/\/blogdoeloiltoncajuhy.com.br\/site\/wp-json\/wp\/v2\/posts\/39134","targetHints":{"allow":["GET"]}}],"collection":[{"href":"https:\/\/blogdoeloiltoncajuhy.com.br\/site\/wp-json\/wp\/v2\/posts"}],"about":[{"href":"https:\/\/blogdoeloiltoncajuhy.com.br\/site\/wp-json\/wp\/v2\/types\/post"}],"author":[{"embeddable":true,"href":"https:\/\/blogdoeloiltoncajuhy.com.br\/site\/wp-json\/wp\/v2\/users\/2"}],"replies":[{"embeddable":true,"href":"https:\/\/blogdoeloiltoncajuhy.com.br\/site\/wp-json\/wp\/v2\/comments?post=39134"}],"version-history":[{"count":1,"href":"https:\/\/blogdoeloiltoncajuhy.com.br\/site\/wp-json\/wp\/v2\/posts\/39134\/revisions"}],"predecessor-version":[{"id":39135,"href":"https:\/\/blogdoeloiltoncajuhy.com.br\/site\/wp-json\/wp\/v2\/posts\/39134\/revisions\/39135"}],"wp:attachment":[{"href":"https:\/\/blogdoeloiltoncajuhy.com.br\/site\/wp-json\/wp\/v2\/media?parent=39134"}],"wp:term":[{"taxonomy":"category","embeddable":true,"href":"https:\/\/blogdoeloiltoncajuhy.com.br\/site\/wp-json\/wp\/v2\/categories?post=39134"},{"taxonomy":"post_tag","embeddable":true,"href":"https:\/\/blogdoeloiltoncajuhy.com.br\/site\/wp-json\/wp\/v2\/tags?post=39134"}],"curies":[{"name":"wp","href":"https:\/\/api.w.org\/{rel}","templated":true}]}}