{"id":39131,"date":"2019-11-27T15:56:11","date_gmt":"2019-11-27T18:56:11","guid":{"rendered":"http:\/\/blogdoeloiltoncajuhy.com.br\/site\/?p=39131"},"modified":"2019-11-27T15:56:18","modified_gmt":"2019-11-27T18:56:18","slug":"cresce-para-39-o-numero-de-consumidores-que-so-devem-comprar-na-black-friday-se-descontos-valerem-a-pena","status":"publish","type":"post","link":"https:\/\/blogdoeloiltoncajuhy.com.br\/site\/cresce-para-39-o-numero-de-consumidores-que-so-devem-comprar-na-black-friday-se-descontos-valerem-a-pena\/","title":{"rendered":"Cresce para 39% o n\u00famero de consumidores que s\u00f3 devem comprar na Black Friday se descontos valerem a pena"},"content":{"rendered":"\n<h5 class=\"has-text-align-center wp-block-heading\"><em>Pesquisa mostra que houve um aumento sete pontos percentuais entre os que v\u00e3o avaliar ofertas antes de fechar neg\u00f3cio; metade tem inten\u00e7\u00e3o de participar do evento este ano. Gasto m\u00e9dio estimado por pessoa \u00e9 de R$ 1.132<\/em><\/h5>\n\n\n\n<p><strong>CNDL | SPC Brasil<\/strong><\/p>\n\n\n\n<div class=\"wp-block-image\"><figure class=\"aligncenter size-large is-resized\"><img data-recalc-dims=\"1\" fetchpriority=\"high\" decoding=\"async\" src=\"https:\/\/i0.wp.com\/blogdoeloiltoncajuhy.com.br\/site\/wp-content\/uploads\/2019\/11\/BlackFriday.jpg?resize=425%2C238\" alt=\"\" class=\"wp-image-39132\" width=\"425\" height=\"238\" srcset=\"https:\/\/i0.wp.com\/blogdoeloiltoncajuhy.com.br\/site\/wp-content\/uploads\/2019\/11\/BlackFriday.jpg?w=300&amp;ssl=1 300w, https:\/\/i0.wp.com\/blogdoeloiltoncajuhy.com.br\/site\/wp-content\/uploads\/2019\/11\/BlackFriday.jpg?resize=250%2C140&amp;ssl=1 250w\" sizes=\"(max-width: 425px) 100vw, 425px\" \/><\/figure><\/div>\n\n\n\n<p>Na pr\u00f3xima sexta-feira, dia 29 de novembro, ser\u00e1 realizada a 10\u00aa edi\u00e7\u00e3o da Black Friday no pa\u00eds. Ao se consolidar como uma das mais importantes datas para o varejo, a a\u00e7\u00e3o deve refletir um amadurecimento do consumidor, cada vez mais consciente em tomar cuidado para garantir as melhores ofertas e n\u00e3o ser enganado. \u00c9 o que aponta pesquisa realizada em todas as capitais do pa\u00eds pela Confedera\u00e7\u00e3o Nacional de Dirigentes Lojistas (CNDL) e pelo Servi\u00e7o de Prote\u00e7\u00e3o ao Cr\u00e9dito (SPC Brasil). Os dados revelam que este ano quatro em cada dez (39%) brasileiros s\u00f3 pretendem adquirir algum produto se as ofertas realmente valerem a pena \u2014 um crescimento de sete pontos percentuais em rela\u00e7\u00e3o a 2018. Em contrapartida, metade (50%) disse ter inten\u00e7\u00e3o de fazer compras na Black Friday. Apenas 11% n\u00e3o devem aproveitar as promo\u00e7\u00f5es. <\/p>\n\n\n\n<p>Esse comportamento do consumidor tamb\u00e9m pode ser observado na decis\u00e3o da compra. A pesquisa indica que nove em cada dez (91%) entrevistados planejam pesquisar pre\u00e7os antes de adquirir algum item, principalmente para confirmar se os produtos realmente est\u00e3o na promo\u00e7\u00e3o, ou seja, com pre\u00e7os mais baixos do que o normal (54%). Considerando aqueles que pretendem buscar informa\u00e7\u00f5es sobre as ofertas, 40% afirmaram que olhariam os pre\u00e7os a menos de 30 dias da Black Friday, enquanto 28% fariam pesquisa com um m\u00eas de anteced\u00eancia e 11% at\u00e9 dois meses  antes. Outros 13% s\u00f3 devem verificar pre\u00e7os no dia do evento. Os meios mais utilizados apontados para fazer a pesquisa s\u00e3o sites e aplicativos que fazem compara\u00e7\u00e3o de pre\u00e7os e produtos (55%), sites das lojas (52%) e portais de busca (42%).<\/p>\n\n\n\n<p>Na avalia\u00e7\u00e3o do presidente do SPC Brasil, Roque Pellizzaro Junior, a Black Friday deste ano promete ser diferente em rela\u00e7\u00e3o aos outros anos. <em>\u201cO consumidor brasileiro est\u00e1 mais exigente, em busca de experi\u00eancias e bons descontos. Tanto \u00e9 que j\u00e1 come\u00e7a a se preparar com anteced\u00eancia para as promo\u00e7\u00f5es e pesquisar as ofertas antes de sair comprando. Esse novo cen\u00e1rio abre oportunidades para o varejo que ter\u00e1 a chance de oferecer produtos com pre\u00e7os atrativos e alavancar as vendas, seja no ambiente f\u00edsico ou on-line\u201d<\/em>, destaca.<\/p>\n\n\n\n<p class=\"has-medium-font-size\"><strong>Gasto estimado com compras \u00e9 de R$ 1.132 por pessoa; 40% devem passar madrugada conectados \u00e0 internet para conseguir boas ofertas<\/strong><\/p>\n\n\n\n<p>Entre os que pretendem comprar produtos com descontos, 76% consideram a data uma oportunidade de adquirir itens que estejam precisando com pre\u00e7os mais baixos. Al\u00e9m disso, 32% querem antecipar os presentes de Natal de olho nas promo\u00e7\u00f5es e 17% planejam aproveitar as ofertas mesmo sem necessidade de comprar algo no momento. Em rela\u00e7\u00e3o aos que n\u00e3o pretendem fazer compras na Black Friday, os principais motivos apontados s\u00e3o falta de dinheiro (35%), prioridade em pagar d\u00edvidas (18%) e falta de necessidade de comprar algum produto (16%). Tamb\u00e9m h\u00e1 aqueles que n\u00e3o acreditam na veracidade dos descontos oferecidos, que somam 15% da amostra.<\/p>\n\n\n\n<p>Considerando os que realizaram compras no ano passado, 35% esperam adquirir mais produtos em 2019, 23% planejam comprar menos e 20% a mesma quantidade. Quanto \u00e0 inten\u00e7\u00e3o de gastos, os entrevistados est\u00e3o divididos: 32% pretendem desembolsar mais este ano e outros 32% menos.  Por outro lado, 24% devem gastar o mesmo valor. Entre os que t\u00eam inten\u00e7\u00e3o de gastar mais, 31% justificaram que v\u00e3o \u00e0s compras por precisarem adquirir mais produtos. Mesmo percentual (31%) pode ser observado entre os que afirmaram que pretendem comprar mais por terem economizado ao longo do ano para desembolsar na data.<\/p>\n\n\n\n<p>Em m\u00e9dia, os consumidores devem comprar cerca de tr\u00eas produtos e desembolsar R$ 1.132. No entanto, 40% dos entrevistados ainda n\u00e3o definiram o quanto pretendem gastar. De acordo com o levantamento, a expectativa dos consumidores para este ano \u00e9 de que haja um desconto m\u00e9dio de 45% nos produtos e servi\u00e7os ofertados.<\/p>\n\n\n\n<p>A pesquisa tamb\u00e9m investigou os locais que os consumidores devem fazer as compras. As lojas on-line (77%) mant\u00eam a prefer\u00eancia dos consumidores. Na sequ\u00eancia, aparecem as lojas f\u00edsicas (54%), como os shopping centers (33%), as lojas de rua e de bairros (28%) e os supermercados (16%). Outro dado aponta que 68% est\u00e3o evitando algum tipo de compra em outubro e novembro para aproveitar as ofertas da Black Friday. Al\u00e9m disso, quatro em cada dez (44%) consumidores pretendem comprar na semana do evento, enquanto 27% ir\u00e3o \u00e0s compras no dia e 13% pretendiam ir na primeira quinzena de novembro.<\/p>\n\n\n\n<p>Somente 18% devem madrugar na porta das lojas f\u00edsicas para garantir as compras, enquanto 73% n\u00e3o t\u00eam essa inten\u00e7\u00e3o. Ao mesmo tempo, 61% dos que trabalham esperam se manter conectados durante o expediente para ficar sabendo das melhores ofertas e 40% devem passar a madrugada conectados \u00e0 internet para garantir a compra dos produtos. <\/p>\n\n\n\n<p class=\"has-medium-font-size\"><strong>Itens de vestu\u00e1rio, eletrodom\u00e9sticos e smartphones lideram ranking de produtos mais procurados; 72% planejam pagar compras \u00e0 vista<\/strong><\/p>\n\n\n\n<p>Na lista de itens mais procurados, as roupas lideram a lista de compras dos consumidores, com 36% das men\u00e7\u00f5es. Os eletrodom\u00e9sticos aparecem em segundo lugar no ranking (31%), representando um aumento de 6 pontos percentuais na compara\u00e7\u00e3o com 2018. Cal\u00e7ados ocupam a terceira posi\u00e7\u00e3o (29%), enquanto celulares e smartphones v\u00eam na sequ\u00eancia (28%) entre os produtos que devem ser mais adquiridos nesta Black Friday.<\/p>\n\n\n\n<p>De acordo com o levantamento, sete em cada dez (72%) entrevistados querem pagar pelas compras \u00e0 vista \u2014 crescimento de 7,3 pontos percentuais em rela\u00e7\u00e3o a 2018 \u2014, principalmente em dinheiro (48%) e no cart\u00e3o de d\u00e9bito (34%). Ao mesmo tempo, 73% mencionaram optar pelo cr\u00e9dito, em especial a modalidade de cart\u00e3o de cr\u00e9dito parcelado (45%) e cart\u00e3o de cr\u00e9dito em parcela \u00fanica (26%). No caso dos consumidores que ir\u00e3o pagar de forma parcelada, a m\u00e9dia ser\u00e1 de seis presta\u00e7\u00f5es.<\/p>\n\n\n\n<p>\u201c\u00c9 um sinal positivo parte significativa dos consumidores sinalizarem que devem realizar as compras \u00e0 vista, sem se endividar. O pa\u00eds atravessa um momento delicado, de recupera\u00e7\u00e3o t\u00edmida e gradual na economia, ainda com poucos reflexos pr\u00e1ticos e favor\u00e1veis para a popula\u00e7\u00e3o. Muitas pessoas t\u00eam se esfor\u00e7ando para manter as contas em dia. Vale lembrar ainda que h\u00e1 os gastos com compras de Natal e compromissos de in\u00edcio de ano, que incluem despesas com escola, IPTU, e IPVA, por exemplo. O ideal, portanto, \u00e9 planejar bem o or\u00e7amento\u201d, orienta a economista-chefe do SPC Brasil, Marcela Kawauti.<\/p>\n\n\n\n<p class=\"has-medium-font-size\"><strong>Maioria dos entrevistados achou que Black Friday 2018 teve ofertas reais; 42% compraram por impulso e 11% ficaram com nome sujo<\/strong><\/p>\n\n\n\n<p>Questionados sobre a experi\u00eancia com a Black Friday 2018, 81% dos que fizeram compras consideram que valeu a pena. Para a maioria (91%), os descontos anunciados pelas lojas foram reais e 86% n\u00e3o encontraram problemas com as compras. Apenas 12% enfrentaram algum tipo de contratempo, especialmente com os descontos n\u00e3o aplicados ao efetuar o pagamento (4%). Entre os que tiveram problema na edi\u00e7\u00e3o passada, 60% destacam que conseguiram resolv\u00ea-lo, embora 40% n\u00e3o tenham conseguido.<\/p>\n\n\n\n<p>A pesquisa revela que um em cada cinco entrevistados admite que costuma gastar mais do que pode com as compras na Black Friday (22%). Ainda mais preocupante \u00e9 o fato de que 7% pretendem deixar de pagar alguma conta para aproveitar as ofertas, e muitos desses potenciais compradores est\u00e3o inadimplentes (22%).  Apesar de seis em cada dez entrevistados (57%) terem planejado a maioria das suas compras no evento do \u00faltimo ano, 42% reconhecem ter comprado por impulso e 11% ficaram com o nome sujo. Dentre os consumidores que ficaram negativados por causa de compras feitas no per\u00edodo, 8% j\u00e1 limparam o nome e 3% ainda est\u00e3o com restri\u00e7\u00e3o no CPF.<\/p>\n","protected":false},"excerpt":{"rendered":"<p>Pesquisa mostra que houve um aumento sete pontos percentuais entre os que v\u00e3o avaliar ofertas antes de fechar neg\u00f3cio; metade tem inten\u00e7\u00e3o de participar do evento este ano. Gasto m\u00e9dio estimado por pessoa \u00e9 de R$ 1.132 CNDL | SPC Brasil Na pr\u00f3xima sexta-feira, dia 29 de novembro, ser\u00e1 realizada a 10\u00aa edi\u00e7\u00e3o da Black [&hellip;]<\/p>\n","protected":false},"author":2,"featured_media":39132,"comment_status":"open","ping_status":"open","sticky":false,"template":"","format":"standard","meta":{"_acf_changed":false,"_monsterinsights_skip_tracking":false,"_monsterinsights_sitenote_active":false,"_monsterinsights_sitenote_note":"","_monsterinsights_sitenote_category":0,"_jetpack_memberships_contains_paid_content":false,"footnotes":"","jetpack_publicize_message":"","jetpack_publicize_feature_enabled":true,"jetpack_social_post_already_shared":true,"jetpack_social_options":{"image_generator_settings":{"template":"highway","default_image_id":0,"font":"","enabled":false},"version":2}},"categories":[5,1],"tags":[],"class_list":["post-39131","post","type-post","status-publish","format-standard","has-post-thumbnail","hentry","category-cotidiano","category-noticias"],"acf":[],"jetpack_publicize_connections":[],"jetpack_featured_media_url":"https:\/\/i0.wp.com\/blogdoeloiltoncajuhy.com.br\/site\/wp-content\/uploads\/2019\/11\/BlackFriday.jpg?fit=300%2C168&ssl=1","jetpack_sharing_enabled":true,"publishpress_future_workflow_manual_trigger":{"enabledWorkflows":[]},"_links":{"self":[{"href":"https:\/\/blogdoeloiltoncajuhy.com.br\/site\/wp-json\/wp\/v2\/posts\/39131","targetHints":{"allow":["GET"]}}],"collection":[{"href":"https:\/\/blogdoeloiltoncajuhy.com.br\/site\/wp-json\/wp\/v2\/posts"}],"about":[{"href":"https:\/\/blogdoeloiltoncajuhy.com.br\/site\/wp-json\/wp\/v2\/types\/post"}],"author":[{"embeddable":true,"href":"https:\/\/blogdoeloiltoncajuhy.com.br\/site\/wp-json\/wp\/v2\/users\/2"}],"replies":[{"embeddable":true,"href":"https:\/\/blogdoeloiltoncajuhy.com.br\/site\/wp-json\/wp\/v2\/comments?post=39131"}],"version-history":[{"count":1,"href":"https:\/\/blogdoeloiltoncajuhy.com.br\/site\/wp-json\/wp\/v2\/posts\/39131\/revisions"}],"predecessor-version":[{"id":39133,"href":"https:\/\/blogdoeloiltoncajuhy.com.br\/site\/wp-json\/wp\/v2\/posts\/39131\/revisions\/39133"}],"wp:featuredmedia":[{"embeddable":true,"href":"https:\/\/blogdoeloiltoncajuhy.com.br\/site\/wp-json\/wp\/v2\/media\/39132"}],"wp:attachment":[{"href":"https:\/\/blogdoeloiltoncajuhy.com.br\/site\/wp-json\/wp\/v2\/media?parent=39131"}],"wp:term":[{"taxonomy":"category","embeddable":true,"href":"https:\/\/blogdoeloiltoncajuhy.com.br\/site\/wp-json\/wp\/v2\/categories?post=39131"},{"taxonomy":"post_tag","embeddable":true,"href":"https:\/\/blogdoeloiltoncajuhy.com.br\/site\/wp-json\/wp\/v2\/tags?post=39131"}],"curies":[{"name":"wp","href":"https:\/\/api.w.org\/{rel}","templated":true}]}}