{"id":39128,"date":"2019-11-27T15:05:40","date_gmt":"2019-11-27T18:05:40","guid":{"rendered":"http:\/\/blogdoeloiltoncajuhy.com.br\/site\/?p=39128"},"modified":"2019-11-27T15:05:46","modified_gmt":"2019-11-27T18:05:46","slug":"jaguarari-programa-morar-bem-viver-melhor-e-enviado-a-camara-para-aprovacao","status":"publish","type":"post","link":"https:\/\/blogdoeloiltoncajuhy.com.br\/site\/jaguarari-programa-morar-bem-viver-melhor-e-enviado-a-camara-para-aprovacao\/","title":{"rendered":"Jaguarari: Programa Morar Bem, Viver Melhor \u00e9 enviado \u00e0 C\u00e2mara para aprova\u00e7\u00e3o"},"content":{"rendered":"\n<p><strong>ASCOM &#8211; Prefeitura de Jaguarari-BA<\/strong><\/p>\n\n\n\n<div class=\"wp-block-image\"><figure class=\"aligncenter size-large is-resized\"><img data-recalc-dims=\"1\" fetchpriority=\"high\" decoding=\"async\" src=\"https:\/\/i0.wp.com\/blogdoeloiltoncajuhy.com.br\/site\/wp-content\/uploads\/2019\/11\/PMJ_MorarBemViverMelhor.jpg?resize=361%2C411\" alt=\"\" class=\"wp-image-39129\" width=\"361\" height=\"411\" srcset=\"https:\/\/i0.wp.com\/blogdoeloiltoncajuhy.com.br\/site\/wp-content\/uploads\/2019\/11\/PMJ_MorarBemViverMelhor.jpg?w=843&amp;ssl=1 843w, https:\/\/i0.wp.com\/blogdoeloiltoncajuhy.com.br\/site\/wp-content\/uploads\/2019\/11\/PMJ_MorarBemViverMelhor.jpg?resize=264%2C300&amp;ssl=1 264w, https:\/\/i0.wp.com\/blogdoeloiltoncajuhy.com.br\/site\/wp-content\/uploads\/2019\/11\/PMJ_MorarBemViverMelhor.jpg?resize=768%2C874&amp;ssl=1 768w, https:\/\/i0.wp.com\/blogdoeloiltoncajuhy.com.br\/site\/wp-content\/uploads\/2019\/11\/PMJ_MorarBemViverMelhor.jpg?resize=220%2C250&amp;ssl=1 220w\" sizes=\"(max-width: 361px) 100vw, 361px\" \/><\/figure><\/div>\n\n\n\n<p>Na ultima segunda-feira (25), o prefeito de Jaguarari Everton Rocha, enviou \u00e0 C\u00e2mara de Vereadores, Projeto de Lei N\u00ba 023\/2019 que trata do &#8220;Programa Morar Bem, Viver Melhor\u201d, que tem como objetivo promover reformas em resid\u00eancias prec\u00e1rias por todo munic\u00edpio. <\/p>\n\n\n\n<p>O projeto de lei foi assinado na ultima sexta-feira (22) durante o encontro do prefeito com o Secret\u00e1rio de Desenvolvimento Social, Ricardo Augusto, em seu gabinete.<\/p>\n\n\n\n<p>Se aprovado pelo poder legislativo, o &#8220;Programa Morar Bem, Viver Melhor\u201d vai beneficiar pessoas deficientes, vi\u00favas, idosos e principalmente pessoas de baixa renda, oferecendo os seguintes servi\u00e7os:<br>1 \u2013 Instala\u00e7\u00f5es Sanit\u00e1rias;<br>2 &#8211; Servi\u00e7os de Pintura e Reboco;<br>3 \u2013 Recupera\u00e7\u00e3o ou troca de telhado;<br>4 \u2013 Troca de esquadrias (portas, janelas, port\u00f5es e venezianas).<\/p>\n\n\n\n<p>O Projeto foi protocolado e segue para a aprecia\u00e7\u00e3o dos vereadores, que dever\u00e3o analisar e colocar em vota\u00e7\u00e3o. Aprovado o projeto, o executivo municipal inicia suas a\u00e7\u00f5es de forma imediata.<\/p>\n\n\n\n<p>O prefeito Everton Rocha se mostrou feliz com o envio do PL, j\u00e1 que essa era sua ideia desde a campanha eleitoral. <em>&#8220;Com esse programa poderemos dar conforto e uma condi\u00e7\u00e3o de vida melhor a popula\u00e7\u00e3o que tem a sua casa, mas que por alguma raz\u00e3o n\u00e3o teve condi\u00e7\u00f5es de concluir e essa apresenta riscos a sua sa\u00fade. Esse programa beneficiar\u00e1 quem mais precisa\u201d<\/em>, pontuou o Prefeito Everton Rocha.<\/p>\n","protected":false},"excerpt":{"rendered":"<p>ASCOM &#8211; Prefeitura de Jaguarari-BA Na ultima segunda-feira (25), o prefeito de Jaguarari Everton Rocha, enviou \u00e0 C\u00e2mara de Vereadores, Projeto de Lei N\u00ba 023\/2019 que trata do &#8220;Programa Morar Bem, Viver Melhor\u201d, que tem como objetivo promover reformas em resid\u00eancias prec\u00e1rias por todo munic\u00edpio. O projeto de lei foi assinado na ultima sexta-feira (22) [&hellip;]<\/p>\n","protected":false},"author":2,"featured_media":39129,"comment_status":"open","ping_status":"open","sticky":false,"template":"","format":"standard","meta":{"_acf_changed":false,"_monsterinsights_skip_tracking":false,"_monsterinsights_sitenote_active":false,"_monsterinsights_sitenote_note":"","_monsterinsights_sitenote_category":0,"_jetpack_memberships_contains_paid_content":false,"footnotes":"","jetpack_publicize_message":"","jetpack_publicize_feature_enabled":true,"jetpack_social_post_already_shared":true,"jetpack_social_options":{"image_generator_settings":{"template":"highway","default_image_id":0,"font":"","enabled":false},"version":2}},"categories":[1,3,11],"tags":[],"class_list":["post-39128","post","type-post","status-publish","format-standard","has-post-thumbnail","hentry","category-noticias","category-politica","category-regional"],"acf":[],"jetpack_publicize_connections":[],"jetpack_featured_media_url":"https:\/\/i0.wp.com\/blogdoeloiltoncajuhy.com.br\/site\/wp-content\/uploads\/2019\/11\/PMJ_MorarBemViverMelhor.jpg?fit=843%2C959&ssl=1","jetpack_sharing_enabled":true,"publishpress_future_workflow_manual_trigger":{"enabledWorkflows":[]},"_links":{"self":[{"href":"https:\/\/blogdoeloiltoncajuhy.com.br\/site\/wp-json\/wp\/v2\/posts\/39128","targetHints":{"allow":["GET"]}}],"collection":[{"href":"https:\/\/blogdoeloiltoncajuhy.com.br\/site\/wp-json\/wp\/v2\/posts"}],"about":[{"href":"https:\/\/blogdoeloiltoncajuhy.com.br\/site\/wp-json\/wp\/v2\/types\/post"}],"author":[{"embeddable":true,"href":"https:\/\/blogdoeloiltoncajuhy.com.br\/site\/wp-json\/wp\/v2\/users\/2"}],"replies":[{"embeddable":true,"href":"https:\/\/blogdoeloiltoncajuhy.com.br\/site\/wp-json\/wp\/v2\/comments?post=39128"}],"version-history":[{"count":1,"href":"https:\/\/blogdoeloiltoncajuhy.com.br\/site\/wp-json\/wp\/v2\/posts\/39128\/revisions"}],"predecessor-version":[{"id":39130,"href":"https:\/\/blogdoeloiltoncajuhy.com.br\/site\/wp-json\/wp\/v2\/posts\/39128\/revisions\/39130"}],"wp:featuredmedia":[{"embeddable":true,"href":"https:\/\/blogdoeloiltoncajuhy.com.br\/site\/wp-json\/wp\/v2\/media\/39129"}],"wp:attachment":[{"href":"https:\/\/blogdoeloiltoncajuhy.com.br\/site\/wp-json\/wp\/v2\/media?parent=39128"}],"wp:term":[{"taxonomy":"category","embeddable":true,"href":"https:\/\/blogdoeloiltoncajuhy.com.br\/site\/wp-json\/wp\/v2\/categories?post=39128"},{"taxonomy":"post_tag","embeddable":true,"href":"https:\/\/blogdoeloiltoncajuhy.com.br\/site\/wp-json\/wp\/v2\/tags?post=39128"}],"curies":[{"name":"wp","href":"https:\/\/api.w.org\/{rel}","templated":true}]}}