{"id":39123,"date":"2019-11-27T10:06:46","date_gmt":"2019-11-27T13:06:46","guid":{"rendered":"http:\/\/blogdoeloiltoncajuhy.com.br\/site\/?p=39123"},"modified":"2019-11-27T10:07:49","modified_gmt":"2019-11-27T13:07:49","slug":"abastecimento-de-agua-ja-foi-retomado-nos-municipios-afetados-pela-queda-generalizada-de-energia-eletrica","status":"publish","type":"post","link":"https:\/\/blogdoeloiltoncajuhy.com.br\/site\/abastecimento-de-agua-ja-foi-retomado-nos-municipios-afetados-pela-queda-generalizada-de-energia-eletrica\/","title":{"rendered":"Abastecimento de \u00e1gua \u00e9 retomado nos munic\u00edpios afetados pela queda generalizada de energia el\u00e9trica"},"content":{"rendered":"\n<p><strong>Assessoria de Comunica\u00e7\u00e3o da Embasa<\/strong><\/p>\n\n\n\n<div class=\"wp-block-image\"><figure class=\"aligncenter size-large is-resized\"><img data-recalc-dims=\"1\" fetchpriority=\"high\" decoding=\"async\" src=\"https:\/\/i0.wp.com\/blogdoeloiltoncajuhy.com.br\/site\/wp-content\/uploads\/2019\/09\/agua-gelada-02.jpg?resize=465%2C289\" alt=\"\" class=\"wp-image-36992\" width=\"465\" height=\"289\" srcset=\"https:\/\/i0.wp.com\/blogdoeloiltoncajuhy.com.br\/site\/wp-content\/uploads\/2019\/09\/agua-gelada-02.jpg?w=620&amp;ssl=1 620w, https:\/\/i0.wp.com\/blogdoeloiltoncajuhy.com.br\/site\/wp-content\/uploads\/2019\/09\/agua-gelada-02.jpg?resize=300%2C186&amp;ssl=1 300w, https:\/\/i0.wp.com\/blogdoeloiltoncajuhy.com.br\/site\/wp-content\/uploads\/2019\/09\/agua-gelada-02.jpg?resize=250%2C155&amp;ssl=1 250w\" sizes=\"(max-width: 465px) 100vw, 465px\" \/><\/figure><\/div>\n\n\n\n<p>A Coelba j\u00e1 restabeleceu o fornecimento da energia el\u00e9trica nos locais onde a Embasa realiza a capta\u00e7\u00e3o, tratamento e distribui\u00e7\u00e3o de \u00e1gua para os munic\u00edpios das regi\u00f5es Norte e Centro-Norte da Bahia. Ainda ontem (26), a Embasa reiniciou os servi\u00e7os relacionados ao abastecimento de \u00e1gua nos munic\u00edpios afetados e prev\u00ea regularizar o atendimento em at\u00e9 48h.<\/p>\n\n\n\n<p>Foram prejudicados os munic\u00edpios de Senhor do Bonfim, Andorinha, Jaguarari (inclusive Pilar), Filad\u00e9lfia, Iti\u00faba, Caldeir\u00e3o Grande, Ponto Novo, Campo Formoso, Ant\u00f4nio Gon\u00e7alves, Cansan\u00e7\u00e3o, Monte Santo, Nordestina, Quijingue, Capim Grosso, V\u00e1rzea da Ro\u00e7a, S\u00e3o Jos\u00e9 do Jacu\u00edpe, V\u00e1rzea do Po\u00e7o, Quixabeira, Mairi, Ca\u00e9m (distritos e povoados), Jacobina (localidades atendidas pela Barragem de Pedras Altas) e Uau\u00e1.<\/p>\n\n\n\n<p>A empresa recomenda aos moradores destes locais que continuem economizando \u00e1gua durante este per\u00edodo at\u00e9 a completa normaliza\u00e7\u00e3o dos servi\u00e7os de fornecimento.<\/p>\n","protected":false},"excerpt":{"rendered":"<p>Assessoria de Comunica\u00e7\u00e3o da Embasa A Coelba j\u00e1 restabeleceu o fornecimento da energia el\u00e9trica nos locais onde a Embasa realiza a capta\u00e7\u00e3o, tratamento e distribui\u00e7\u00e3o de \u00e1gua para os munic\u00edpios das regi\u00f5es Norte e Centro-Norte da Bahia. Ainda ontem (26), a Embasa reiniciou os servi\u00e7os relacionados ao abastecimento de \u00e1gua nos munic\u00edpios afetados e prev\u00ea [&hellip;]<\/p>\n","protected":false},"author":2,"featured_media":0,"comment_status":"open","ping_status":"open","sticky":false,"template":"","format":"standard","meta":{"_acf_changed":false,"_monsterinsights_skip_tracking":false,"_monsterinsights_sitenote_active":false,"_monsterinsights_sitenote_note":"","_monsterinsights_sitenote_category":0,"_jetpack_memberships_contains_paid_content":false,"footnotes":"","jetpack_publicize_message":"","jetpack_publicize_feature_enabled":true,"jetpack_social_post_already_shared":true,"jetpack_social_options":{"image_generator_settings":{"template":"highway","default_image_id":0,"font":"","enabled":false},"version":2}},"categories":[5,1,4],"tags":[],"class_list":["post-39123","post","type-post","status-publish","format-standard","hentry","category-cotidiano","category-noticias","category-local"],"acf":[],"jetpack_publicize_connections":[],"jetpack_featured_media_url":"","jetpack_sharing_enabled":true,"publishpress_future_workflow_manual_trigger":{"enabledWorkflows":[]},"_links":{"self":[{"href":"https:\/\/blogdoeloiltoncajuhy.com.br\/site\/wp-json\/wp\/v2\/posts\/39123","targetHints":{"allow":["GET"]}}],"collection":[{"href":"https:\/\/blogdoeloiltoncajuhy.com.br\/site\/wp-json\/wp\/v2\/posts"}],"about":[{"href":"https:\/\/blogdoeloiltoncajuhy.com.br\/site\/wp-json\/wp\/v2\/types\/post"}],"author":[{"embeddable":true,"href":"https:\/\/blogdoeloiltoncajuhy.com.br\/site\/wp-json\/wp\/v2\/users\/2"}],"replies":[{"embeddable":true,"href":"https:\/\/blogdoeloiltoncajuhy.com.br\/site\/wp-json\/wp\/v2\/comments?post=39123"}],"version-history":[{"count":2,"href":"https:\/\/blogdoeloiltoncajuhy.com.br\/site\/wp-json\/wp\/v2\/posts\/39123\/revisions"}],"predecessor-version":[{"id":39125,"href":"https:\/\/blogdoeloiltoncajuhy.com.br\/site\/wp-json\/wp\/v2\/posts\/39123\/revisions\/39125"}],"wp:attachment":[{"href":"https:\/\/blogdoeloiltoncajuhy.com.br\/site\/wp-json\/wp\/v2\/media?parent=39123"}],"wp:term":[{"taxonomy":"category","embeddable":true,"href":"https:\/\/blogdoeloiltoncajuhy.com.br\/site\/wp-json\/wp\/v2\/categories?post=39123"},{"taxonomy":"post_tag","embeddable":true,"href":"https:\/\/blogdoeloiltoncajuhy.com.br\/site\/wp-json\/wp\/v2\/tags?post=39123"}],"curies":[{"name":"wp","href":"https:\/\/api.w.org\/{rel}","templated":true}]}}