{"id":39121,"date":"2019-11-27T09:38:53","date_gmt":"2019-11-27T12:38:53","guid":{"rendered":"http:\/\/blogdoeloiltoncajuhy.com.br\/site\/?p=39121"},"modified":"2019-11-27T09:38:59","modified_gmt":"2019-11-27T12:38:59","slug":"veja-o-resumo-da-sessao-ordinaria-da-camara-municipal-de-senhor-do-bonfim-desta-terca-feira-26","status":"publish","type":"post","link":"https:\/\/blogdoeloiltoncajuhy.com.br\/site\/veja-o-resumo-da-sessao-ordinaria-da-camara-municipal-de-senhor-do-bonfim-desta-terca-feira-26\/","title":{"rendered":"Veja o resumo da sess\u00e3o ordin\u00e1ria da C\u00e2mara Municipal de Senhor do Bonfim desta ter\u00e7a-feira (26)"},"content":{"rendered":"\n<p><strong>ASCOM &#8211; C\u00e2mara Municipal de Senhor do Bonfim-BA<\/strong><\/p>\n\n\n\n<figure class=\"wp-block-embed-youtube aligncenter wp-block-embed is-type-video is-provider-youtube wp-embed-aspect-16-9 wp-has-aspect-ratio\"><div class=\"wp-block-embed__wrapper\">\n<iframe title=\"30\u00aa Sess\u00e3o Ordin\u00e1ria do 2\u00ba PO [26\/11\/2019]\" width=\"800\" height=\"450\" src=\"https:\/\/www.youtube.com\/embed\/ECyIepQHrFM?start=3&#038;feature=oembed\" frameborder=\"0\" allow=\"accelerometer; autoplay; encrypted-media; gyroscope; picture-in-picture\" allowfullscreen><\/iframe>\n<\/div><\/figure>\n\n\n\n<p>Nesta ter\u00e7a-feira, 26 de novembro, foi realizada a 30\u00aa Sess\u00e3o Ordin\u00e1ria do 2\u00ba Per\u00edodo Ordin\u00e1rio, do ano de 2019, da C\u00e2mara Municipal de Senhor do Bonfim. Conduzida pelo Presidente da Casa, vereador Cleiton Vieira, o Sr. Presidente determina que seja feita a chamada dos vereadores, onde havendo n\u00famero legal \u00e9 declarada aberta a sess\u00e3o. Em seguida, atendendo o Regimento Interno, foi lida e encaminhada a ata da sess\u00e3o anterior. Depois, colocada em discuss\u00e3o e, ningu\u00e9m querendo discutir, \u00e9 colocada em vota\u00e7\u00e3o, sendo aprovada.<\/p>\n\n\n\n<p class=\"has-medium-font-size\"><strong>Passa-se \u00e0 leitura do expediente, que consta das seguintes mat\u00e9rias:<\/strong> <\/p>\n\n\n\n<p>PROJETO DE LEI DO LEGISLATIVO N\u00ba 041\/2019, de autoria do vereador Elizeu Concei\u00e7\u00e3o de Souza, que \u201cDisp\u00f5e sobre aplica\u00e7\u00e3o de multa para os praticantes de trotes para o SAMU \u2013 Servi\u00e7o de Assist\u00eancia M\u00e9dica de Urg\u00eancia ou para PM \u2013 Pol\u00edcia Militar e d\u00e1 outras provid\u00eancias\u201d; <\/p>\n\n\n\n<p>PEDIDO DE PROVID\u00caNCIA N\u00ba 019\/2019, de autoria da vereadora L\u00facia Cristina Souza Cerqueira, que solicita que \u201cseja feita, atrav\u00e9s da Secretaria de Infraestrutura, a reposi\u00e7\u00e3o de oito l\u00e2mpadas nos postes do Povoado de Cariac\u00e1, cinco no Povoado de Morrinhos e cinco no Povoado de Cachoeirinha, Munic\u00edpio de Senhor do Bonfim\u201d; <\/p>\n\n\n\n<p>PEDIDO DE PROVID\u00caNCIA N\u00ba 079\/2019, de autoria do vereador La\u00e9rcio Muniz de Azevedo J\u00fanior, solicita que \u201ca Secretaria Municipal de Infraestrutura promova a melhoria da ilumina\u00e7\u00e3o p\u00fablica na Quadra A, Caminho N, bairro Casas Populares, fazendo a reposi\u00e7\u00e3o de l\u00e2mpadas\u201d; <\/p>\n\n\n\n<p>PEDIDO DE PROVID\u00caNCIA N\u00ba 080\/2019, de autoria do vereador La\u00e9rcio Muniz de Azevedo J\u00fanior, solicita que \u201ca Secretaria Municipal de Infraestrutura promova a melhoria do cal\u00e7amento da via p\u00fablica, Quadra A, Caminho N, Bairro Casas Populares\u201d. <\/p>\n\n\n\n<p>Durante a leitura do expediente entram no plen\u00e1rio, os Vereadores CARLOS ALBERTO DIAS DOS SANTOS, HERM\u00d3GENES GOMES DE ALMEIDA, EDSON RIBEIRO DA SILVA e GERIVALDO RIBEIRO SAMPAIO, que assinam o livro de presen\u00e7a e tomam assento em suas cadeiras. O Sr. Presidente passa para ordem dos vereadores inscritos e franqueia a palavra ao primeiro, Vereador HERM\u00d3GENES GOMES DE ALMEIDA.<\/p>\n\n\n\n<p>Dando continuidade, franqueia a palavra ao segundo, Vereador JO\u00c3O CARLOS DE CASTRO. Franqueia a palavra ao terceiro, Vereador LA\u00c9RCIO MUNIZ DE AZEVEDO J\u00daNIOR. Franqueia a palavra ao quarto, Vereador JORGE SOUZA E SILVA FILHO. Franqueia a palavra ao quinto, Vereador ELIZEU CONCEI\u00c7\u00c3O DE SOUZA. Franqueia a palavra ao sexto, Vereador REINALDO FERREIRA SANTANA.<\/p>\n\n\n\n<div class=\"wp-block-image\"><figure class=\"aligncenter size-large\"><img data-recalc-dims=\"1\" fetchpriority=\"high\" decoding=\"async\" width=\"800\" height=\"533\" src=\"https:\/\/i0.wp.com\/blogdoeloiltoncajuhy.com.br\/site\/wp-content\/uploads\/2019\/07\/CMSB_Sessao25julho2019.jpg?resize=800%2C533\" alt=\"\" class=\"wp-image-35929\" srcset=\"https:\/\/i0.wp.com\/blogdoeloiltoncajuhy.com.br\/site\/wp-content\/uploads\/2019\/07\/CMSB_Sessao25julho2019.jpg?resize=1024%2C682&amp;ssl=1 1024w, https:\/\/i0.wp.com\/blogdoeloiltoncajuhy.com.br\/site\/wp-content\/uploads\/2019\/07\/CMSB_Sessao25julho2019.jpg?resize=300%2C200&amp;ssl=1 300w, https:\/\/i0.wp.com\/blogdoeloiltoncajuhy.com.br\/site\/wp-content\/uploads\/2019\/07\/CMSB_Sessao25julho2019.jpg?resize=768%2C512&amp;ssl=1 768w, https:\/\/i0.wp.com\/blogdoeloiltoncajuhy.com.br\/site\/wp-content\/uploads\/2019\/07\/CMSB_Sessao25julho2019.jpg?resize=250%2C167&amp;ssl=1 250w, https:\/\/i0.wp.com\/blogdoeloiltoncajuhy.com.br\/site\/wp-content\/uploads\/2019\/07\/CMSB_Sessao25julho2019.jpg?w=1280&amp;ssl=1 1280w\" sizes=\"(max-width: 800px) 100vw, 800px\" \/><\/figure><\/div>\n\n\n\n<p>Passa-se para a <strong>ORDEM DO DIA<\/strong> que n\u00e3o consta de nenhuma mat\u00e9ria. N\u00e3o havendo nenhuma mat\u00e9ria para ser lida e discutida, o Sr. Presidente passa a franquear a palavra aos vereadores por inscri\u00e7\u00e3o de Bancadas, sendo franqueada a primeira bancada PRTB\/PSD, composta pelos vereadores Jo\u00e3o Carlos de Castro, Jorge Souza e Silva Filho e Reinaldo Ferreira Santana e usa da palavra o Vereador JO\u00c3O CARLOS DE CASTRO. Usa da palavra o Vereador REINALDO FERREIRA SANTANA.<\/p>\n\n\n\n<p>\u00c9 franqueada a segunda bancada PT\/PROS, composta pelos vereadores Herm\u00f3genes Gomes de Almeida, Elizeu Concei\u00e7\u00e3o de Souza, Edson Ribeiro da Silva e Reinaldo Jos\u00e9 da Silva e usa da palavra o Vereador HERM\u00d3GENES GOMES DE ALMEIDA. Usa da palavra o Vereador ELIZEU CONCEI\u00c7\u00c3O DE SOUZA.<\/p>\n\n\n\n<p>\u00c9 franqueada a terceira bancada PCdoB\/PSB\/PRB, composta pelos vereadores Andreilto de Almeida Barbosa, Alexandre Ferreira, Carlos Alberto Dias dos Santos e a Vereadora L\u00facia Cristina Souza Cerqueira da Silva, e usa da palavra o Vereador ALEXANDRE FERREIRA. Usa da palavra o Vereador CARLOS ALBERTO DIAS DOS SANTOS. Usa da palavra o Vereador ANDREILTO DE ALMEIDA BARBOSA.<\/p>\n\n\n\n<p>\u00c9 franqueada a quarta bancada DEM\/PMN\/PPS composta pelos vereadores Gerivaldo Ribeiro Sampaio, Ot\u00e1vio Xisto de Souza J\u00fanior e La\u00e9rcio Muniz de Azevedo J\u00fanior e usa da palavra o Vereador GERIVALDO RIBEIRO SAMPAIO. Usa da palavra o Vereador LA\u00c9RCIO MUNIZ DE AZEVEDO J\u00daNIOR.<\/p>\n\n\n\n<p>N\u00e3o havendo mais nenhuma bancada para usar, o Sr. Presidente, \u00e0s vinte e uma horas e vinte minutos d\u00e1 por encerrada a Sess\u00e3o.<\/p>\n","protected":false},"excerpt":{"rendered":"<p>ASCOM &#8211; C\u00e2mara Municipal de Senhor do Bonfim-BA Nesta ter\u00e7a-feira, 26 de novembro, foi realizada a 30\u00aa Sess\u00e3o Ordin\u00e1ria do 2\u00ba Per\u00edodo Ordin\u00e1rio, do ano de 2019, da C\u00e2mara Municipal de Senhor do Bonfim. Conduzida pelo Presidente da Casa, vereador Cleiton Vieira, o Sr. Presidente determina que seja feita a chamada dos vereadores, onde havendo [&hellip;]<\/p>\n","protected":false},"author":2,"featured_media":0,"comment_status":"open","ping_status":"open","sticky":false,"template":"","format":"standard","meta":{"_acf_changed":false,"_monsterinsights_skip_tracking":false,"_monsterinsights_sitenote_active":false,"_monsterinsights_sitenote_note":"","_monsterinsights_sitenote_category":0,"_jetpack_memberships_contains_paid_content":false,"footnotes":"","jetpack_publicize_message":"","jetpack_publicize_feature_enabled":true,"jetpack_social_post_already_shared":true,"jetpack_social_options":{"image_generator_settings":{"template":"highway","default_image_id":0,"font":"","enabled":false},"version":2}},"categories":[1,3,4],"tags":[],"class_list":["post-39121","post","type-post","status-publish","format-standard","hentry","category-noticias","category-politica","category-local"],"acf":[],"jetpack_publicize_connections":[],"jetpack_featured_media_url":"","jetpack_sharing_enabled":true,"publishpress_future_workflow_manual_trigger":{"enabledWorkflows":[]},"_links":{"self":[{"href":"https:\/\/blogdoeloiltoncajuhy.com.br\/site\/wp-json\/wp\/v2\/posts\/39121","targetHints":{"allow":["GET"]}}],"collection":[{"href":"https:\/\/blogdoeloiltoncajuhy.com.br\/site\/wp-json\/wp\/v2\/posts"}],"about":[{"href":"https:\/\/blogdoeloiltoncajuhy.com.br\/site\/wp-json\/wp\/v2\/types\/post"}],"author":[{"embeddable":true,"href":"https:\/\/blogdoeloiltoncajuhy.com.br\/site\/wp-json\/wp\/v2\/users\/2"}],"replies":[{"embeddable":true,"href":"https:\/\/blogdoeloiltoncajuhy.com.br\/site\/wp-json\/wp\/v2\/comments?post=39121"}],"version-history":[{"count":1,"href":"https:\/\/blogdoeloiltoncajuhy.com.br\/site\/wp-json\/wp\/v2\/posts\/39121\/revisions"}],"predecessor-version":[{"id":39122,"href":"https:\/\/blogdoeloiltoncajuhy.com.br\/site\/wp-json\/wp\/v2\/posts\/39121\/revisions\/39122"}],"wp:attachment":[{"href":"https:\/\/blogdoeloiltoncajuhy.com.br\/site\/wp-json\/wp\/v2\/media?parent=39121"}],"wp:term":[{"taxonomy":"category","embeddable":true,"href":"https:\/\/blogdoeloiltoncajuhy.com.br\/site\/wp-json\/wp\/v2\/categories?post=39121"},{"taxonomy":"post_tag","embeddable":true,"href":"https:\/\/blogdoeloiltoncajuhy.com.br\/site\/wp-json\/wp\/v2\/tags?post=39121"}],"curies":[{"name":"wp","href":"https:\/\/api.w.org\/{rel}","templated":true}]}}