{"id":39100,"date":"2019-11-26T08:37:06","date_gmt":"2019-11-26T11:37:06","guid":{"rendered":"http:\/\/blogdoeloiltoncajuhy.com.br\/site\/?p=39100"},"modified":"2019-11-26T08:37:11","modified_gmt":"2019-11-26T11:37:11","slug":"camara-municipal-de-sr-do-bonfim-divulga-pauta-da-sessao-ordinaria-desta-terca-feira-26","status":"publish","type":"post","link":"https:\/\/blogdoeloiltoncajuhy.com.br\/site\/camara-municipal-de-sr-do-bonfim-divulga-pauta-da-sessao-ordinaria-desta-terca-feira-26\/","title":{"rendered":"C\u00e2mara Municipal de Sr. do Bonfim divulga pauta da sess\u00e3o ordin\u00e1ria desta ter\u00e7a-feira (26)"},"content":{"rendered":"\n<p><strong>Assessoria de Comunica\u00e7\u00e3o &#8211; C\u00e2mara Municipal de Senhor do Bonfim-BA<\/strong><\/p>\n\n\n\n<div class=\"wp-block-image\"><figure class=\"aligncenter\"><img data-recalc-dims=\"1\" fetchpriority=\"high\" decoding=\"async\" width=\"768\" height=\"427\" src=\"https:\/\/i0.wp.com\/blogdoeloiltoncajuhy.com.br\/site\/wp-content\/uploads\/2019\/04\/camara-de-bonfim-2.jpg?resize=768%2C427\" alt=\"\" class=\"wp-image-33523\" srcset=\"https:\/\/i0.wp.com\/blogdoeloiltoncajuhy.com.br\/site\/wp-content\/uploads\/2019\/04\/camara-de-bonfim-2.jpg?w=768&amp;ssl=1 768w, https:\/\/i0.wp.com\/blogdoeloiltoncajuhy.com.br\/site\/wp-content\/uploads\/2019\/04\/camara-de-bonfim-2.jpg?resize=300%2C167&amp;ssl=1 300w, https:\/\/i0.wp.com\/blogdoeloiltoncajuhy.com.br\/site\/wp-content\/uploads\/2019\/04\/camara-de-bonfim-2.jpg?resize=250%2C139&amp;ssl=1 250w\" sizes=\"(max-width: 768px) 100vw, 768px\" \/><\/figure><\/div>\n\n\n\n<p>Ser\u00e1 realizada nesta ter\u00e7a-feira, 26 de novembro, mais uma sess\u00e3o ordin\u00e1ria da C\u00e2mara Municipal de Senhor do Bonfim. A sess\u00e3o tamb\u00e9m ser\u00e1 transmitida pela internet a partir das 19h.<\/p>\n\n\n\n<p class=\"has-medium-font-size\"><strong>DURANTE O EXPEDIENTE SER\u00c3O LIDAS AS MAT\u00c9RIAS:<\/strong> <\/p>\n\n\n\n<p><strong>PROJETO DE LEI DO LEGISLATIVO N\u00ba 041\/2019<\/strong>, de autoria do vereador Elizeu Concei\u00e7\u00e3o de Souza, que \u201cDisp\u00f5e sobre aplica\u00e7\u00e3o de multa para os praticantes de trotes para o SAMU \u2013 Servi\u00e7o de Atendimento M\u00e9dico de Urg\u00eancia, ou para PM \u2013 Pol\u00edcia Militar, e d\u00e1 outras provid\u00eancias\u201d;<\/p>\n\n\n\n<p><strong>PEDIDO DE PROVID\u00caNCIA N\u00ba 019\/2019<\/strong>, de autoria da vereadora L\u00facia Cristina Souza Cerqueira, que solicita que \u201cseja feita, atrav\u00e9s da Secretaria de Infraestrutura, a reposi\u00e7\u00e3o de oito l\u00e2mpadas nos postes do Povoado de Cariac\u00e1, cinco no Povoado de Morrinhos e cinco no Povoado de Cachoeirinha, Munic\u00edpio de Senhor do Bonfim\u201d;<\/p>\n\n\n\n<p><strong>PEDIDO DE PROVID\u00caNCIA N\u00ba 079\/2019<\/strong>, de autoria do vereador La\u00e9rcio Muniz de Azevedo J\u00fanior, solicita que \u201ca Secretaria Municipal de Infraestrutura promova a melhoria da ilumina\u00e7\u00e3o p\u00fablica na Quadra A, Caminho N, bairro Casas Populares, fazendo a reposi\u00e7\u00e3o de l\u00e2mpadas\u201d;<\/p>\n\n\n\n<p><strong>PEDIDO DE PROVID\u00caNCIA N\u00ba 080\/2019<\/strong>, de autoria do vereador La\u00e9rcio Muniz de Azevedo J\u00fanior, solicita que \u201ca Secretaria Municipal de Infraestrutura promova a melhoria do cal\u00e7amento da via p\u00fablica, Quadra A, Caminho N, Bairro Casas Populares\u201d.<\/p>\n","protected":false},"excerpt":{"rendered":"<p>Assessoria de Comunica\u00e7\u00e3o &#8211; C\u00e2mara Municipal de Senhor do Bonfim-BA Ser\u00e1 realizada nesta ter\u00e7a-feira, 26 de novembro, mais uma sess\u00e3o ordin\u00e1ria da C\u00e2mara Municipal de Senhor do Bonfim. A sess\u00e3o tamb\u00e9m ser\u00e1 transmitida pela internet a partir das 19h. DURANTE O EXPEDIENTE SER\u00c3O LIDAS AS MAT\u00c9RIAS: PROJETO DE LEI DO LEGISLATIVO N\u00ba 041\/2019, de autoria [&hellip;]<\/p>\n","protected":false},"author":2,"featured_media":0,"comment_status":"open","ping_status":"open","sticky":false,"template":"","format":"standard","meta":{"_acf_changed":false,"_monsterinsights_skip_tracking":false,"_monsterinsights_sitenote_active":false,"_monsterinsights_sitenote_note":"","_monsterinsights_sitenote_category":0,"_jetpack_memberships_contains_paid_content":false,"footnotes":"","jetpack_publicize_message":"","jetpack_publicize_feature_enabled":true,"jetpack_social_post_already_shared":true,"jetpack_social_options":{"image_generator_settings":{"template":"highway","default_image_id":0,"font":"","enabled":false},"version":2}},"categories":[1,3],"tags":[],"class_list":["post-39100","post","type-post","status-publish","format-standard","hentry","category-noticias","category-politica"],"acf":[],"jetpack_publicize_connections":[],"jetpack_featured_media_url":"","jetpack_sharing_enabled":true,"publishpress_future_workflow_manual_trigger":{"enabledWorkflows":[]},"_links":{"self":[{"href":"https:\/\/blogdoeloiltoncajuhy.com.br\/site\/wp-json\/wp\/v2\/posts\/39100","targetHints":{"allow":["GET"]}}],"collection":[{"href":"https:\/\/blogdoeloiltoncajuhy.com.br\/site\/wp-json\/wp\/v2\/posts"}],"about":[{"href":"https:\/\/blogdoeloiltoncajuhy.com.br\/site\/wp-json\/wp\/v2\/types\/post"}],"author":[{"embeddable":true,"href":"https:\/\/blogdoeloiltoncajuhy.com.br\/site\/wp-json\/wp\/v2\/users\/2"}],"replies":[{"embeddable":true,"href":"https:\/\/blogdoeloiltoncajuhy.com.br\/site\/wp-json\/wp\/v2\/comments?post=39100"}],"version-history":[{"count":1,"href":"https:\/\/blogdoeloiltoncajuhy.com.br\/site\/wp-json\/wp\/v2\/posts\/39100\/revisions"}],"predecessor-version":[{"id":39101,"href":"https:\/\/blogdoeloiltoncajuhy.com.br\/site\/wp-json\/wp\/v2\/posts\/39100\/revisions\/39101"}],"wp:attachment":[{"href":"https:\/\/blogdoeloiltoncajuhy.com.br\/site\/wp-json\/wp\/v2\/media?parent=39100"}],"wp:term":[{"taxonomy":"category","embeddable":true,"href":"https:\/\/blogdoeloiltoncajuhy.com.br\/site\/wp-json\/wp\/v2\/categories?post=39100"},{"taxonomy":"post_tag","embeddable":true,"href":"https:\/\/blogdoeloiltoncajuhy.com.br\/site\/wp-json\/wp\/v2\/tags?post=39100"}],"curies":[{"name":"wp","href":"https:\/\/api.w.org\/{rel}","templated":true}]}}