{"id":39097,"date":"2019-11-26T06:42:26","date_gmt":"2019-11-26T09:42:26","guid":{"rendered":"http:\/\/blogdoeloiltoncajuhy.com.br\/site\/?p=39097"},"modified":"2019-11-26T06:42:33","modified_gmt":"2019-11-26T09:42:33","slug":"comissao-da-camara-dos-deputados-aprova-aumento-de-punicao-para-motoristas-profissionais-que-dirigirem-alcoolizados","status":"publish","type":"post","link":"https:\/\/blogdoeloiltoncajuhy.com.br\/site\/comissao-da-camara-dos-deputados-aprova-aumento-de-punicao-para-motoristas-profissionais-que-dirigirem-alcoolizados\/","title":{"rendered":"Comiss\u00e3o da C\u00e2mara dos Deputados aprova aumento de puni\u00e7\u00e3o para motoristas profissionais que dirigirem alcoolizados"},"content":{"rendered":"\n<p><strong>Da R\u00e1dio C\u00e2mara, de Bras\u00edlia, Naum Gil\u00f3<\/strong><\/p>\n\n\n\n<div class=\"wp-block-image\"><figure class=\"aligncenter\"><img data-recalc-dims=\"1\" fetchpriority=\"high\" decoding=\"async\" width=\"800\" height=\"537\" src=\"https:\/\/i0.wp.com\/blogdoeloiltoncajuhy.com.br\/site\/wp-content\/uploads\/2019\/11\/dirigir-alcoolizado.jpg?resize=800%2C537\" alt=\"\" class=\"wp-image-39098\" srcset=\"https:\/\/i0.wp.com\/blogdoeloiltoncajuhy.com.br\/site\/wp-content\/uploads\/2019\/11\/dirigir-alcoolizado.jpg?w=1000&amp;ssl=1 1000w, https:\/\/i0.wp.com\/blogdoeloiltoncajuhy.com.br\/site\/wp-content\/uploads\/2019\/11\/dirigir-alcoolizado.jpg?resize=300%2C201&amp;ssl=1 300w, https:\/\/i0.wp.com\/blogdoeloiltoncajuhy.com.br\/site\/wp-content\/uploads\/2019\/11\/dirigir-alcoolizado.jpg?resize=768%2C515&amp;ssl=1 768w, https:\/\/i0.wp.com\/blogdoeloiltoncajuhy.com.br\/site\/wp-content\/uploads\/2019\/11\/dirigir-alcoolizado.jpg?resize=250%2C168&amp;ssl=1 250w\" sizes=\"(max-width: 800px) 100vw, 800px\" \/><\/figure><\/div>\n\n\n\n<p>A Comiss\u00e3o de Via\u00e7\u00e3o e Transportes aprovou (23\/10\/19) projeto (3198\/19) que aumenta a puni\u00e7\u00e3o para motoristas profissionais de transporte de passageiros que dirigirem alcoolizados ou sob efeito de subst\u00e2ncias psicoativas. O aumento da pena proposto pelo texto varia de um ter\u00e7o \u00e0 metade.<\/p>\n\n\n\n<p>O C\u00f3digo Brasileiro de Tr\u00e2nsito, atualmente, j\u00e1 prev\u00ea pena de deten\u00e7\u00e3o de seis meses a tr\u00eas anos e multa. O motorista que dirige embriagado tamb\u00e9m est\u00e1 sujeito \u00e0 suspens\u00e3o, ou at\u00e9 mesmo \u00e0 proibi\u00e7\u00e3o de obter habilita\u00e7\u00e3o.<\/p>\n\n\n\n<p>A relatora do projeto, deputada Christiane de Souza Yared, do PL do Paran\u00e1, considera que as leis de tr\u00e2nsito no Brasil j\u00e1 avan\u00e7aram bastante, mas que \u00e9 preciso melhorar.<\/p>\n\n\n\n<p>Ela disse que a lei em vigor \u00e9 clara em rela\u00e7\u00e3o ao alcoolismo no volante e no uso do celular, da cadeirinha e do cinto de seguran\u00e7a, mas que ainda falta conscientiza\u00e7\u00e3o dos motoristas para que haja uma verdadeira mudan\u00e7a de comportamento no tr\u00e2nsito.<\/p>\n\n\n\n<p>Yared tamb\u00e9m defendeu uma puni\u00e7\u00e3o diferenciada para os motoristas profissionais de transporte de passageiros, que s\u00e3o aqueles que passam mais tempo nas ruas e estradas do pa\u00eds.<\/p>\n\n\n\n<p><em>\u201cEles precisam ter um olhar diferenciado para o tr\u00e2nsito, uma vez que eles est\u00e3o conosco o tempo todo. Ent\u00e3o, essa puni\u00e7\u00e3o \u00e9 para que haja tamb\u00e9m essa leitura que eu falei, porque n\u00f3s n\u00e3o podemos permitir que, muitas vezes, um profissional do volante, que \u00e0s vezes ele \u00e9 um infrator contumaz, \u00e9 aquele que repete e repete seus erros, fique sem puni\u00e7\u00e3o. E uma puni\u00e7\u00e3o diferenciada, para que ele possa entender que ele leva vidas e ele \u00e9 respons\u00e1vel por vidas que est\u00e3o ao seu redor\u201d<\/em>.<\/p>\n\n\n\n<p>J\u00e1 o professor especialista em psicologia do tr\u00e2nsito, Hartmut Gunther, avalia que a proposta n\u00e3o faz muito sentido e sustentou que a puni\u00e7\u00e3o aumente para todos os motoristas, sejam eles profissionais ou n\u00e3o.<\/p>\n\n\n\n<p><em>\u201cPorque o sinistro provocado por motorista de \u00f4nibus b\u00eabado pode ter consequ\u00eancias t\u00e3o s\u00e9rias quanto o motorista qualquer dirigindo sozinho b\u00eabado, envolvendo-se em um sinistro com \u00f4nibus\u201d.<\/em><\/p>\n\n\n\n<p>Segundo o Minist\u00e9rio da Sa\u00fade, a lei seca, em vigor h\u00e1 11 anos, conseguiu uma redu\u00e7\u00e3o de 2,4% no n\u00famero de mortes de tr\u00e2nsito desde que come\u00e7ou a valer. A queda foi puxada pelas regi\u00f5es sul, sudeste e centro-oeste.<\/p>\n\n\n\n<p>J\u00e1 o Norte teve aumento de 26,4% e o Nordeste de 23% no registro de mortes no tr\u00e2nsito. Entre 2011 e 2017, a frequ\u00eancia de adultos que admitem dirigir ap\u00f3s consumir qualquer quantidade de bebida alco\u00f3lica manteve-se est\u00e1vel.<\/p>\n\n\n\n<p>O projeto que aumenta a puni\u00e7\u00e3o para motoristas profissionais de passageiros que dirijam sob efeito de \u00e1lcool e outras subst\u00e2ncias psicoativas aguarda an\u00e1lise da Comiss\u00e3o de Constitui\u00e7\u00e3o e Justi\u00e7a. Depois seguir\u00e1 para vota\u00e7\u00e3o no Plen\u00e1rio.<\/p>\n","protected":false},"excerpt":{"rendered":"<p>Da R\u00e1dio C\u00e2mara, de Bras\u00edlia, Naum Gil\u00f3 A Comiss\u00e3o de Via\u00e7\u00e3o e Transportes aprovou (23\/10\/19) projeto (3198\/19) que aumenta a puni\u00e7\u00e3o para motoristas profissionais de transporte de passageiros que dirigirem alcoolizados ou sob efeito de subst\u00e2ncias psicoativas. O aumento da pena proposto pelo texto varia de um ter\u00e7o \u00e0 metade. O C\u00f3digo Brasileiro de Tr\u00e2nsito, [&hellip;]<\/p>\n","protected":false},"author":2,"featured_media":39098,"comment_status":"open","ping_status":"open","sticky":false,"template":"","format":"standard","meta":{"_acf_changed":false,"_monsterinsights_skip_tracking":false,"_monsterinsights_sitenote_active":false,"_monsterinsights_sitenote_note":"","_monsterinsights_sitenote_category":0,"_jetpack_memberships_contains_paid_content":false,"footnotes":"","jetpack_publicize_message":"","jetpack_publicize_feature_enabled":true,"jetpack_social_post_already_shared":true,"jetpack_social_options":{"image_generator_settings":{"template":"highway","default_image_id":0,"font":"","enabled":false},"version":2}},"categories":[5,1,3],"tags":[],"class_list":["post-39097","post","type-post","status-publish","format-standard","has-post-thumbnail","hentry","category-cotidiano","category-noticias","category-politica"],"acf":[],"jetpack_publicize_connections":[],"jetpack_featured_media_url":"https:\/\/i0.wp.com\/blogdoeloiltoncajuhy.com.br\/site\/wp-content\/uploads\/2019\/11\/dirigir-alcoolizado.jpg?fit=1000%2C671&ssl=1","jetpack_sharing_enabled":true,"publishpress_future_workflow_manual_trigger":{"enabledWorkflows":[]},"_links":{"self":[{"href":"https:\/\/blogdoeloiltoncajuhy.com.br\/site\/wp-json\/wp\/v2\/posts\/39097","targetHints":{"allow":["GET"]}}],"collection":[{"href":"https:\/\/blogdoeloiltoncajuhy.com.br\/site\/wp-json\/wp\/v2\/posts"}],"about":[{"href":"https:\/\/blogdoeloiltoncajuhy.com.br\/site\/wp-json\/wp\/v2\/types\/post"}],"author":[{"embeddable":true,"href":"https:\/\/blogdoeloiltoncajuhy.com.br\/site\/wp-json\/wp\/v2\/users\/2"}],"replies":[{"embeddable":true,"href":"https:\/\/blogdoeloiltoncajuhy.com.br\/site\/wp-json\/wp\/v2\/comments?post=39097"}],"version-history":[{"count":1,"href":"https:\/\/blogdoeloiltoncajuhy.com.br\/site\/wp-json\/wp\/v2\/posts\/39097\/revisions"}],"predecessor-version":[{"id":39099,"href":"https:\/\/blogdoeloiltoncajuhy.com.br\/site\/wp-json\/wp\/v2\/posts\/39097\/revisions\/39099"}],"wp:featuredmedia":[{"embeddable":true,"href":"https:\/\/blogdoeloiltoncajuhy.com.br\/site\/wp-json\/wp\/v2\/media\/39098"}],"wp:attachment":[{"href":"https:\/\/blogdoeloiltoncajuhy.com.br\/site\/wp-json\/wp\/v2\/media?parent=39097"}],"wp:term":[{"taxonomy":"category","embeddable":true,"href":"https:\/\/blogdoeloiltoncajuhy.com.br\/site\/wp-json\/wp\/v2\/categories?post=39097"},{"taxonomy":"post_tag","embeddable":true,"href":"https:\/\/blogdoeloiltoncajuhy.com.br\/site\/wp-json\/wp\/v2\/tags?post=39097"}],"curies":[{"name":"wp","href":"https:\/\/api.w.org\/{rel}","templated":true}]}}