{"id":39094,"date":"2019-11-26T06:28:28","date_gmt":"2019-11-26T09:28:28","guid":{"rendered":"http:\/\/blogdoeloiltoncajuhy.com.br\/site\/?p=39094"},"modified":"2019-11-26T06:28:35","modified_gmt":"2019-11-26T09:28:35","slug":"corpo-de-gugu-liberato-e-liberado-do-instituto-responsavel-por-necropsias-e-laudos","status":"publish","type":"post","link":"https:\/\/blogdoeloiltoncajuhy.com.br\/site\/corpo-de-gugu-liberato-e-liberado-do-instituto-responsavel-por-necropsias-e-laudos\/","title":{"rendered":"Corpo de Gugu Liberato \u00e9 liberado do instituto respons\u00e1vel por necr\u00f3psias e laudos"},"content":{"rendered":"\n<h5 class=\"wp-block-heading\" style=\"text-align:center\"><em>Funer\u00e1ria deve retirar o corpo nas pr\u00f3ximas horas, segundo assessoria. Previs\u00e3o de chegada ao Brasil \u00e9 na quinta (28)<\/em><\/h5>\n\n\n\n<p><strong>Por G1<\/strong><\/p>\n\n\n\n<div class=\"wp-block-image\"><figure class=\"aligncenter is-resized\"><img fetchpriority=\"high\" decoding=\"async\" src=\"https:\/\/i0.wp.com\/blogdoeloiltoncajuhy.com.br\/site\/wp-content\/uploads\/2019\/11\/gugu-liberato11.jpg?fit=590%2C391\" alt=\"\" class=\"wp-image-39095\" width=\"590\" height=\"391\" srcset=\"https:\/\/i0.wp.com\/blogdoeloiltoncajuhy.com.br\/site\/wp-content\/uploads\/2019\/11\/gugu-liberato11.jpg?w=1344&amp;ssl=1 1344w, https:\/\/i0.wp.com\/blogdoeloiltoncajuhy.com.br\/site\/wp-content\/uploads\/2019\/11\/gugu-liberato11.jpg?resize=300%2C199&amp;ssl=1 300w, https:\/\/i0.wp.com\/blogdoeloiltoncajuhy.com.br\/site\/wp-content\/uploads\/2019\/11\/gugu-liberato11.jpg?resize=768%2C509&amp;ssl=1 768w, https:\/\/i0.wp.com\/blogdoeloiltoncajuhy.com.br\/site\/wp-content\/uploads\/2019\/11\/gugu-liberato11.jpg?resize=1024%2C678&amp;ssl=1 1024w, https:\/\/i0.wp.com\/blogdoeloiltoncajuhy.com.br\/site\/wp-content\/uploads\/2019\/11\/gugu-liberato11.jpg?resize=250%2C166&amp;ssl=1 250w\" sizes=\"(max-width: 590px) 100vw, 590px\" \/><figcaption><em>Gugu Liberato durante coletiva de imprensa do reality show &#8216;Canta Comigo&#8217; em 23 de setembro, no Pavilh\u00e3o Vera Cruz, em S\u00e3o Bernardo do Campo, na Grande S\u00e3o Paulo \u2014 Foto: F\u00e1bio Guinalz\/Fotoarena\/Estad\u00e3o Conte\u00fado<\/em><\/figcaption><\/figure><\/div>\n\n\n\n<p>O corpo de Gugu Liberato foi liberado do instituto respons\u00e1vel por necropsias e laudos, equivalente ao Instituto M\u00e9dico Legal no Brasil, nesta segunda (25).<\/p>\n\n\n\n<p>O pr\u00f3ximo passo \u00e9 a retirada do corpo pela funer\u00e1ria, movimento que deve acontecer nas pr\u00f3ximas horas, segundo o comunicado enviado pela assessoria \u00e0s 15h18 desta segunda (25).<\/p>\n\n\n\n<p>A cirurgia para retirada dos \u00f3rg\u00e3os para doa\u00e7\u00e3o foi realizada no domingo (24), dia em que a fam\u00edlia divulgou uma carta sobre a decis\u00e3o do apresentador.<\/p>\n\n\n\n<p>Ainda n\u00e3o est\u00e1 confirmada a data de chegada do corpo ao Brasil, mas a previs\u00e3o \u00e9 quinta-feira (28). Gugu vai ser velado na Assembleia Legislativa de S\u00e3o Paulo e sepultado no cemit\u00e9rio Gets\u00eamani, no Morumbi, no jazigo da fam\u00edlia.<\/p>\n\n\n\n<p>A morte do apresentador foi confirmada na sexta-feira (22) \u00e0s 21h06, hor\u00e1rio de Bras\u00edlia, pela sua assessoria de imprensa, com uma nota assinada pela fam\u00edlia. Gugu sofreu um acidente em sua casa na Fl\u00f3rida, nos Estados Unidos, na quarta-feira (20).<\/p>\n\n\n\n<p class=\"has-medium-font-size\"><strong>Leia o comunicado completo divulgado \u00e0s 15h18 desta segunda (25):<\/strong><\/p>\n\n\n\n<p><em>&#8220;O corpo j\u00e1 foi liberado do instituto respons\u00e1vel pelas necr\u00f3psias e laudos (o equivalente ao IML no Brasil), que aguarda a autoriza\u00e7\u00e3o de retirada pela funer\u00e1ria. Esse documento foi assinado na noite de domingo (24\/11) por Jo\u00e3o Augusto Liberato (primog\u00eanito do apresentador) e entregue nesse instituto.<\/em><\/p>\n\n\n\n<p><em>Conforme j\u00e1 informamos, seguindo as leis da Florida, \u00e9 o filho de Gugu quem precisa assinar toda a documenta\u00e7\u00e3o referente a esses tramites.<\/em><\/p>\n\n\n\n<p><em>O pr\u00f3ximo passo \u00e9 a funer\u00e1ria retirar o corpo. Isso acontecer\u00e1 mas pr\u00f3ximas horas. A funer\u00e1ria vai preparar para translado para o Brasil.<\/em><\/p>\n\n\n\n<p><em>Ainda n\u00e3o temos a data da chegada do corpo ao Brasil. Todo esse processo est\u00e1 seguindo os tr\u00e2mites legais. At\u00e9 agora trabalhamos com uma previs\u00e3o de data, quinta-feira (28\/11).<\/em><\/p>\n\n\n\n<p><em>O vel\u00f3rio acontecer\u00e1 na assembleia Legislativa do Estado de S\u00e3o Paulo e ser\u00e1 aberto ao publico para que possam se despedir de Gugu. Gugu ser\u00e1 sepultado no jazigo da fam\u00edlia no Cemit\u00e9rio Gets\u00eamani, no Morumbi, em S\u00e3o Paulo.<\/em><\/p>\n\n\n\n<p><em>Assim que novas informa\u00e7\u00f5es estiverem dispon\u00edveis, informaremos prontamente&#8221;.<\/em><\/p>\n","protected":false},"excerpt":{"rendered":"<p>Funer\u00e1ria deve retirar o corpo nas pr\u00f3ximas horas, segundo assessoria. Previs\u00e3o de chegada ao Brasil \u00e9 na quinta (28) Por G1 O corpo de Gugu Liberato foi liberado do instituto respons\u00e1vel por necropsias e laudos, equivalente ao Instituto M\u00e9dico Legal no Brasil, nesta segunda (25). O pr\u00f3ximo passo \u00e9 a retirada do corpo pela funer\u00e1ria, [&hellip;]<\/p>\n","protected":false},"author":2,"featured_media":39095,"comment_status":"open","ping_status":"open","sticky":false,"template":"","format":"standard","meta":{"_acf_changed":false,"_monsterinsights_skip_tracking":false,"_monsterinsights_sitenote_active":false,"_monsterinsights_sitenote_note":"","_monsterinsights_sitenote_category":0,"_jetpack_memberships_contains_paid_content":false,"footnotes":"","jetpack_publicize_message":"","jetpack_publicize_feature_enabled":true,"jetpack_social_post_already_shared":true,"jetpack_social_options":{"image_generator_settings":{"template":"highway","default_image_id":0,"font":"","enabled":false},"version":2}},"categories":[5,1],"tags":[],"class_list":["post-39094","post","type-post","status-publish","format-standard","has-post-thumbnail","hentry","category-cotidiano","category-noticias"],"acf":[],"jetpack_publicize_connections":[],"jetpack_featured_media_url":"https:\/\/i0.wp.com\/blogdoeloiltoncajuhy.com.br\/site\/wp-content\/uploads\/2019\/11\/gugu-liberato11.jpg?fit=1344%2C890&ssl=1","jetpack_sharing_enabled":true,"publishpress_future_workflow_manual_trigger":{"enabledWorkflows":[]},"_links":{"self":[{"href":"https:\/\/blogdoeloiltoncajuhy.com.br\/site\/wp-json\/wp\/v2\/posts\/39094","targetHints":{"allow":["GET"]}}],"collection":[{"href":"https:\/\/blogdoeloiltoncajuhy.com.br\/site\/wp-json\/wp\/v2\/posts"}],"about":[{"href":"https:\/\/blogdoeloiltoncajuhy.com.br\/site\/wp-json\/wp\/v2\/types\/post"}],"author":[{"embeddable":true,"href":"https:\/\/blogdoeloiltoncajuhy.com.br\/site\/wp-json\/wp\/v2\/users\/2"}],"replies":[{"embeddable":true,"href":"https:\/\/blogdoeloiltoncajuhy.com.br\/site\/wp-json\/wp\/v2\/comments?post=39094"}],"version-history":[{"count":1,"href":"https:\/\/blogdoeloiltoncajuhy.com.br\/site\/wp-json\/wp\/v2\/posts\/39094\/revisions"}],"predecessor-version":[{"id":39096,"href":"https:\/\/blogdoeloiltoncajuhy.com.br\/site\/wp-json\/wp\/v2\/posts\/39094\/revisions\/39096"}],"wp:featuredmedia":[{"embeddable":true,"href":"https:\/\/blogdoeloiltoncajuhy.com.br\/site\/wp-json\/wp\/v2\/media\/39095"}],"wp:attachment":[{"href":"https:\/\/blogdoeloiltoncajuhy.com.br\/site\/wp-json\/wp\/v2\/media?parent=39094"}],"wp:term":[{"taxonomy":"category","embeddable":true,"href":"https:\/\/blogdoeloiltoncajuhy.com.br\/site\/wp-json\/wp\/v2\/categories?post=39094"},{"taxonomy":"post_tag","embeddable":true,"href":"https:\/\/blogdoeloiltoncajuhy.com.br\/site\/wp-json\/wp\/v2\/tags?post=39094"}],"curies":[{"name":"wp","href":"https:\/\/api.w.org\/{rel}","templated":true}]}}