{"id":39075,"date":"2019-11-25T19:16:37","date_gmt":"2019-11-25T22:16:37","guid":{"rendered":"http:\/\/blogdoeloiltoncajuhy.com.br\/site\/?p=39075"},"modified":"2019-11-25T19:16:43","modified_gmt":"2019-11-25T22:16:43","slug":"prefeito-de-jaguarari-envia-para-camara-de-vereadores-projeto-de-lei-que-concede-aumento-salarial-aos-motoristas","status":"publish","type":"post","link":"https:\/\/blogdoeloiltoncajuhy.com.br\/site\/prefeito-de-jaguarari-envia-para-camara-de-vereadores-projeto-de-lei-que-concede-aumento-salarial-aos-motoristas\/","title":{"rendered":"Prefeito de Jaguarari envia para C\u00e2mara de Vereadores Projeto de Lei que concede aumento salarial aos motoristas"},"content":{"rendered":"\n<p><strong>ASCOM \u2013 Prefeitura de Jaguarari-BA<\/strong><\/p>\n\n\n\n<div class=\"wp-block-image\"><figure class=\"aligncenter is-resized\"><img fetchpriority=\"high\" decoding=\"async\" src=\"https:\/\/i0.wp.com\/blogdoeloiltoncajuhy.com.br\/site\/wp-content\/uploads\/2019\/11\/PMJ_AumentoSalarialMotoristas-01.jpg?fit=590%2C443\" alt=\"\" class=\"wp-image-39076\" width=\"512\" height=\"384\" srcset=\"https:\/\/i0.wp.com\/blogdoeloiltoncajuhy.com.br\/site\/wp-content\/uploads\/2019\/11\/PMJ_AumentoSalarialMotoristas-01.jpg?w=1280&amp;ssl=1 1280w, https:\/\/i0.wp.com\/blogdoeloiltoncajuhy.com.br\/site\/wp-content\/uploads\/2019\/11\/PMJ_AumentoSalarialMotoristas-01.jpg?resize=300%2C225&amp;ssl=1 300w, https:\/\/i0.wp.com\/blogdoeloiltoncajuhy.com.br\/site\/wp-content\/uploads\/2019\/11\/PMJ_AumentoSalarialMotoristas-01.jpg?resize=768%2C576&amp;ssl=1 768w, https:\/\/i0.wp.com\/blogdoeloiltoncajuhy.com.br\/site\/wp-content\/uploads\/2019\/11\/PMJ_AumentoSalarialMotoristas-01.jpg?resize=1024%2C768&amp;ssl=1 1024w, https:\/\/i0.wp.com\/blogdoeloiltoncajuhy.com.br\/site\/wp-content\/uploads\/2019\/11\/PMJ_AumentoSalarialMotoristas-01.jpg?resize=250%2C188&amp;ssl=1 250w\" sizes=\"(max-width: 512px) 100vw, 512px\" \/><\/figure><\/div>\n\n\n\n<p>Na ultima sexta-feira (22), o prefeito de Jaguarari, Everton Rocha, se reuniu com os motoristas efetivos do munic\u00edpio para tratar do aumento salarial da categoria. Tendo como uma de suas prioridades a valoriza\u00e7\u00e3o do servidor municipal, a administra\u00e7\u00e3o, entendendo a necessidade desses profissionais devido \u00e0 defasagem de suas remunera\u00e7\u00f5es, enviou nesta segunda-feira (25) para a C\u00e2mara de Vereadores o Projeto de Lei N\u00ba 022\/2019 que tem como objetivo conceder aumento no percentual de 10%, sobre o sal\u00e1rio base, a contar a partir de 1\u00ba de dezembro de 2019.<\/p>\n\n\n\n<p>Vale ressaltar que o aumento salarial proposto pelo chefe do executivo foi precedido de estudos financeiros e or\u00e7ament\u00e1rios, sendo absorvido pela dota\u00e7\u00e3o or\u00e7ament\u00e1ria pr\u00f3pria do munic\u00edpio, n\u00e3o afetando as metas de resultados fiscais previstas na Lei Or\u00e7ament\u00e1ria vigente, nem qualquer preju\u00edzo \u00e0s contas p\u00fablicas, atendendo a Lei de Responsabilidade Fiscal.<\/p>\n\n\n\n<p><em>&#8220;Valorizar o servidor municipal sempre foi uma das nossas prioridades. Adequamos o piso salarial nacional dos profissionais do magist\u00e9rio e regulamentamos o novo piso salarial dos Agentes de Sa\u00fade e de Combate as Endemias. Antes disso atrav\u00e9s de Lei Municipal concedemos reajuste salarial aos servidores p\u00fablicos municipais \u2013 data-base 2019 no percentual de 4%, garantindo a recomposi\u00e7\u00e3o salarial. Recentemente enviamos o Projeto de Lei  que visa ratear os 60% do Precat\u00f3rio do FUNDEF com os professores. O servidor municipal \u00e9 a engrenagem que move o nosso governo&#8221;<\/em>, pontuou o prefeito Everton Rocha.<\/p>\n","protected":false},"excerpt":{"rendered":"<p>ASCOM \u2013 Prefeitura de Jaguarari-BA Na ultima sexta-feira (22), o prefeito de Jaguarari, Everton Rocha, se reuniu com os motoristas efetivos do munic\u00edpio para tratar do aumento salarial da categoria. Tendo como uma de suas prioridades a valoriza\u00e7\u00e3o do servidor municipal, a administra\u00e7\u00e3o, entendendo a necessidade desses profissionais devido \u00e0 defasagem de suas remunera\u00e7\u00f5es, enviou [&hellip;]<\/p>\n","protected":false},"author":2,"featured_media":39076,"comment_status":"open","ping_status":"open","sticky":false,"template":"","format":"standard","meta":{"_acf_changed":false,"_monsterinsights_skip_tracking":false,"_monsterinsights_sitenote_active":false,"_monsterinsights_sitenote_note":"","_monsterinsights_sitenote_category":0,"_jetpack_memberships_contains_paid_content":false,"footnotes":"","jetpack_publicize_message":"","jetpack_publicize_feature_enabled":true,"jetpack_social_post_already_shared":true,"jetpack_social_options":{"image_generator_settings":{"template":"highway","default_image_id":0,"font":"","enabled":false},"version":2}},"categories":[1,3,11],"tags":[],"class_list":["post-39075","post","type-post","status-publish","format-standard","has-post-thumbnail","hentry","category-noticias","category-politica","category-regional"],"acf":[],"jetpack_publicize_connections":[],"jetpack_featured_media_url":"https:\/\/i0.wp.com\/blogdoeloiltoncajuhy.com.br\/site\/wp-content\/uploads\/2019\/11\/PMJ_AumentoSalarialMotoristas-01.jpg?fit=1280%2C960&ssl=1","jetpack_sharing_enabled":true,"publishpress_future_workflow_manual_trigger":{"enabledWorkflows":[]},"_links":{"self":[{"href":"https:\/\/blogdoeloiltoncajuhy.com.br\/site\/wp-json\/wp\/v2\/posts\/39075","targetHints":{"allow":["GET"]}}],"collection":[{"href":"https:\/\/blogdoeloiltoncajuhy.com.br\/site\/wp-json\/wp\/v2\/posts"}],"about":[{"href":"https:\/\/blogdoeloiltoncajuhy.com.br\/site\/wp-json\/wp\/v2\/types\/post"}],"author":[{"embeddable":true,"href":"https:\/\/blogdoeloiltoncajuhy.com.br\/site\/wp-json\/wp\/v2\/users\/2"}],"replies":[{"embeddable":true,"href":"https:\/\/blogdoeloiltoncajuhy.com.br\/site\/wp-json\/wp\/v2\/comments?post=39075"}],"version-history":[{"count":1,"href":"https:\/\/blogdoeloiltoncajuhy.com.br\/site\/wp-json\/wp\/v2\/posts\/39075\/revisions"}],"predecessor-version":[{"id":39077,"href":"https:\/\/blogdoeloiltoncajuhy.com.br\/site\/wp-json\/wp\/v2\/posts\/39075\/revisions\/39077"}],"wp:featuredmedia":[{"embeddable":true,"href":"https:\/\/blogdoeloiltoncajuhy.com.br\/site\/wp-json\/wp\/v2\/media\/39076"}],"wp:attachment":[{"href":"https:\/\/blogdoeloiltoncajuhy.com.br\/site\/wp-json\/wp\/v2\/media?parent=39075"}],"wp:term":[{"taxonomy":"category","embeddable":true,"href":"https:\/\/blogdoeloiltoncajuhy.com.br\/site\/wp-json\/wp\/v2\/categories?post=39075"},{"taxonomy":"post_tag","embeddable":true,"href":"https:\/\/blogdoeloiltoncajuhy.com.br\/site\/wp-json\/wp\/v2\/tags?post=39075"}],"curies":[{"name":"wp","href":"https:\/\/api.w.org\/{rel}","templated":true}]}}