{"id":39071,"date":"2019-11-25T19:05:06","date_gmt":"2019-11-25T22:05:06","guid":{"rendered":"http:\/\/blogdoeloiltoncajuhy.com.br\/site\/?p=39071"},"modified":"2019-11-25T19:05:12","modified_gmt":"2019-11-25T22:05:12","slug":"estudante-com-deficiencia-visual-se-forma-em-pedagogia-pela-uneb-em-senhor-do-bonfim","status":"publish","type":"post","link":"https:\/\/blogdoeloiltoncajuhy.com.br\/site\/estudante-com-deficiencia-visual-se-forma-em-pedagogia-pela-uneb-em-senhor-do-bonfim\/","title":{"rendered":"Estudante com defici\u00eancia visual se forma em Pedagogia pela UNEB em Senhor do Bonfim"},"content":{"rendered":"\n<p><strong>Lorena Simas<\/strong><br>Coordenadora do N\u00facleo de Assessoria de Comunica\u00e7\u00e3o (NAC-DEDC\/UNEB)<\/p>\n\n\n\n<div class=\"wp-block-image\"><figure class=\"aligncenter is-resized\"><img fetchpriority=\"high\" decoding=\"async\" src=\"https:\/\/i0.wp.com\/blogdoeloiltoncajuhy.com.br\/site\/wp-content\/uploads\/2019\/11\/Uneb_Raiane-01.jpg?fit=590%2C498\" alt=\"\" class=\"wp-image-39072\" width=\"443\" height=\"374\" srcset=\"https:\/\/i0.wp.com\/blogdoeloiltoncajuhy.com.br\/site\/wp-content\/uploads\/2019\/11\/Uneb_Raiane-01.jpg?w=1080&amp;ssl=1 1080w, https:\/\/i0.wp.com\/blogdoeloiltoncajuhy.com.br\/site\/wp-content\/uploads\/2019\/11\/Uneb_Raiane-01.jpg?resize=300%2C253&amp;ssl=1 300w, https:\/\/i0.wp.com\/blogdoeloiltoncajuhy.com.br\/site\/wp-content\/uploads\/2019\/11\/Uneb_Raiane-01.jpg?resize=768%2C648&amp;ssl=1 768w, https:\/\/i0.wp.com\/blogdoeloiltoncajuhy.com.br\/site\/wp-content\/uploads\/2019\/11\/Uneb_Raiane-01.jpg?resize=1024%2C864&amp;ssl=1 1024w, https:\/\/i0.wp.com\/blogdoeloiltoncajuhy.com.br\/site\/wp-content\/uploads\/2019\/11\/Uneb_Raiane-01.jpg?resize=250%2C211&amp;ssl=1 250w\" sizes=\"(max-width: 443px) 100vw, 443px\" \/><\/figure><\/div>\n\n\n\n<p><em>\u201cMe sinto uma vitoriosa, uma vencedora. Para mim o c\u00e9u \u00e9 o limite. Minha defici\u00eancia n\u00e3o atrapalha em nada\u201d<\/em>. Esse \u00e9 o sentimento de Raiane F\u00e9lix, a primeira estudante com defici\u00eancia visual a se formar em Pedagogia pelo Departamento de Educa\u00e7\u00e3o (DEDC), Campus VII da UNEB. Raiane participou da cerim\u00f4nia de Cola\u00e7\u00e3o de Grau realizada no \u00faltimo s\u00e1bado (23) que contou com 13 formandos das licenciaturas em Ci\u00eancias Biol\u00f3gicas e Pedagogia e bacharelado em Ci\u00eancias Cont\u00e1beis.<\/p>\n\n\n\n<p>A estudante Raiane F\u00e9lix nasceu com catarata cong\u00eanita, sendo assim, sempre viveu com a falta de vis\u00e3o. A estudante declara que <em>\u201ca universidade n\u00e3o estava preparada estruturalmente para me receber, mas percebi o empenho de todos e recebi apoio dos professores, funcion\u00e1rios e colegas\u201d<\/em>.<\/p>\n\n\n\n<p>Raiane foi escolhida para ser a oradora da turma. Em seu discurso falou sobre a satisfa\u00e7\u00e3o em estar concluindo mais uma fase de sua vida. <em>\u201c\u00c9 uma grande honra estar aqui, n\u00e3o apenas por ser a primeira estudante com defici\u00eancia visual a concluir com \u00eaxito o curso de Pedagogia da Universidade do Estado da Bahia, Campus VII, mas principalmente, porque me senti abra\u00e7ada e acolhida por todos os colegas das turmas que tive o prazer de fazer parte\u201d<\/em>, frisou a estudante.<\/p>\n\n\n\n<div class=\"wp-block-image\"><figure class=\"aligncenter is-resized\"><img decoding=\"async\" src=\"https:\/\/i1.wp.com\/blogdoeloiltoncajuhy.com.br\/site\/wp-content\/uploads\/2019\/11\/Uneb_Raiane-02.jpg?fit=590%2C467\" alt=\"\" class=\"wp-image-39073\" width=\"443\" height=\"350\" srcset=\"https:\/\/i0.wp.com\/blogdoeloiltoncajuhy.com.br\/site\/wp-content\/uploads\/2019\/11\/Uneb_Raiane-02.jpg?w=1080&amp;ssl=1 1080w, https:\/\/i0.wp.com\/blogdoeloiltoncajuhy.com.br\/site\/wp-content\/uploads\/2019\/11\/Uneb_Raiane-02.jpg?resize=300%2C238&amp;ssl=1 300w, https:\/\/i0.wp.com\/blogdoeloiltoncajuhy.com.br\/site\/wp-content\/uploads\/2019\/11\/Uneb_Raiane-02.jpg?resize=768%2C608&amp;ssl=1 768w, https:\/\/i0.wp.com\/blogdoeloiltoncajuhy.com.br\/site\/wp-content\/uploads\/2019\/11\/Uneb_Raiane-02.jpg?resize=1024%2C811&amp;ssl=1 1024w, https:\/\/i0.wp.com\/blogdoeloiltoncajuhy.com.br\/site\/wp-content\/uploads\/2019\/11\/Uneb_Raiane-02.jpg?resize=250%2C198&amp;ssl=1 250w\" sizes=\"(max-width: 443px) 100vw, 443px\" \/><\/figure><\/div>\n\n\n\n<p>A diretora do DEDC VII da UNEB, Suzzana Alice Lima, ressaltou, <em>\u201cformamos pela primeira vez uma aluna com defici\u00eancia visual. A trajet\u00f3ria de Raiane no curso de Pedagogia tamb\u00e9m foi formativa para alunos e professores. Raiane n\u00e3o caminhou sozinha. Teve apoio do Instituto Psicopedag\u00f3gico, atrav\u00e9s da professora Teresinha Salgado, que lhe deu estrutura e seguran\u00e7a; os colegas de turma, a acolhida e apoio para superar dificuldades, a universidade, a experi\u00eancia de garantir a inclus\u00e3o e a qualifica\u00e7\u00e3o necess\u00e1ria para alcan\u00e7ar seus objetivos\u201d<\/em>.<\/p>\n\n\n\n<p>Raiane foi aprovada em concurso p\u00fablico e atuar\u00e1 como pedagoga em Cuiab\u00e1-Mato Grosso, iniciando mais uma etapa de sua vida.<\/p>\n\n\n\n<p><em>\u201cUma defici\u00eancia n\u00e3o \u00e9 sin\u00f4nimo de incapacidade, por isso, nunca desistam dos seus sonhos. Eu sou uma prova viva de que o sonho pode se realizar\u201d<\/em>, ensina a estudante.<\/p>\n","protected":false},"excerpt":{"rendered":"<p>Lorena SimasCoordenadora do N\u00facleo de Assessoria de Comunica\u00e7\u00e3o (NAC-DEDC\/UNEB) \u201cMe sinto uma vitoriosa, uma vencedora. Para mim o c\u00e9u \u00e9 o limite. Minha defici\u00eancia n\u00e3o atrapalha em nada\u201d. Esse \u00e9 o sentimento de Raiane F\u00e9lix, a primeira estudante com defici\u00eancia visual a se formar em Pedagogia pelo Departamento de Educa\u00e7\u00e3o (DEDC), Campus VII da UNEB. [&hellip;]<\/p>\n","protected":false},"author":2,"featured_media":39073,"comment_status":"open","ping_status":"open","sticky":false,"template":"","format":"standard","meta":{"_acf_changed":false,"_monsterinsights_skip_tracking":false,"_monsterinsights_sitenote_active":false,"_monsterinsights_sitenote_note":"","_monsterinsights_sitenote_category":0,"_jetpack_memberships_contains_paid_content":false,"footnotes":"","jetpack_publicize_message":"","jetpack_publicize_feature_enabled":true,"jetpack_social_post_already_shared":true,"jetpack_social_options":{"image_generator_settings":{"template":"highway","default_image_id":0,"font":"","enabled":false},"version":2}},"categories":[14,1,4],"tags":[],"class_list":["post-39071","post","type-post","status-publish","format-standard","has-post-thumbnail","hentry","category-educacao","category-noticias","category-local"],"acf":[],"jetpack_publicize_connections":[],"jetpack_featured_media_url":"https:\/\/i0.wp.com\/blogdoeloiltoncajuhy.com.br\/site\/wp-content\/uploads\/2019\/11\/Uneb_Raiane-02.jpg?fit=1080%2C855&ssl=1","jetpack_sharing_enabled":true,"publishpress_future_workflow_manual_trigger":{"enabledWorkflows":[]},"_links":{"self":[{"href":"https:\/\/blogdoeloiltoncajuhy.com.br\/site\/wp-json\/wp\/v2\/posts\/39071","targetHints":{"allow":["GET"]}}],"collection":[{"href":"https:\/\/blogdoeloiltoncajuhy.com.br\/site\/wp-json\/wp\/v2\/posts"}],"about":[{"href":"https:\/\/blogdoeloiltoncajuhy.com.br\/site\/wp-json\/wp\/v2\/types\/post"}],"author":[{"embeddable":true,"href":"https:\/\/blogdoeloiltoncajuhy.com.br\/site\/wp-json\/wp\/v2\/users\/2"}],"replies":[{"embeddable":true,"href":"https:\/\/blogdoeloiltoncajuhy.com.br\/site\/wp-json\/wp\/v2\/comments?post=39071"}],"version-history":[{"count":1,"href":"https:\/\/blogdoeloiltoncajuhy.com.br\/site\/wp-json\/wp\/v2\/posts\/39071\/revisions"}],"predecessor-version":[{"id":39074,"href":"https:\/\/blogdoeloiltoncajuhy.com.br\/site\/wp-json\/wp\/v2\/posts\/39071\/revisions\/39074"}],"wp:featuredmedia":[{"embeddable":true,"href":"https:\/\/blogdoeloiltoncajuhy.com.br\/site\/wp-json\/wp\/v2\/media\/39073"}],"wp:attachment":[{"href":"https:\/\/blogdoeloiltoncajuhy.com.br\/site\/wp-json\/wp\/v2\/media?parent=39071"}],"wp:term":[{"taxonomy":"category","embeddable":true,"href":"https:\/\/blogdoeloiltoncajuhy.com.br\/site\/wp-json\/wp\/v2\/categories?post=39071"},{"taxonomy":"post_tag","embeddable":true,"href":"https:\/\/blogdoeloiltoncajuhy.com.br\/site\/wp-json\/wp\/v2\/tags?post=39071"}],"curies":[{"name":"wp","href":"https:\/\/api.w.org\/{rel}","templated":true}]}}