{"id":39063,"date":"2019-11-25T16:05:41","date_gmt":"2019-11-25T19:05:41","guid":{"rendered":"http:\/\/blogdoeloiltoncajuhy.com.br\/site\/?p=39063"},"modified":"2019-11-25T16:05:47","modified_gmt":"2019-11-25T19:05:47","slug":"jaguarari-prefeitura-nas-comunidades-leva-diversos-servicos-a-localidade-de-macambira","status":"publish","type":"post","link":"https:\/\/blogdoeloiltoncajuhy.com.br\/site\/jaguarari-prefeitura-nas-comunidades-leva-diversos-servicos-a-localidade-de-macambira\/","title":{"rendered":"Jaguarari: Prefeitura nas Comunidades leva diversos servi\u00e7os \u00e0 localidade de Macambira"},"content":{"rendered":"\n<p><strong>ASCOM \u2013 Prefeitura de Jaguarari-BA<\/strong><\/p>\n\n\n\n<div class=\"wp-block-image\"><figure class=\"aligncenter\"><img fetchpriority=\"high\" decoding=\"async\" width=\"1280\" height=\"853\" src=\"https:\/\/i0.wp.com\/blogdoeloiltoncajuhy.com.br\/site\/wp-content\/uploads\/2019\/11\/PMJ_PrefeituraComunidadesMacambira_20.jpg?fit=590%2C393\" alt=\"\" class=\"wp-image-39064\" srcset=\"https:\/\/i0.wp.com\/blogdoeloiltoncajuhy.com.br\/site\/wp-content\/uploads\/2019\/11\/PMJ_PrefeituraComunidadesMacambira_20.jpg?w=1280&amp;ssl=1 1280w, https:\/\/i0.wp.com\/blogdoeloiltoncajuhy.com.br\/site\/wp-content\/uploads\/2019\/11\/PMJ_PrefeituraComunidadesMacambira_20.jpg?resize=300%2C200&amp;ssl=1 300w, https:\/\/i0.wp.com\/blogdoeloiltoncajuhy.com.br\/site\/wp-content\/uploads\/2019\/11\/PMJ_PrefeituraComunidadesMacambira_20.jpg?resize=768%2C512&amp;ssl=1 768w, https:\/\/i0.wp.com\/blogdoeloiltoncajuhy.com.br\/site\/wp-content\/uploads\/2019\/11\/PMJ_PrefeituraComunidadesMacambira_20.jpg?resize=1024%2C682&amp;ssl=1 1024w, https:\/\/i0.wp.com\/blogdoeloiltoncajuhy.com.br\/site\/wp-content\/uploads\/2019\/11\/PMJ_PrefeituraComunidadesMacambira_20.jpg?resize=250%2C167&amp;ssl=1 250w\" sizes=\"(max-width: 800px) 100vw, 800px\" \/><\/figure><\/div>\n\n\n\n<p>A prefeitura de Jaguarari levou na sexta-feira (22), \u00e0 localidade de Macambira a 8\u00aa edi\u00e7\u00e3o do Programa Prefeitura nas Comunidades. Neste programa municipal, foram disponibilizados aos moradores servi\u00e7os de sa\u00fade, educa\u00e7\u00e3o, assist\u00eancia social, meio ambiente alem de acompanhar de perto as demandas da localidade.<\/p>\n\n\n\n<p><em>&#8220;Como o nome j\u00e1 diz, \u00e9 a prefeitura nas comunidades. \u00c9 o governo municipal conversando com a popula\u00e7\u00e3o, ouvindo suas demandas e entendendo suas prioridades e buscando solucionar o mais r\u00e1pido poss\u00edvel&#8221;<\/em>, pontuou o prefeito Everton Rocha.<\/p>\n\n\n\n<p>A a\u00e7\u00e3o levou para os moradores da localidade diversos servi\u00e7os, como como vacina\u00e7\u00e3o contra o sarampo, testes r\u00e1pidos, aferi\u00e7\u00e3o de press\u00e3o, ventosa terapia, exames laboratoriais, consultas medicas, atendimento e atualiza\u00e7\u00e3o cadastral do programa Bolsa Fam\u00edlia, concess\u00e3o de Carteira do Idoso e Passe Livre, encaminhamento de segunda via de documentos, entre outros.<\/p>\n\n\n\n<div class=\"wp-block-image\"><figure class=\"aligncenter\"><img decoding=\"async\" width=\"1280\" height=\"960\" src=\"https:\/\/i1.wp.com\/blogdoeloiltoncajuhy.com.br\/site\/wp-content\/uploads\/2019\/11\/PMJ_PrefeituraComunidadesMacambira_21.jpg?fit=590%2C443\" alt=\"\" class=\"wp-image-39065\" srcset=\"https:\/\/i0.wp.com\/blogdoeloiltoncajuhy.com.br\/site\/wp-content\/uploads\/2019\/11\/PMJ_PrefeituraComunidadesMacambira_21.jpg?w=1280&amp;ssl=1 1280w, https:\/\/i0.wp.com\/blogdoeloiltoncajuhy.com.br\/site\/wp-content\/uploads\/2019\/11\/PMJ_PrefeituraComunidadesMacambira_21.jpg?resize=300%2C225&amp;ssl=1 300w, https:\/\/i0.wp.com\/blogdoeloiltoncajuhy.com.br\/site\/wp-content\/uploads\/2019\/11\/PMJ_PrefeituraComunidadesMacambira_21.jpg?resize=768%2C576&amp;ssl=1 768w, https:\/\/i0.wp.com\/blogdoeloiltoncajuhy.com.br\/site\/wp-content\/uploads\/2019\/11\/PMJ_PrefeituraComunidadesMacambira_21.jpg?resize=1024%2C768&amp;ssl=1 1024w, https:\/\/i0.wp.com\/blogdoeloiltoncajuhy.com.br\/site\/wp-content\/uploads\/2019\/11\/PMJ_PrefeituraComunidadesMacambira_21.jpg?resize=250%2C188&amp;ssl=1 250w\" sizes=\"(max-width: 800px) 100vw, 800px\" \/><\/figure><\/div>\n\n\n\n<p>Os homens da localidade aproveitaram as a\u00e7\u00f5es do Novembro Azul e passaram por consulta, fizeram a coleta para o exame de PSA e receberam palestras educativas sobre o combate ao c\u00e2ncer de pr\u00f3stata.<\/p>\n\n\n\n<p><em>&#8220;\u00c9 uma riqueza pra gente. Nunca aconteceu esse tipo de a\u00e7\u00e3o pra gente, s\u00f3 agora. Hoje pude passar por consulta, olhei minha press\u00e3o e fiz um tratamento nas costas. Gostei muito&#8221;<\/em>, agradeceu o aposentado Manoel Souza Costa.<\/p>\n\n\n\n<p>A Secretaria de Educa\u00e7\u00e3o levou muita divers\u00e3o para as crian\u00e7as da localidade atrav\u00e9s de conta\u00e7\u00e3o de historias, pintura, colagem e muitas brincadeiras.<\/p>\n\n\n\n<div class=\"wp-block-image\"><figure class=\"aligncenter\"><img decoding=\"async\" width=\"1280\" height=\"960\" src=\"https:\/\/i0.wp.com\/blogdoeloiltoncajuhy.com.br\/site\/wp-content\/uploads\/2019\/11\/PMJ_PrefeituraComunidadesMacambira_22.jpg?fit=590%2C443\" alt=\"\" class=\"wp-image-39066\" srcset=\"https:\/\/i0.wp.com\/blogdoeloiltoncajuhy.com.br\/site\/wp-content\/uploads\/2019\/11\/PMJ_PrefeituraComunidadesMacambira_22.jpg?w=1280&amp;ssl=1 1280w, https:\/\/i0.wp.com\/blogdoeloiltoncajuhy.com.br\/site\/wp-content\/uploads\/2019\/11\/PMJ_PrefeituraComunidadesMacambira_22.jpg?resize=300%2C225&amp;ssl=1 300w, https:\/\/i0.wp.com\/blogdoeloiltoncajuhy.com.br\/site\/wp-content\/uploads\/2019\/11\/PMJ_PrefeituraComunidadesMacambira_22.jpg?resize=768%2C576&amp;ssl=1 768w, https:\/\/i0.wp.com\/blogdoeloiltoncajuhy.com.br\/site\/wp-content\/uploads\/2019\/11\/PMJ_PrefeituraComunidadesMacambira_22.jpg?resize=1024%2C768&amp;ssl=1 1024w, https:\/\/i0.wp.com\/blogdoeloiltoncajuhy.com.br\/site\/wp-content\/uploads\/2019\/11\/PMJ_PrefeituraComunidadesMacambira_22.jpg?resize=250%2C188&amp;ssl=1 250w\" sizes=\"(max-width: 800px) 100vw, 800px\" \/><\/figure><\/div>\n","protected":false},"excerpt":{"rendered":"<p>ASCOM \u2013 Prefeitura de Jaguarari-BA A prefeitura de Jaguarari levou na sexta-feira (22), \u00e0 localidade de Macambira a 8\u00aa edi\u00e7\u00e3o do Programa Prefeitura nas Comunidades. Neste programa municipal, foram disponibilizados aos moradores servi\u00e7os de sa\u00fade, educa\u00e7\u00e3o, assist\u00eancia social, meio ambiente alem de acompanhar de perto as demandas da localidade. &#8220;Como o nome j\u00e1 diz, \u00e9 [&hellip;]<\/p>\n","protected":false},"author":2,"featured_media":39066,"comment_status":"open","ping_status":"open","sticky":false,"template":"","format":"standard","meta":{"_acf_changed":false,"_monsterinsights_skip_tracking":false,"_monsterinsights_sitenote_active":false,"_monsterinsights_sitenote_note":"","_monsterinsights_sitenote_category":0,"_jetpack_memberships_contains_paid_content":false,"footnotes":"","jetpack_publicize_message":"","jetpack_publicize_feature_enabled":true,"jetpack_social_post_already_shared":true,"jetpack_social_options":{"image_generator_settings":{"template":"highway","default_image_id":0,"font":"","enabled":false},"version":2}},"categories":[1,11],"tags":[],"class_list":["post-39063","post","type-post","status-publish","format-standard","has-post-thumbnail","hentry","category-noticias","category-regional"],"acf":[],"jetpack_publicize_connections":[],"jetpack_featured_media_url":"https:\/\/i0.wp.com\/blogdoeloiltoncajuhy.com.br\/site\/wp-content\/uploads\/2019\/11\/PMJ_PrefeituraComunidadesMacambira_22.jpg?fit=1280%2C960&ssl=1","jetpack_sharing_enabled":true,"publishpress_future_workflow_manual_trigger":{"enabledWorkflows":[]},"_links":{"self":[{"href":"https:\/\/blogdoeloiltoncajuhy.com.br\/site\/wp-json\/wp\/v2\/posts\/39063","targetHints":{"allow":["GET"]}}],"collection":[{"href":"https:\/\/blogdoeloiltoncajuhy.com.br\/site\/wp-json\/wp\/v2\/posts"}],"about":[{"href":"https:\/\/blogdoeloiltoncajuhy.com.br\/site\/wp-json\/wp\/v2\/types\/post"}],"author":[{"embeddable":true,"href":"https:\/\/blogdoeloiltoncajuhy.com.br\/site\/wp-json\/wp\/v2\/users\/2"}],"replies":[{"embeddable":true,"href":"https:\/\/blogdoeloiltoncajuhy.com.br\/site\/wp-json\/wp\/v2\/comments?post=39063"}],"version-history":[{"count":1,"href":"https:\/\/blogdoeloiltoncajuhy.com.br\/site\/wp-json\/wp\/v2\/posts\/39063\/revisions"}],"predecessor-version":[{"id":39067,"href":"https:\/\/blogdoeloiltoncajuhy.com.br\/site\/wp-json\/wp\/v2\/posts\/39063\/revisions\/39067"}],"wp:featuredmedia":[{"embeddable":true,"href":"https:\/\/blogdoeloiltoncajuhy.com.br\/site\/wp-json\/wp\/v2\/media\/39066"}],"wp:attachment":[{"href":"https:\/\/blogdoeloiltoncajuhy.com.br\/site\/wp-json\/wp\/v2\/media?parent=39063"}],"wp:term":[{"taxonomy":"category","embeddable":true,"href":"https:\/\/blogdoeloiltoncajuhy.com.br\/site\/wp-json\/wp\/v2\/categories?post=39063"},{"taxonomy":"post_tag","embeddable":true,"href":"https:\/\/blogdoeloiltoncajuhy.com.br\/site\/wp-json\/wp\/v2\/tags?post=39063"}],"curies":[{"name":"wp","href":"https:\/\/api.w.org\/{rel}","templated":true}]}}