{"id":39060,"date":"2019-11-25T10:45:56","date_gmt":"2019-11-25T13:45:56","guid":{"rendered":"http:\/\/blogdoeloiltoncajuhy.com.br\/site\/?p=39060"},"modified":"2019-11-25T10:46:03","modified_gmt":"2019-11-25T13:46:03","slug":"vem-me-ver-da-uneb-oferta-18-oficinas-com-tematicas-variadas","status":"publish","type":"post","link":"https:\/\/blogdoeloiltoncajuhy.com.br\/site\/vem-me-ver-da-uneb-oferta-18-oficinas-com-tematicas-variadas\/","title":{"rendered":"\u201cVem Me Ver\u201d da UNEB oferta 18 oficinas com tem\u00e1ticas variadas"},"content":{"rendered":"\n<p><strong>Lorena Simas<\/strong><br>Coordenadora do N\u00facleo de Assessoria de Comunica\u00e7\u00e3o (NAC-DEDC\/ UNEB)<\/p>\n\n\n\n<div class=\"wp-block-image\"><figure class=\"aligncenter is-resized\"><img data-recalc-dims=\"1\" fetchpriority=\"high\" decoding=\"async\" src=\"https:\/\/i0.wp.com\/blogdoeloiltoncajuhy.com.br\/site\/wp-content\/uploads\/2019\/11\/Uneb_VemMeVerOficinas.jpg?resize=368%2C368\" alt=\"\" class=\"wp-image-39061\" width=\"368\" height=\"368\" srcset=\"https:\/\/i0.wp.com\/blogdoeloiltoncajuhy.com.br\/site\/wp-content\/uploads\/2019\/11\/Uneb_VemMeVerOficinas.jpg?w=491&amp;ssl=1 491w, https:\/\/i0.wp.com\/blogdoeloiltoncajuhy.com.br\/site\/wp-content\/uploads\/2019\/11\/Uneb_VemMeVerOficinas.jpg?resize=150%2C150&amp;ssl=1 150w, https:\/\/i0.wp.com\/blogdoeloiltoncajuhy.com.br\/site\/wp-content\/uploads\/2019\/11\/Uneb_VemMeVerOficinas.jpg?resize=300%2C300&amp;ssl=1 300w, https:\/\/i0.wp.com\/blogdoeloiltoncajuhy.com.br\/site\/wp-content\/uploads\/2019\/11\/Uneb_VemMeVerOficinas.jpg?resize=250%2C250&amp;ssl=1 250w, https:\/\/i0.wp.com\/blogdoeloiltoncajuhy.com.br\/site\/wp-content\/uploads\/2019\/11\/Uneb_VemMeVerOficinas.jpg?resize=48%2C48&amp;ssl=1 48w\" sizes=\"(max-width: 368px) 100vw, 368px\" \/><\/figure><\/div>\n\n\n\n<p>A 7\u00aa edi\u00e7\u00e3o do \u201cVem Me Ver\u201d do Departamento de Educa\u00e7\u00e3o (DEDC), Campus VII da UNEB inicia amanh\u00e3 (26) e segue com atividades at\u00e9 quinta-feira (28). O evento ofertar\u00e1 18 oficinas com tem\u00e1ticas diferentes, como: Fotografia b\u00e1sica para iniciantes, M\u00fasica: um instrumento de propaga\u00e7\u00e3o do machismo, Inicia\u00e7\u00e3o ao Malabarismo, Iot e SmartHome: funcionamento e instala\u00e7\u00e3o de casas inteligentes, T\u00e9cnica Shantala, Brinquedoteca: o brincar como direito, dentre outras.<\/p>\n\n\n\n<p>As inscri\u00e7\u00f5es devem ser feitas pelo Sistema Gerenciador de Eventos (SGE) da UNEB. O primeiro acesso ao SGE requer um cadastro do participante que ir\u00e1 ser identificado pelo CPF e e-mail. Feito o cadastro, as inscri\u00e7\u00f5es podem ser realizadas. Os certificados tamb\u00e9m ser\u00e3o gerados e disponibilizados no SGE. Para realizar a inscri\u00e7\u00e3o, acesse o endere\u00e7o eletr\u00f4nico: <strong><em><a href=\"http:\/\/www.sge.uneb.br\/vmvvii\">http:\/\/www.sge.uneb.br\/vmvvii<\/a><\/em><\/strong>.<\/p>\n\n\n\n<p>Para a participa\u00e7\u00e3o nas oficinas, a organiza\u00e7\u00e3o do \u201cVem Me Ver\u201d solicita a doa\u00e7\u00e3o de 1kg de ra\u00e7\u00e3o ou 1 pacote de fraldas geri\u00e1tricas que ser\u00e3o doadas para institui\u00e7\u00f5es de caridade de Senhor do Bonfim.<\/p>\n\n\n\n<p>Confira a programa\u00e7\u00e3o completa do \u201cVem Me Ver\u201d no site: <strong><em><a href=\"https:\/\/vem-me-ver.webnode.com\/\">https:\/\/vem-me-ver.webnode.com\/<\/a><\/em><\/strong><\/p>\n","protected":false},"excerpt":{"rendered":"<p>Lorena SimasCoordenadora do N\u00facleo de Assessoria de Comunica\u00e7\u00e3o (NAC-DEDC\/ UNEB) A 7\u00aa edi\u00e7\u00e3o do \u201cVem Me Ver\u201d do Departamento de Educa\u00e7\u00e3o (DEDC), Campus VII da UNEB inicia amanh\u00e3 (26) e segue com atividades at\u00e9 quinta-feira (28). O evento ofertar\u00e1 18 oficinas com tem\u00e1ticas diferentes, como: Fotografia b\u00e1sica para iniciantes, M\u00fasica: um instrumento de propaga\u00e7\u00e3o do [&hellip;]<\/p>\n","protected":false},"author":2,"featured_media":39061,"comment_status":"open","ping_status":"open","sticky":false,"template":"","format":"standard","meta":{"_acf_changed":false,"_monsterinsights_skip_tracking":false,"_monsterinsights_sitenote_active":false,"_monsterinsights_sitenote_note":"","_monsterinsights_sitenote_category":0,"_jetpack_memberships_contains_paid_content":false,"footnotes":"","jetpack_publicize_message":"","jetpack_publicize_feature_enabled":true,"jetpack_social_post_already_shared":true,"jetpack_social_options":{"image_generator_settings":{"template":"highway","default_image_id":0,"font":"","enabled":false},"version":2}},"categories":[1,4],"tags":[],"class_list":["post-39060","post","type-post","status-publish","format-standard","has-post-thumbnail","hentry","category-noticias","category-local"],"acf":[],"jetpack_publicize_connections":[],"jetpack_featured_media_url":"https:\/\/i0.wp.com\/blogdoeloiltoncajuhy.com.br\/site\/wp-content\/uploads\/2019\/11\/Uneb_VemMeVerOficinas.jpg?fit=491%2C491&ssl=1","jetpack_sharing_enabled":true,"publishpress_future_workflow_manual_trigger":{"enabledWorkflows":[]},"_links":{"self":[{"href":"https:\/\/blogdoeloiltoncajuhy.com.br\/site\/wp-json\/wp\/v2\/posts\/39060","targetHints":{"allow":["GET"]}}],"collection":[{"href":"https:\/\/blogdoeloiltoncajuhy.com.br\/site\/wp-json\/wp\/v2\/posts"}],"about":[{"href":"https:\/\/blogdoeloiltoncajuhy.com.br\/site\/wp-json\/wp\/v2\/types\/post"}],"author":[{"embeddable":true,"href":"https:\/\/blogdoeloiltoncajuhy.com.br\/site\/wp-json\/wp\/v2\/users\/2"}],"replies":[{"embeddable":true,"href":"https:\/\/blogdoeloiltoncajuhy.com.br\/site\/wp-json\/wp\/v2\/comments?post=39060"}],"version-history":[{"count":1,"href":"https:\/\/blogdoeloiltoncajuhy.com.br\/site\/wp-json\/wp\/v2\/posts\/39060\/revisions"}],"predecessor-version":[{"id":39062,"href":"https:\/\/blogdoeloiltoncajuhy.com.br\/site\/wp-json\/wp\/v2\/posts\/39060\/revisions\/39062"}],"wp:featuredmedia":[{"embeddable":true,"href":"https:\/\/blogdoeloiltoncajuhy.com.br\/site\/wp-json\/wp\/v2\/media\/39061"}],"wp:attachment":[{"href":"https:\/\/blogdoeloiltoncajuhy.com.br\/site\/wp-json\/wp\/v2\/media?parent=39060"}],"wp:term":[{"taxonomy":"category","embeddable":true,"href":"https:\/\/blogdoeloiltoncajuhy.com.br\/site\/wp-json\/wp\/v2\/categories?post=39060"},{"taxonomy":"post_tag","embeddable":true,"href":"https:\/\/blogdoeloiltoncajuhy.com.br\/site\/wp-json\/wp\/v2\/tags?post=39060"}],"curies":[{"name":"wp","href":"https:\/\/api.w.org\/{rel}","templated":true}]}}