{"id":39055,"date":"2019-11-25T09:45:31","date_gmt":"2019-11-25T12:45:31","guid":{"rendered":"http:\/\/blogdoeloiltoncajuhy.com.br\/site\/?p=39055"},"modified":"2019-11-25T09:45:38","modified_gmt":"2019-11-25T12:45:38","slug":"homem-tenta-tocar-fogo-na-agencia-da-caixa-economica-federal-do-centro-de-petrolina","status":"publish","type":"post","link":"https:\/\/blogdoeloiltoncajuhy.com.br\/site\/homem-tenta-tocar-fogo-na-agencia-da-caixa-economica-federal-do-centro-de-petrolina\/","title":{"rendered":"Homem tenta tocar fogo na ag\u00eancia da Caixa Econ\u00f4mica Federal do Centro de Petrolina"},"content":{"rendered":"\n<h5 class=\"wp-block-heading\" style=\"text-align:center\"><em>O corpo de bombeiros conseguiu controlar o princ\u00edpio de inc\u00eandio. Felizmente, ningu\u00e9m ficou ferido. O caso vai ser investigado pela Pol\u00edcia Federal. Ningu\u00e9m foi preso<\/em><\/h5>\n\n\n\n<p><strong>Por G1 Petrolina<\/strong><\/p>\n\n\n\n<div class=\"wp-block-image\"><figure class=\"aligncenter\"><img data-recalc-dims=\"1\" fetchpriority=\"high\" decoding=\"async\" width=\"800\" height=\"450\" src=\"https:\/\/i0.wp.com\/blogdoeloiltoncajuhy.com.br\/site\/wp-content\/uploads\/2019\/11\/CEF_Petrolina-PE.jpg?resize=800%2C450\" alt=\"\" class=\"wp-image-39056\" srcset=\"https:\/\/i0.wp.com\/blogdoeloiltoncajuhy.com.br\/site\/wp-content\/uploads\/2019\/11\/CEF_Petrolina-PE.jpg?w=984&amp;ssl=1 984w, https:\/\/i0.wp.com\/blogdoeloiltoncajuhy.com.br\/site\/wp-content\/uploads\/2019\/11\/CEF_Petrolina-PE.jpg?resize=300%2C169&amp;ssl=1 300w, https:\/\/i0.wp.com\/blogdoeloiltoncajuhy.com.br\/site\/wp-content\/uploads\/2019\/11\/CEF_Petrolina-PE.jpg?resize=768%2C432&amp;ssl=1 768w, https:\/\/i0.wp.com\/blogdoeloiltoncajuhy.com.br\/site\/wp-content\/uploads\/2019\/11\/CEF_Petrolina-PE.jpg?resize=250%2C141&amp;ssl=1 250w\" sizes=\"(max-width: 800px) 100vw, 800px\" \/><figcaption><em>Bombeiros controlam princ\u00edpio de inc\u00eandio na ag\u00eancia da Caixa Econ\u00f4mica do Centro de Petrolina \u2014 Foto: Reprodu\u00e7\u00e3o<\/em><\/figcaption><\/figure><\/div>\n\n\n\n<p>O Corpo de Bombeiros de Petrolina, no Sert\u00e3o de Pernambuco, controlou na noite do s\u00e1bado (23) um princ\u00edpio de inc\u00eandio que atingiu a ag\u00eancia da Caixa Econ\u00f4mica Federal, que fica no Centro da cidade.<\/p>\n\n\n\n<p>O fogo teria sido provocado por um homem que chegou ao local em uma motocicleta com um gal\u00e3o de gasolina. Ele espalhou o produto, tocou foco e fugiu em seguida. Felizmente, ningu\u00e9m ficou ferido.<\/p>\n\n\n\n<p>O caso vai ser investigado pela Pol\u00edcia Federal. At\u00e9 a publica\u00e7\u00e3o desta mat\u00e9ria n\u00e3o tivemos informa\u00e7\u00f5es sobre a identidade do suspeito e se houve pris\u00e3o.<\/p>\n\n\n\n<p class=\"has-medium-font-size\"><strong>Em nota, a Caixa Econ\u00f4mica Federal informou o seguinte:<\/strong><\/p>\n\n\n\n<p><em>&#8220;A CAIXA esclarece que informa\u00e7\u00f5es sobre eventos criminosos em suas unidades s\u00e3o repassadas exclusivamente \u00e0s autoridades policiais, e ratifica que coopera integralmente com as investiga\u00e7\u00f5es dos \u00f3rg\u00e3os competentes. A ag\u00eancia Petrolina ficar\u00e1 fechada para manuten\u00e7\u00e3o neste domingo, e ser\u00e1 reaberta normalmente amanh\u00e3 (25)&#8221;<\/em>.<\/p>\n","protected":false},"excerpt":{"rendered":"<p>O corpo de bombeiros conseguiu controlar o princ\u00edpio de inc\u00eandio. Felizmente, ningu\u00e9m ficou ferido. O caso vai ser investigado pela Pol\u00edcia Federal. Ningu\u00e9m foi preso Por G1 Petrolina O Corpo de Bombeiros de Petrolina, no Sert\u00e3o de Pernambuco, controlou na noite do s\u00e1bado (23) um princ\u00edpio de inc\u00eandio que atingiu a ag\u00eancia da Caixa Econ\u00f4mica [&hellip;]<\/p>\n","protected":false},"author":2,"featured_media":39056,"comment_status":"open","ping_status":"open","sticky":false,"template":"","format":"standard","meta":{"_acf_changed":false,"_monsterinsights_skip_tracking":false,"_monsterinsights_sitenote_active":false,"_monsterinsights_sitenote_note":"","_monsterinsights_sitenote_category":0,"_jetpack_memberships_contains_paid_content":false,"footnotes":"","jetpack_publicize_message":"","jetpack_publicize_feature_enabled":true,"jetpack_social_post_already_shared":true,"jetpack_social_options":{"image_generator_settings":{"template":"highway","default_image_id":0,"font":"","enabled":false},"version":2}},"categories":[5,1,11],"tags":[],"class_list":["post-39055","post","type-post","status-publish","format-standard","has-post-thumbnail","hentry","category-cotidiano","category-noticias","category-regional"],"acf":[],"jetpack_publicize_connections":[],"jetpack_featured_media_url":"https:\/\/i0.wp.com\/blogdoeloiltoncajuhy.com.br\/site\/wp-content\/uploads\/2019\/11\/CEF_Petrolina-PE.jpg?fit=984%2C554&ssl=1","jetpack_sharing_enabled":true,"publishpress_future_workflow_manual_trigger":{"enabledWorkflows":[]},"_links":{"self":[{"href":"https:\/\/blogdoeloiltoncajuhy.com.br\/site\/wp-json\/wp\/v2\/posts\/39055","targetHints":{"allow":["GET"]}}],"collection":[{"href":"https:\/\/blogdoeloiltoncajuhy.com.br\/site\/wp-json\/wp\/v2\/posts"}],"about":[{"href":"https:\/\/blogdoeloiltoncajuhy.com.br\/site\/wp-json\/wp\/v2\/types\/post"}],"author":[{"embeddable":true,"href":"https:\/\/blogdoeloiltoncajuhy.com.br\/site\/wp-json\/wp\/v2\/users\/2"}],"replies":[{"embeddable":true,"href":"https:\/\/blogdoeloiltoncajuhy.com.br\/site\/wp-json\/wp\/v2\/comments?post=39055"}],"version-history":[{"count":1,"href":"https:\/\/blogdoeloiltoncajuhy.com.br\/site\/wp-json\/wp\/v2\/posts\/39055\/revisions"}],"predecessor-version":[{"id":39057,"href":"https:\/\/blogdoeloiltoncajuhy.com.br\/site\/wp-json\/wp\/v2\/posts\/39055\/revisions\/39057"}],"wp:featuredmedia":[{"embeddable":true,"href":"https:\/\/blogdoeloiltoncajuhy.com.br\/site\/wp-json\/wp\/v2\/media\/39056"}],"wp:attachment":[{"href":"https:\/\/blogdoeloiltoncajuhy.com.br\/site\/wp-json\/wp\/v2\/media?parent=39055"}],"wp:term":[{"taxonomy":"category","embeddable":true,"href":"https:\/\/blogdoeloiltoncajuhy.com.br\/site\/wp-json\/wp\/v2\/categories?post=39055"},{"taxonomy":"post_tag","embeddable":true,"href":"https:\/\/blogdoeloiltoncajuhy.com.br\/site\/wp-json\/wp\/v2\/tags?post=39055"}],"curies":[{"name":"wp","href":"https:\/\/api.w.org\/{rel}","templated":true}]}}