{"id":39050,"date":"2019-11-25T07:55:21","date_gmt":"2019-11-25T10:55:21","guid":{"rendered":"http:\/\/blogdoeloiltoncajuhy.com.br\/site\/?p=39050"},"modified":"2019-11-25T07:55:26","modified_gmt":"2019-11-25T10:55:26","slug":"prefeitura-de-jaguarari-segue-direcionando-acoes-do-novembro-azul-desta-vez-no-psf-pilar-ii","status":"publish","type":"post","link":"https:\/\/blogdoeloiltoncajuhy.com.br\/site\/prefeitura-de-jaguarari-segue-direcionando-acoes-do-novembro-azul-desta-vez-no-psf-pilar-ii\/","title":{"rendered":"Prefeitura de Jaguarari segue direcionando a\u00e7\u00f5es do Novembro Azul, desta vez no PSF Pilar II"},"content":{"rendered":"\n<p><strong>ASCOM &#8211; Prefeitura de Jaguarari-BA<\/strong><\/p>\n\n\n\n<div class=\"wp-block-image\"><figure class=\"aligncenter is-resized\"><img fetchpriority=\"high\" decoding=\"async\" src=\"https:\/\/i0.wp.com\/blogdoeloiltoncajuhy.com.br\/site\/wp-content\/uploads\/2019\/11\/PMJ_NovembroAzulPilarII-01.jpg?fit=590%2C443\" alt=\"\" class=\"wp-image-39051\" width=\"443\" height=\"332\" srcset=\"https:\/\/i0.wp.com\/blogdoeloiltoncajuhy.com.br\/site\/wp-content\/uploads\/2019\/11\/PMJ_NovembroAzulPilarII-01.jpg?w=1032&amp;ssl=1 1032w, https:\/\/i0.wp.com\/blogdoeloiltoncajuhy.com.br\/site\/wp-content\/uploads\/2019\/11\/PMJ_NovembroAzulPilarII-01.jpg?resize=300%2C225&amp;ssl=1 300w, https:\/\/i0.wp.com\/blogdoeloiltoncajuhy.com.br\/site\/wp-content\/uploads\/2019\/11\/PMJ_NovembroAzulPilarII-01.jpg?resize=768%2C576&amp;ssl=1 768w, https:\/\/i0.wp.com\/blogdoeloiltoncajuhy.com.br\/site\/wp-content\/uploads\/2019\/11\/PMJ_NovembroAzulPilarII-01.jpg?resize=1024%2C768&amp;ssl=1 1024w, https:\/\/i0.wp.com\/blogdoeloiltoncajuhy.com.br\/site\/wp-content\/uploads\/2019\/11\/PMJ_NovembroAzulPilarII-01.jpg?resize=250%2C188&amp;ssl=1 250w\" sizes=\"(max-width: 443px) 100vw, 443px\" \/><\/figure><\/div>\n\n\n\n<p>Na ultima quinta-feira (21), a Prefeitura de Jaguarari atrav\u00e9s da Secretaria de Sa\u00fade, levou diversas a\u00e7\u00f5es preventivas no combate ao C\u00e2ncer de Pr\u00f3stata, tendo como foco o cuidado com a sa\u00fade do homem.<\/p>\n\n\n\n<p>Durante a a\u00e7\u00e3o, realizada no PSF Pilar II, os homens que buscaram atendimento na unidade de sa\u00fade receberam informa\u00e7\u00f5es sobre o c\u00e2ncer de pr\u00f3stata e c\u00e2ncer bucal, atrav\u00e9s de palestras informativas ministradas por profissionais de sa\u00fade da pr\u00f3pria unidade.<\/p>\n\n\n\n<div class=\"wp-block-image\"><figure class=\"aligncenter is-resized\"><img decoding=\"async\" src=\"https:\/\/i2.wp.com\/blogdoeloiltoncajuhy.com.br\/site\/wp-content\/uploads\/2019\/11\/PMJ_NovembroAzulPilarII-02.jpg?fit=590%2C443\" alt=\"\" class=\"wp-image-39052\" width=\"443\" height=\"332\" srcset=\"https:\/\/i0.wp.com\/blogdoeloiltoncajuhy.com.br\/site\/wp-content\/uploads\/2019\/11\/PMJ_NovembroAzulPilarII-02.jpg?w=1280&amp;ssl=1 1280w, https:\/\/i0.wp.com\/blogdoeloiltoncajuhy.com.br\/site\/wp-content\/uploads\/2019\/11\/PMJ_NovembroAzulPilarII-02.jpg?resize=300%2C225&amp;ssl=1 300w, https:\/\/i0.wp.com\/blogdoeloiltoncajuhy.com.br\/site\/wp-content\/uploads\/2019\/11\/PMJ_NovembroAzulPilarII-02.jpg?resize=768%2C576&amp;ssl=1 768w, https:\/\/i0.wp.com\/blogdoeloiltoncajuhy.com.br\/site\/wp-content\/uploads\/2019\/11\/PMJ_NovembroAzulPilarII-02.jpg?resize=1024%2C768&amp;ssl=1 1024w, https:\/\/i0.wp.com\/blogdoeloiltoncajuhy.com.br\/site\/wp-content\/uploads\/2019\/11\/PMJ_NovembroAzulPilarII-02.jpg?resize=250%2C188&amp;ssl=1 250w\" sizes=\"(max-width: 443px) 100vw, 443px\" \/><\/figure><\/div>\n\n\n\n<p>Foram distribu\u00eddos preservativos e material informativo. Aconteceu atividade f\u00edsica com o educador f\u00edsico do Nasf, passaram com consulta, realizaram procedimentos, como aferi\u00e7\u00e3o de press\u00e3o, teste de glicemia, testes r\u00e1pidos e exames de laborat\u00f3rio para o exame de PSA.<\/p>\n\n\n\n<p class=\"has-medium-font-size\"><strong>Cronograma de a\u00e7\u00f5es do novembro azul:<\/strong><\/p>\n\n\n\n<p>26\/11 &#8211; USF Josefa Maria \u2013 Distrito de Gameleira<br>27\/11 &#8211; USF do Flamengo \u2013 Distrito de Flamengo<br>28\/11 \u2013 PSF Pilar I \u2013 Distrito de Pilar<br>29\/11 &#8211; USF Odilon Gon\u00e7alves \u2013 Sede<\/p>\n\n\n\n<div class=\"wp-block-image\"><figure class=\"aligncenter is-resized\"><img decoding=\"async\" src=\"https:\/\/i1.wp.com\/blogdoeloiltoncajuhy.com.br\/site\/wp-content\/uploads\/2019\/11\/PMJ_NovembroAzulPilarII-03.jpg?fit=590%2C443\" alt=\"\" class=\"wp-image-39053\" width=\"443\" height=\"332\" srcset=\"https:\/\/i0.wp.com\/blogdoeloiltoncajuhy.com.br\/site\/wp-content\/uploads\/2019\/11\/PMJ_NovembroAzulPilarII-03.jpg?w=1280&amp;ssl=1 1280w, https:\/\/i0.wp.com\/blogdoeloiltoncajuhy.com.br\/site\/wp-content\/uploads\/2019\/11\/PMJ_NovembroAzulPilarII-03.jpg?resize=300%2C225&amp;ssl=1 300w, https:\/\/i0.wp.com\/blogdoeloiltoncajuhy.com.br\/site\/wp-content\/uploads\/2019\/11\/PMJ_NovembroAzulPilarII-03.jpg?resize=768%2C576&amp;ssl=1 768w, https:\/\/i0.wp.com\/blogdoeloiltoncajuhy.com.br\/site\/wp-content\/uploads\/2019\/11\/PMJ_NovembroAzulPilarII-03.jpg?resize=1024%2C768&amp;ssl=1 1024w, https:\/\/i0.wp.com\/blogdoeloiltoncajuhy.com.br\/site\/wp-content\/uploads\/2019\/11\/PMJ_NovembroAzulPilarII-03.jpg?resize=250%2C188&amp;ssl=1 250w\" sizes=\"(max-width: 443px) 100vw, 443px\" \/><\/figure><\/div>\n","protected":false},"excerpt":{"rendered":"<p>ASCOM &#8211; Prefeitura de Jaguarari-BA Na ultima quinta-feira (21), a Prefeitura de Jaguarari atrav\u00e9s da Secretaria de Sa\u00fade, levou diversas a\u00e7\u00f5es preventivas no combate ao C\u00e2ncer de Pr\u00f3stata, tendo como foco o cuidado com a sa\u00fade do homem. Durante a a\u00e7\u00e3o, realizada no PSF Pilar II, os homens que buscaram atendimento na unidade de sa\u00fade [&hellip;]<\/p>\n","protected":false},"author":2,"featured_media":39053,"comment_status":"open","ping_status":"open","sticky":false,"template":"","format":"standard","meta":{"_acf_changed":false,"_monsterinsights_skip_tracking":false,"_monsterinsights_sitenote_active":false,"_monsterinsights_sitenote_note":"","_monsterinsights_sitenote_category":0,"_jetpack_memberships_contains_paid_content":false,"footnotes":"","jetpack_publicize_message":"","jetpack_publicize_feature_enabled":true,"jetpack_social_post_already_shared":true,"jetpack_social_options":{"image_generator_settings":{"template":"highway","default_image_id":0,"font":"","enabled":false},"version":2}},"categories":[1,11,7],"tags":[],"class_list":["post-39050","post","type-post","status-publish","format-standard","has-post-thumbnail","hentry","category-noticias","category-regional","category-saude"],"acf":[],"jetpack_publicize_connections":[],"jetpack_featured_media_url":"https:\/\/i0.wp.com\/blogdoeloiltoncajuhy.com.br\/site\/wp-content\/uploads\/2019\/11\/PMJ_NovembroAzulPilarII-03.jpg?fit=1280%2C960&ssl=1","jetpack_sharing_enabled":true,"publishpress_future_workflow_manual_trigger":{"enabledWorkflows":[]},"_links":{"self":[{"href":"https:\/\/blogdoeloiltoncajuhy.com.br\/site\/wp-json\/wp\/v2\/posts\/39050","targetHints":{"allow":["GET"]}}],"collection":[{"href":"https:\/\/blogdoeloiltoncajuhy.com.br\/site\/wp-json\/wp\/v2\/posts"}],"about":[{"href":"https:\/\/blogdoeloiltoncajuhy.com.br\/site\/wp-json\/wp\/v2\/types\/post"}],"author":[{"embeddable":true,"href":"https:\/\/blogdoeloiltoncajuhy.com.br\/site\/wp-json\/wp\/v2\/users\/2"}],"replies":[{"embeddable":true,"href":"https:\/\/blogdoeloiltoncajuhy.com.br\/site\/wp-json\/wp\/v2\/comments?post=39050"}],"version-history":[{"count":1,"href":"https:\/\/blogdoeloiltoncajuhy.com.br\/site\/wp-json\/wp\/v2\/posts\/39050\/revisions"}],"predecessor-version":[{"id":39054,"href":"https:\/\/blogdoeloiltoncajuhy.com.br\/site\/wp-json\/wp\/v2\/posts\/39050\/revisions\/39054"}],"wp:featuredmedia":[{"embeddable":true,"href":"https:\/\/blogdoeloiltoncajuhy.com.br\/site\/wp-json\/wp\/v2\/media\/39053"}],"wp:attachment":[{"href":"https:\/\/blogdoeloiltoncajuhy.com.br\/site\/wp-json\/wp\/v2\/media?parent=39050"}],"wp:term":[{"taxonomy":"category","embeddable":true,"href":"https:\/\/blogdoeloiltoncajuhy.com.br\/site\/wp-json\/wp\/v2\/categories?post=39050"},{"taxonomy":"post_tag","embeddable":true,"href":"https:\/\/blogdoeloiltoncajuhy.com.br\/site\/wp-json\/wp\/v2\/tags?post=39050"}],"curies":[{"name":"wp","href":"https:\/\/api.w.org\/{rel}","templated":true}]}}