{"id":39041,"date":"2019-11-24T12:03:29","date_gmt":"2019-11-24T15:03:29","guid":{"rendered":"http:\/\/blogdoeloiltoncajuhy.com.br\/site\/?p=39041"},"modified":"2019-11-24T12:03:35","modified_gmt":"2019-11-24T15:03:35","slug":"concursos-11-orgaos-abrem-inscricoes-nesta-segunda-feira-25","status":"publish","type":"post","link":"https:\/\/blogdoeloiltoncajuhy.com.br\/site\/concursos-11-orgaos-abrem-inscricoes-nesta-segunda-feira-25\/","title":{"rendered":"Concursos: 11 \u00f3rg\u00e3os abrem inscri\u00e7\u00f5es nesta segunda-feira (25)"},"content":{"rendered":"\n<h5 class=\"wp-block-heading\" style=\"text-align:center\"><em>H\u00e1 oportunidades para todos os n\u00edveis de escolaridade<\/em><\/h5>\n\n\n\n<p><strong>Por G1<\/strong><\/p>\n\n\n\n<div class=\"wp-block-image\"><figure class=\"aligncenter\"><img data-recalc-dims=\"1\" fetchpriority=\"high\" decoding=\"async\" width=\"600\" height=\"339\" src=\"https:\/\/i0.wp.com\/blogdoeloiltoncajuhy.com.br\/site\/wp-content\/uploads\/2017\/08\/concursos-abertos-e1502031896813.png?resize=600%2C339\" alt=\"\" class=\"wp-image-19311\"\/><\/figure><\/div>\n\n\n\n<p>Pelo menos 11 \u00f3rg\u00e3os abrem inscri\u00e7\u00f5es nesta segunda-feira (25) para preencher mais de 450 vagas em concursos p\u00fablicos. H\u00e1 oportunidades para todos os n\u00edveis de escolaridade.<\/p>\n\n\n\n<p>O maior concurso \u00e9 o da prefeitura de Potim, em S\u00e3o Paulo. Ser\u00e3o oferecidas 127 vagas.<\/p>\n\n\n\n<ul class=\"wp-block-list\"><li><a rel=\"noreferrer noopener\" href=\"https:\/\/especiais.g1.globo.com\/economia\/concursos-e-emprego\/lista-de-concursos-publicos-e-vagas-de-emprego\/\" target=\"_blank\"><strong><em>Veja a lista completa de concursos<\/em><\/strong><\/a><\/li><\/ul>\n\n\n\n<h2 class=\"wp-block-heading\"><strong>Veja detalhes dos concursos que abrem as inscri\u00e7\u00f5es nesta segunda:<\/strong><\/h2>\n\n\n\n<p><strong>Prefeitura de Potim (SP)<\/strong><\/p>\n\n\n\n<ul class=\"wp-block-list\"><li>Inscri\u00e7\u00f5es: at\u00e9 11\/12\/2019<\/li><li>127 vagas<\/li><li>Sal\u00e1rios de at\u00e9 R$ 6.379,71<\/li><li>Cargos de n\u00edvel fundamental, m\u00e9dio e superior<\/li><li><a href=\"http:\/\/www.reisauditores.com.br\/\" target=\"_blank\" rel=\"noreferrer noopener\">Veja o edital<\/a><\/li><\/ul>\n\n\n\n<p><strong>Universidade Federal de Uberl\u00e2ndia (UFU)<\/strong><\/p>\n\n\n\n<ul class=\"wp-block-list\"><li>Inscri\u00e7\u00f5es: at\u00e9 12\/12\/2019<\/li><li>10 vagas<\/li><li>Sal\u00e1rios de at\u00e9 R$ 4.180,66<\/li><li>Cargos de n\u00edvel m\u00e9dio, t\u00e9cnico e superior<\/li><li><a rel=\"noreferrer noopener\" href=\"https:\/\/www.portalselecao.ufu.br\/servicos\/\" target=\"_blank\">Veja o edital<\/a><\/li><\/ul>\n\n\n\n<p><strong>Prefeitura e C\u00e2mara de Cachoeira de Minas (MG)<\/strong><\/p>\n\n\n\n<ul class=\"wp-block-list\"><li>Inscri\u00e7\u00f5es: at\u00e9 24\/12\/2019<\/li><li>110 vagas<\/li><li>Sal\u00e1rios de at\u00e9 R$ 3.397,65<\/li><li>Cargos de n\u00edvel fundamental, m\u00e9dio e superior<\/li><li><a href=\"https:\/\/www.cachoeirademinas.mg.gov.br\/concursos-publicos-e-processos-seletivos\" target=\"_blank\" rel=\"noreferrer noopener\">Veja o edital<\/a><\/li><\/ul>\n\n\n\n<p><strong>Conselho Regional de Qu\u00edmica &#8211; 3\u00aa Regi\u00e3o (RJ)<\/strong><\/p>\n\n\n\n<ul class=\"wp-block-list\"><li>Inscri\u00e7\u00f5es: at\u00e9 23\/01\/2020<\/li><li>15 vagas<\/li><li>Sal\u00e1rios de at\u00e9 R$ 3.683,15<\/li><li>Cargos de n\u00edvel m\u00e9dio, t\u00e9cnico e superior<\/li><li><a href=\"http:\/\/www.institutoconsulplan.org.br\/Index.aspx\" target=\"_blank\" rel=\"noreferrer noopener\">Veja o edital<\/a><\/li><\/ul>\n\n\n\n<p><strong>Secretaria da Casa Civil do Estado da Bahia (BA)<\/strong><\/p>\n\n\n\n<ul class=\"wp-block-list\"><li>Inscri\u00e7\u00f5es: at\u00e9 29\/11\/2019<\/li><li>10 vagas<\/li><li>Sal\u00e1rios de at\u00e9 R$ 1.962,57<\/li><li>Cargos de n\u00edvel m\u00e9dio<\/li><li><a href=\"http:\/\/www.selecao.ba.gov.br\/\" target=\"_blank\" rel=\"noreferrer noopener\">Veja o edital<\/a><\/li><\/ul>\n\n\n\n<p><strong>Prefeitura de Sud Mennucci (SP)<\/strong><\/p>\n\n\n\n<ul class=\"wp-block-list\"><li>Inscri\u00e7\u00f5es: at\u00e9 10\/12\/2019<\/li><li>23 vagas<\/li><li>Sal\u00e1rios de at\u00e9 R$ 3.418,83<\/li><li>Cargos de n\u00edvel fundamental, m\u00e9dio e superior<\/li><li><a href=\"http:\/\/www.conscamweb.com.br\/\" target=\"_blank\" rel=\"noreferrer noopener\">Veja o edital<\/a><\/li><\/ul>\n\n\n\n<p><strong>Departamento de \u00c1gua e Esgoto de Bauru (SP)<\/strong><\/p>\n\n\n\n<ul class=\"wp-block-list\"><li>Inscri\u00e7\u00f5es: at\u00e9 20\/12\/2019<\/li><li>5 vagas<\/li><li>Sal\u00e1rios de at\u00e9 R$ 3.681,02<\/li><li>Cargos de n\u00edvel fundamental, m\u00e9dio e superior<\/li><li><a href=\"http:\/\/www.daebauru.sp.gov.br\/2014\/empresa\/concurso.php\" target=\"_blank\" rel=\"noreferrer noopener\">Veja o edital<\/a><\/li><\/ul>\n\n\n\n<p><strong>C\u00e2mara Municipal de Santa Luzia (PB)<\/strong><\/p>\n\n\n\n<ul class=\"wp-block-list\"><li>Inscri\u00e7\u00f5es: at\u00e9 04\/12\/2019<\/li><li>3 vagas<\/li><li>Sal\u00e1rios de at\u00e9 R$ 1.222,76<\/li><li>Cargos de n\u00edvel fundamental e m\u00e9dio<\/li><li><a href=\"https:\/\/cpcon.uepb.edu.br\/concursos\/2019_CM_Santa_Luzia\/cm_santa_luzia.htm\" target=\"_blank\" rel=\"noreferrer noopener\">Veja o edital<\/a><\/li><\/ul>\n\n\n\n<p><strong>C\u00e2mara Municipal de Queluzito (MG)<\/strong><\/p>\n\n\n\n<ul class=\"wp-block-list\"><li>Inscri\u00e7\u00f5es: at\u00e9 25\/12\/2019<\/li><li>1 vaga<\/li><li>Sal\u00e1rios de at\u00e9 R$ 1.301,34<\/li><li>Cargos de n\u00edvel m\u00e9dio<\/li><li><a href=\"https:\/\/concurso.fundacaocefetminas.org.br\/site\/processo_seletivo_detalhes.aspx?id=F8C42ED4F6212569\" target=\"_blank\" rel=\"noreferrer noopener\">Veja o edital<\/a><\/li><\/ul>\n\n\n\n<p><strong>Prefeitura Municipal de Imperatriz (MA)<\/strong><\/p>\n\n\n\n<ul class=\"wp-block-list\"><li>Inscri\u00e7\u00f5es: at\u00e9 10\/12\/2019<\/li><li>114 vagas<\/li><li>Sal\u00e1rios de at\u00e9 R$ 6.000,00<\/li><li>Cargos de n\u00edvel m\u00e9dio e superior<\/li><li><a rel=\"noreferrer noopener\" href=\"https:\/\/www.fsadu.org.br\/c\/1283\/publicacoes.php\" target=\"_blank\">Veja o edital<\/a><\/li><\/ul>\n\n\n\n<p><strong>Prefeitura Municipal de Castelo (ES)<\/strong><\/p>\n\n\n\n<ul class=\"wp-block-list\"><li>Inscri\u00e7\u00f5es: at\u00e9 29\/11\/2019<\/li><li>34 vagas<\/li><li>Sal\u00e1rios de at\u00e9 R$ 1.766,52<\/li><li>Cargos de n\u00edvel m\u00e9dio e superior<\/li><li><a href=\"http:\/\/www.castelo.es.gov.br\/site\/conteudo.asp?codigo=8302\" target=\"_blank\" rel=\"noreferrer noopener\">Veja o edital<\/a><\/li><\/ul>\n","protected":false},"excerpt":{"rendered":"<p>H\u00e1 oportunidades para todos os n\u00edveis de escolaridade Por G1 Pelo menos 11 \u00f3rg\u00e3os abrem inscri\u00e7\u00f5es nesta segunda-feira (25) para preencher mais de 450 vagas em concursos p\u00fablicos. H\u00e1 oportunidades para todos os n\u00edveis de escolaridade. O maior concurso \u00e9 o da prefeitura de Potim, em S\u00e3o Paulo. Ser\u00e3o oferecidas 127 vagas. Veja a lista [&hellip;]<\/p>\n","protected":false},"author":2,"featured_media":0,"comment_status":"open","ping_status":"open","sticky":false,"template":"","format":"standard","meta":{"_acf_changed":false,"_monsterinsights_skip_tracking":false,"_monsterinsights_sitenote_active":false,"_monsterinsights_sitenote_note":"","_monsterinsights_sitenote_category":0,"_jetpack_memberships_contains_paid_content":false,"footnotes":"","jetpack_publicize_message":"","jetpack_publicize_feature_enabled":true,"jetpack_social_post_already_shared":true,"jetpack_social_options":{"image_generator_settings":{"template":"highway","default_image_id":0,"font":"","enabled":false},"version":2}},"categories":[5,1],"tags":[],"class_list":["post-39041","post","type-post","status-publish","format-standard","hentry","category-cotidiano","category-noticias"],"acf":[],"jetpack_publicize_connections":[],"jetpack_featured_media_url":"","jetpack_sharing_enabled":true,"publishpress_future_workflow_manual_trigger":{"enabledWorkflows":[]},"_links":{"self":[{"href":"https:\/\/blogdoeloiltoncajuhy.com.br\/site\/wp-json\/wp\/v2\/posts\/39041","targetHints":{"allow":["GET"]}}],"collection":[{"href":"https:\/\/blogdoeloiltoncajuhy.com.br\/site\/wp-json\/wp\/v2\/posts"}],"about":[{"href":"https:\/\/blogdoeloiltoncajuhy.com.br\/site\/wp-json\/wp\/v2\/types\/post"}],"author":[{"embeddable":true,"href":"https:\/\/blogdoeloiltoncajuhy.com.br\/site\/wp-json\/wp\/v2\/users\/2"}],"replies":[{"embeddable":true,"href":"https:\/\/blogdoeloiltoncajuhy.com.br\/site\/wp-json\/wp\/v2\/comments?post=39041"}],"version-history":[{"count":1,"href":"https:\/\/blogdoeloiltoncajuhy.com.br\/site\/wp-json\/wp\/v2\/posts\/39041\/revisions"}],"predecessor-version":[{"id":39042,"href":"https:\/\/blogdoeloiltoncajuhy.com.br\/site\/wp-json\/wp\/v2\/posts\/39041\/revisions\/39042"}],"wp:attachment":[{"href":"https:\/\/blogdoeloiltoncajuhy.com.br\/site\/wp-json\/wp\/v2\/media?parent=39041"}],"wp:term":[{"taxonomy":"category","embeddable":true,"href":"https:\/\/blogdoeloiltoncajuhy.com.br\/site\/wp-json\/wp\/v2\/categories?post=39041"},{"taxonomy":"post_tag","embeddable":true,"href":"https:\/\/blogdoeloiltoncajuhy.com.br\/site\/wp-json\/wp\/v2\/tags?post=39041"}],"curies":[{"name":"wp","href":"https:\/\/api.w.org\/{rel}","templated":true}]}}