{"id":39038,"date":"2019-11-24T11:49:09","date_gmt":"2019-11-24T14:49:09","guid":{"rendered":"http:\/\/blogdoeloiltoncajuhy.com.br\/site\/?p=39038"},"modified":"2019-11-24T11:49:14","modified_gmt":"2019-11-24T14:49:14","slug":"jaguarari-distrito-de-flamengo-recebera-diversos-servicos-durante-o-produz-acao-solidaria","status":"publish","type":"post","link":"https:\/\/blogdoeloiltoncajuhy.com.br\/site\/jaguarari-distrito-de-flamengo-recebera-diversos-servicos-durante-o-produz-acao-solidaria\/","title":{"rendered":"Jaguarari: Distrito de Flamengo receber\u00e1 diversos servi\u00e7os durante o Produz A\u00e7\u00e3o Solid\u00e1ria"},"content":{"rendered":"\n<p><strong>ASCOM \u2013 Prefeitura de Jaguarari-BA<\/strong><\/p>\n\n\n\n<div class=\"wp-block-image\"><figure class=\"aligncenter is-resized\"><img fetchpriority=\"high\" decoding=\"async\" src=\"https:\/\/i1.wp.com\/blogdoeloiltoncajuhy.com.br\/site\/wp-content\/uploads\/2019\/11\/PMJ_AcaoSolidariaFlamengo.jpg?fit=590%2C446\" alt=\"\" class=\"wp-image-39039\" width=\"443\" height=\"335\" srcset=\"https:\/\/i0.wp.com\/blogdoeloiltoncajuhy.com.br\/site\/wp-content\/uploads\/2019\/11\/PMJ_AcaoSolidariaFlamengo.jpg?w=1280&amp;ssl=1 1280w, https:\/\/i0.wp.com\/blogdoeloiltoncajuhy.com.br\/site\/wp-content\/uploads\/2019\/11\/PMJ_AcaoSolidariaFlamengo.jpg?resize=300%2C227&amp;ssl=1 300w, https:\/\/i0.wp.com\/blogdoeloiltoncajuhy.com.br\/site\/wp-content\/uploads\/2019\/11\/PMJ_AcaoSolidariaFlamengo.jpg?resize=768%2C581&amp;ssl=1 768w, https:\/\/i0.wp.com\/blogdoeloiltoncajuhy.com.br\/site\/wp-content\/uploads\/2019\/11\/PMJ_AcaoSolidariaFlamengo.jpg?resize=1024%2C774&amp;ssl=1 1024w, https:\/\/i0.wp.com\/blogdoeloiltoncajuhy.com.br\/site\/wp-content\/uploads\/2019\/11\/PMJ_AcaoSolidariaFlamengo.jpg?resize=250%2C189&amp;ssl=1 250w\" sizes=\"(max-width: 443px) 100vw, 443px\" \/><\/figure><\/div>\n\n\n\n<p>Com o intuito de conscientizar os jovens da necessidade do cuidado com o outro e de que eles s\u00e3o a for\u00e7a capaz de humanizar o mundo, a Prefeitura de Jaguarari, atrav\u00e9s das secretarias de Educa\u00e7\u00e3o e Sa\u00fade, em parceria com a Escola Municipal de Produ\u00e7\u00e3o de Flamengo, estar\u00e1 realizando nos dias 26\/11 a partir das 9h e 27\/11 a partir das 8h, a a\u00e7\u00e3o Produz A\u00e7\u00e3o Solid\u00e1ria, que consistir\u00e1 na presta\u00e7\u00e3o de diversos servi\u00e7os a comunidade.<\/p>\n\n\n\n<p>Esta a\u00e7\u00e3o acontecer\u00e1 na sede da Escola Municipal de Produ\u00e7\u00e3o de Flamengo. Entre os servi\u00e7os que ser\u00e3o oferecidos, est\u00e3o atendimento psicol\u00f3gico, massagem terap\u00eautica, palestra sobre sa\u00fade bucal, orienta\u00e7\u00e3o sexual, cadastro e atualiza\u00e7\u00e3o do Programa Bolsa Fam\u00edlia, a\u00e7\u00f5es da Secretaria de Agricultura (opera\u00e7\u00e3o carro pipa), a\u00e7\u00f5es do PSF local, oficinas de artesanato natalino, corte e costura, culin\u00e1ria, servi\u00e7os de corte de cabelo, maquiagem, depila\u00e7\u00e3o, penteados, escova, prancha, exposi\u00e7\u00e3o de artes, barraca com ervas medicinais e desfile da consci\u00eancia negra.<\/p>\n","protected":false},"excerpt":{"rendered":"<p>ASCOM \u2013 Prefeitura de Jaguarari-BA Com o intuito de conscientizar os jovens da necessidade do cuidado com o outro e de que eles s\u00e3o a for\u00e7a capaz de humanizar o mundo, a Prefeitura de Jaguarari, atrav\u00e9s das secretarias de Educa\u00e7\u00e3o e Sa\u00fade, em parceria com a Escola Municipal de Produ\u00e7\u00e3o de Flamengo, estar\u00e1 realizando nos [&hellip;]<\/p>\n","protected":false},"author":2,"featured_media":39039,"comment_status":"open","ping_status":"open","sticky":false,"template":"","format":"standard","meta":{"_acf_changed":false,"_monsterinsights_skip_tracking":false,"_monsterinsights_sitenote_active":false,"_monsterinsights_sitenote_note":"","_monsterinsights_sitenote_category":0,"_jetpack_memberships_contains_paid_content":false,"footnotes":"","jetpack_publicize_message":"","jetpack_publicize_feature_enabled":true,"jetpack_social_post_already_shared":true,"jetpack_social_options":{"image_generator_settings":{"template":"highway","default_image_id":0,"font":"","enabled":false},"version":2}},"categories":[1,11],"tags":[],"class_list":["post-39038","post","type-post","status-publish","format-standard","has-post-thumbnail","hentry","category-noticias","category-regional"],"acf":[],"jetpack_publicize_connections":[],"jetpack_featured_media_url":"https:\/\/i0.wp.com\/blogdoeloiltoncajuhy.com.br\/site\/wp-content\/uploads\/2019\/11\/PMJ_AcaoSolidariaFlamengo.jpg?fit=1280%2C968&ssl=1","jetpack_sharing_enabled":true,"publishpress_future_workflow_manual_trigger":{"enabledWorkflows":[]},"_links":{"self":[{"href":"https:\/\/blogdoeloiltoncajuhy.com.br\/site\/wp-json\/wp\/v2\/posts\/39038","targetHints":{"allow":["GET"]}}],"collection":[{"href":"https:\/\/blogdoeloiltoncajuhy.com.br\/site\/wp-json\/wp\/v2\/posts"}],"about":[{"href":"https:\/\/blogdoeloiltoncajuhy.com.br\/site\/wp-json\/wp\/v2\/types\/post"}],"author":[{"embeddable":true,"href":"https:\/\/blogdoeloiltoncajuhy.com.br\/site\/wp-json\/wp\/v2\/users\/2"}],"replies":[{"embeddable":true,"href":"https:\/\/blogdoeloiltoncajuhy.com.br\/site\/wp-json\/wp\/v2\/comments?post=39038"}],"version-history":[{"count":1,"href":"https:\/\/blogdoeloiltoncajuhy.com.br\/site\/wp-json\/wp\/v2\/posts\/39038\/revisions"}],"predecessor-version":[{"id":39040,"href":"https:\/\/blogdoeloiltoncajuhy.com.br\/site\/wp-json\/wp\/v2\/posts\/39038\/revisions\/39040"}],"wp:featuredmedia":[{"embeddable":true,"href":"https:\/\/blogdoeloiltoncajuhy.com.br\/site\/wp-json\/wp\/v2\/media\/39039"}],"wp:attachment":[{"href":"https:\/\/blogdoeloiltoncajuhy.com.br\/site\/wp-json\/wp\/v2\/media?parent=39038"}],"wp:term":[{"taxonomy":"category","embeddable":true,"href":"https:\/\/blogdoeloiltoncajuhy.com.br\/site\/wp-json\/wp\/v2\/categories?post=39038"},{"taxonomy":"post_tag","embeddable":true,"href":"https:\/\/blogdoeloiltoncajuhy.com.br\/site\/wp-json\/wp\/v2\/tags?post=39038"}],"curies":[{"name":"wp","href":"https:\/\/api.w.org\/{rel}","templated":true}]}}